{"id":796328,"date":"2025-03-30T20:37:41","date_gmt":"2025-03-30T16:37:41","guid":{"rendered":"https:\/\/arantv.az\/?p=796328"},"modified":"2025-03-30T20:37:41","modified_gmt":"2025-03-30T16:37:41","slug":"az%c9%99rbaycan-ordusunda-ramazan-bayrami-qeyd-edilib","status":"publish","type":"post","link":"https:\/\/arantv.az\/?p=796328","title":{"rendered":"Az\u0259rbaycan Ordusunda Ramazan bayram\u0131 qeyd edilib"},"content":{"rendered":"<div class=\"content lead font-weight-normal\">\n<p>M\u00fcdafi\u0259 naziri general-polkovnik Zakir H\u0259s\u0259novun t\u0259sdiq etdiyi plana \u0259sas\u0259n, Az\u0259rbaycan Ordusunun qo\u015fun n\u00f6vl\u0259ri, \u018flahidd\u0259 \u00dcmumqo\u015fun Ordu, h\u0259rbi birlik v\u0259 birl\u0259\u015fm\u0259, el\u0259c\u0259 d\u0259 x\u00fcsusi t\u0259yinatl\u0131 t\u0259hsil m\u00fc\u0259ssis\u0259l\u0259rind\u0259 Ramazan bayram\u0131 m\u00fcnasib\u0259ti il\u0259 silsil\u0259 t\u0259dbirl\u0259r ke\u00e7irilib.<\/p>\n<p><strong>ARANTV.AZ\u00a0 x\u0259b\u0259r verir ki, <\/strong>bu bar\u0259d\u0259 M\u00fcdafi\u0259 Nazirliyi m\u0259lumat yay\u0131b.<\/p>\n<p>Bayram t\u0259dbirl\u0259rind\u0259 Az\u0259rbaycan xalq\u0131n\u0131n \u00dcmummilli Lideri Heyd\u0259r \u018fliyevin v\u0259 V\u0259t\u0259nimizin azadl\u0131\u011f\u0131, suverenliyi, \u0259razi b\u00fct\u00f6vl\u00fcy\u00fc u\u011frunda can\u0131n\u0131 f\u0259da etmi\u015f \u015f\u0259hidl\u0259rimizin \u0259ziz xatir\u0259si bir d\u0259qiq\u0259lik s\u00fckutla yad edilib, h\u0259rbi orkestrl\u0259rin m\u00fc\u015fayi\u0259ti il\u0259 D\u00f6vl\u0259t Himni ifa olunub.<\/p>\n<p>T\u0259dbirl\u0259rd\u0259 \u00e7\u0131x\u0131\u015f ed\u0259nl\u0259r Az\u0259rbaycan Respublikas\u0131n\u0131n m\u00fcdafi\u0259 nazirinin Ramazan bayram\u0131 m\u00fcnasib\u0259til\u0259 t\u0259brikini \u015f\u0259xsi hey\u0259t\u0259 \u00e7atd\u0131r\u0131b. Xalq\u0131m\u0131z\u0131n taleyinin \u0259n \u00e7\u0259tin d\u00f6n\u0259ml\u0259rind\u0259 bel\u0259 \u00f6z tarixi k\u00f6kl\u0259rini, milli-m\u0259d\u0259ni d\u0259y\u0259rl\u0259rini, ad\u0259t-\u0259n\u0259n\u0259l\u0259rini qoruyub saxlamas\u0131ndan, d\u00fcnya m\u00fcs\u0259lmanlar\u0131n\u0131n m\u0259n\u0259vi birlik, h\u0259mr\u0259ylik, b\u0259rab\u0259rlik r\u0259mzi olan Ramazan bayram\u0131n\u0131n \u00f6lk\u0259mizin b\u00fct\u00fcn suveren \u0259razisind\u0259 t\u0259nt\u0259n\u0259 il\u0259 qeyd olunmas\u0131ndan dan\u0131\u015f\u0131blar.<\/p>\n<p>Bayram t\u0259dbirl\u0259rind\u0259 t\u0259qdim olunan konsert proqramlar\u0131 \u015f\u0259xsi hey\u0259t t\u0259r\u0259find\u0259n b\u00f6y\u00fck maraqla qar\u015f\u0131lan\u0131b. H\u0259rbi xidm\u0259td\u0259 f\u0259rql\u0259n\u0259n bir qrup h\u0259rbi qulluq\u00e7u t\u0259ltif edilib.<\/p>\n<p>Silsil\u0259 t\u0259dbirl\u0259r \u00e7\u0259r\u00e7iv\u0259sind\u0259 \u015f\u0259xsi hey\u0259t t\u0259r\u0259find\u0259n \u015f\u0259hidl\u0259rimizin m\u0259zarlar\u0131 ziyar\u0259t olunub, h\u0259rbi qulluq\u00e7ular \u015f\u0259hid v\u0259 yaral\u0131lar\u0131n ail\u0259l\u0259rin\u0259 ba\u015f \u00e7\u0259k\u0259r\u0259k onlar\u0131n qay\u011f\u0131lar\u0131 il\u0259 maraqlan\u0131b, bayram sovqatlar\u0131 t\u0259qdim edibl\u0259r.<\/p>\n<div class=\"clearfix\"><\/div>\n<\/div>\n<div class=\"fotorama--hidden\"><\/div>\n<div id=\"galleryList\" class=\"fotorama fotorama1743352605321\" data-nav=\"thumbs\" data-width=\"100%\" data-thumbwidth=\"90\" data-thumbheight=\"60\" data-allowfullscreen=\"true\" data-autoplay=\"3000\" data-ratio=\"1.5\" data-keyboard=\"true\" data-fit=\"contain\">\n<div class=\"fotorama__wrap fotorama__wrap--css3 fotorama__wrap--slide fotorama__wrap--toggle-arrows fotorama__wrap--no-controls\">\n<div class=\"fotorama__stage fotorama__pointer\">\n<div class=\"fotorama__fullscreen-icon\" tabindex=\"0\" role=\"button\"><\/div>\n<div class=\"fotorama__stage__shaft\">\n<div class=\"fotorama__stage__frame fotorama__loaded fotorama__loaded--img\"><img class=\"fotorama__img\" src=\"https:\/\/ikisahil.az\/photo\/0x0_2\/upload\/gallery\/2025\/03\/30\/-662a2e96174334421235952374710642191.jpg\" \/><\/div>\n<div class=\"fotorama__stage__frame fotorama__loaded fotorama__loaded--img fotorama__active\"><img class=\"fotorama__img\" src=\"https:\/\/ikisahil.az\/photo\/0x0_2\/upload\/gallery\/2025\/03\/30\/-f2b93ce0174334421336062222011092742.jpg\" \/><\/div>\n<div class=\"fotorama__stage__frame fotorama__loaded fotorama__loaded--img\"><img class=\"fotorama__img\" src=\"https:\/\/ikisahil.az\/photo\/0x0_2\/upload\/gallery\/2025\/03\/30\/-092cb13c174334421220228320010223029.jpg\" \/><\/div>\n<\/div>\n<div class=\"fotorama__arr fotorama__arr--prev\" tabindex=\"0\" role=\"button\"><\/div>\n<div class=\"fotorama__arr fotorama__arr--next\" tabindex=\"0\" role=\"button\"><\/div>\n<div class=\"fotorama__video-close\"><\/div>\n<\/div>\n<div class=\"fotorama__nav-wrap\">\n<div class=\"fotorama__nav fotorama__nav--thumbs fotorama__shadows--left fotorama__shadows--right\">\n<div class=\"fotorama__nav__shaft fotorama__grab\">\n<div class=\"fotorama__thumb-border\"><\/div>\n<div class=\"fotorama__nav__frame fotorama__nav__frame--thumb\" tabindex=\"0\" role=\"button\">\n<div class=\"fotorama__thumb fotorama__loaded fotorama__loaded--img\"><img class=\"fotorama__img\" src=\"https:\/\/ikisahil.az\/photo\/150x100_2\/upload\/gallery\/2025\/03\/30\/-22f7e83417433442126115775011018967.jpg\" \/><\/div>\n<\/div>\n<div class=\"fotorama__nav__frame fotorama__nav__frame--thumb\" tabindex=\"0\" role=\"button\">\n<div class=\"fotorama__thumb fotorama__loaded fotorama__loaded--img\"><img class=\"fotorama__img\" src=\"https:\/\/ikisahil.az\/photo\/150x100_2\/upload\/gallery\/2025\/03\/30\/-0b33f2e8174334421219189620110554800.jpg\" \/><\/div>\n<\/div>\n<div class=\"fotorama__nav__frame fotorama__nav__frame--thumb\" tabindex=\"0\" role=\"button\">\n<div class=\"fotorama__thumb fotorama__loaded fotorama__loaded--img\"><img class=\"fotorama__img\" src=\"https:\/\/ikisahil.az\/photo\/150x100_2\/upload\/gallery\/2025\/03\/30\/-c9f029a6174334421237613012410393560.jpg\" \/><\/div>\n<\/div>\n<div class=\"fotorama__nav__frame fotorama__nav__frame--thumb\" tabindex=\"0\" role=\"button\">\n<div class=\"fotorama__thumb fotorama__loaded fotorama__loaded--img\"><img class=\"fotorama__img\" src=\"https:\/\/ikisahil.az\/photo\/150x100_2\/upload\/gallery\/2025\/03\/30\/-662a2e96174334421235952374710642191.jpg\" \/><\/div>\n<\/div>\n<div class=\"fotorama__nav__frame fotorama__nav__frame--thumb fotorama__active\" tabindex=\"0\" role=\"button\">\n<div class=\"fotorama__thumb fotorama__loaded fotorama__loaded--img\"><img class=\"fotorama__img\" src=\"https:\/\/ikisahil.az\/photo\/150x100_2\/upload\/gallery\/2025\/03\/30\/-f2b93ce0174334421336062222011092742.jpg\" \/><\/div>\n<\/div>\n<div class=\"fotorama__nav__frame fotorama__nav__frame--thumb\" tabindex=\"0\" role=\"button\">\n<div class=\"fotorama__thumb fotorama__loaded fotorama__loaded--img\"><img class=\"fotorama__img\" src=\"https:\/\/ikisahil.az\/photo\/150x100_2\/upload\/gallery\/2025\/03\/30\/-092cb13c174334421220228320010223029.jpg\" \/><\/div>\n<\/div>\n<div class=\"fotorama__nav__frame fotorama__nav__frame--thumb\" tabindex=\"0\" role=\"button\">\n<div class=\"fotorama__thumb fotorama__loaded fotorama__loaded--img\"><img class=\"fotorama__img\" src=\"https:\/\/ikisahil.az\/photo\/150x100_2\/upload\/gallery\/2025\/03\/30\/-ab81265d174334421392513822510213701.jpg\" \/><\/div>\n<\/div>\n<div class=\"fotorama__nav__frame fotorama__nav__frame--thumb\" tabindex=\"0\" role=\"button\">\n<div class=\"fotorama__thumb fotorama__loaded fotorama__loaded--img\"><img class=\"fotorama__img\" src=\"https:\/\/ikisahil.az\/photo\/150x100_2\/upload\/gallery\/2025\/03\/30\/-f50a6c02174334421391482013410856359.jpg\" \/><\/div>\n<\/div>\n<div class=\"fotorama__nav__frame fotorama__nav__frame--thumb\" tabindex=\"0\" role=\"button\">\n<div class=\"fotorama__thumb\"><\/div>\n<\/div>\n<\/div>\n<\/div>\n<\/div>\n<\/div>\n<\/div>\n<div class=\"sharing my-2 row no-gutters d-print-none\">\n<div class=\"col-md-3\"><\/div>\n<\/div>\n<div class=\"d-none d-sm-block\"><\/div>\n","protected":false},"excerpt":{"rendered":"<p>M\u00fcdafi\u0259 naziri general-polkovnik Zakir H\u0259s\u0259novun t\u0259sdiq etdiyi plana \u0259sas\u0259n, Az\u0259rbaycan Ordusunun qo\u015fun n\u00f6vl\u0259ri, \u018flahidd\u0259 \u00dcmumqo\u015fun Ordu, h\u0259rbi birlik v\u0259 birl\u0259\u015fm\u0259, el\u0259c\u0259 d\u0259 x\u00fcsusi t\u0259yinatl\u0131 t\u0259hsil m\u00fc\u0259ssis\u0259l\u0259rind\u0259 Ramazan bayram\u0131 m\u00fcnasib\u0259ti il\u0259 silsil\u0259 t\u0259dbirl\u0259r ke\u00e7irilib. ARANTV.AZ\u00a0 x\u0259b\u0259r verir ki, bu bar\u0259d\u0259 M\u00fcdafi\u0259 Nazirliyi m\u0259lumat yay\u0131b. Bayram t\u0259dbirl\u0259rind\u0259 Az\u0259rbaycan xalq\u0131n\u0131n \u00dcmummilli Lideri Heyd\u0259r \u018fliyevin v\u0259 V\u0259t\u0259nimizin azadl\u0131\u011f\u0131, suverenliyi, \u0259razi b\u00fct\u00f6vl\u00fcy\u00fc u\u011frunda can\u0131n\u0131 f\u0259da etmi\u015f \u015f\u0259hidl\u0259rimizin \u0259ziz xatir\u0259si bir d\u0259qiq\u0259lik s\u00fckutla yad edilib, h\u0259rbi orkestrl\u0259rin m\u00fc\u015fayi\u0259ti il\u0259 D\u00f6vl\u0259t Himni ifa olunub. T\u0259dbirl\u0259rd\u0259 \u00e7\u0131x\u0131\u015f ed\u0259nl\u0259r Az\u0259rbaycan Respublikas\u0131n\u0131n m\u00fcdafi\u0259 nazirinin Ramazan bayram\u0131 m\u00fcnasib\u0259til\u0259 t\u0259brikini \u015f\u0259xsi hey\u0259t\u0259&hellip;<\/p>\n","protected":false},"author":2,"featured_media":796329,"comment_status":"closed","ping_status":"closed","sticky":false,"template":"","format":"standard","meta":{"om_disable_all_campaigns":false,"_monsterinsights_skip_tracking":false,"_monsterinsights_sitenote_active":false,"_monsterinsights_sitenote_note":"","_monsterinsights_sitenote_category":0},"categories":[10],"tags":[],"aioseo_notices":[],"gutentor_comment":0,"rttpg_featured_image_url":{"full":["https:\/\/arantv.az\/wp-content\/uploads\/2025\/03\/0da474fc174334419351428460510947655.jpg",975,540,false],"landscape":["https:\/\/arantv.az\/wp-content\/uploads\/2025\/03\/0da474fc174334419351428460510947655.jpg",975,540,false],"portraits":["https:\/\/arantv.az\/wp-content\/uploads\/2025\/03\/0da474fc174334419351428460510947655.jpg",975,540,false],"thumbnail":["https:\/\/arantv.az\/wp-content\/uploads\/2025\/03\/0da474fc174334419351428460510947655-500x280.jpg",500,280,true],"medium":["https:\/\/arantv.az\/wp-content\/uploads\/2025\/03\/0da474fc174334419351428460510947655-660x365.jpg",660,365,true],"large":["https:\/\/arantv.az\/wp-content\/uploads\/2025\/03\/0da474fc174334419351428460510947655-840x465.jpg",640,354,true],"1536x1536":["https:\/\/arantv.az\/wp-content\/uploads\/2025\/03\/0da474fc174334419351428460510947655.jpg",975,540,false],"2048x2048":["https:\/\/arantv.az\/wp-content\/uploads\/2025\/03\/0da474fc174334419351428460510947655.jpg",975,540,false],"post-thumbnail":["https:\/\/arantv.az\/wp-content\/uploads\/2025\/03\/0da474fc174334419351428460510947655-240x172.jpg",240,172,true],"advps-thumb-one":["https:\/\/arantv.az\/wp-content\/uploads\/2025\/03\/0da474fc174334419351428460510947655.jpg",975,540,false]},"rttpg_author":{"display_name":"V\u00fcsal Rafiqo\u011flu","author_link":"https:\/\/arantv.az\/?author=2"},"rttpg_comment":0,"rttpg_category":"<a href=\"https:\/\/arantv.az\/?cat=10\" rel=\"category\">C\u0259bh\u0259d\u0259n X\u0259b\u0259r<\/a>","rttpg_excerpt":"M\u00fcdafi\u0259 naziri general-polkovnik Zakir H\u0259s\u0259novun t\u0259sdiq etdiyi plana \u0259sas\u0259n, Az\u0259rbaycan Ordusunun qo\u015fun n\u00f6vl\u0259ri, \u018flahidd\u0259 \u00dcmumqo\u015fun Ordu, h\u0259rbi birlik v\u0259 birl\u0259\u015fm\u0259, el\u0259c\u0259 d\u0259 x\u00fcsusi t\u0259yinatl\u0131 t\u0259hsil m\u00fc\u0259ssis\u0259l\u0259rind\u0259 Ramazan bayram\u0131 m\u00fcnasib\u0259ti il\u0259 silsil\u0259 t\u0259dbirl\u0259r ke\u00e7irilib. ARANTV.AZ\u00a0 x\u0259b\u0259r verir ki, bu bar\u0259d\u0259 M\u00fcdafi\u0259 Nazirliyi m\u0259lumat yay\u0131b. Bayram t\u0259dbirl\u0259rind\u0259 Az\u0259rbaycan xalq\u0131n\u0131n \u00dcmummilli Lideri Heyd\u0259r \u018fliyevin v\u0259 V\u0259t\u0259nimizin azadl\u0131\u011f\u0131, suverenliyi,&hellip;","_links":{"self":[{"href":"https:\/\/arantv.az\/index.php?rest_route=\/wp\/v2\/posts\/796328"}],"collection":[{"href":"https:\/\/arantv.az\/index.php?rest_route=\/wp\/v2\/posts"}],"about":[{"href":"https:\/\/arantv.az\/index.php?rest_route=\/wp\/v2\/types\/post"}],"author":[{"embeddable":true,"href":"https:\/\/arantv.az\/index.php?rest_route=\/wp\/v2\/users\/2"}],"replies":[{"embeddable":true,"href":"https:\/\/arantv.az\/index.php?rest_route=%2Fwp%2Fv2%2Fcomments&post=796328"}],"version-history":[{"count":1,"href":"https:\/\/arantv.az\/index.php?rest_route=\/wp\/v2\/posts\/796328\/revisions"}],"predecessor-version":[{"id":796331,"href":"https:\/\/arantv.az\/index.php?rest_route=\/wp\/v2\/posts\/796328\/revisions\/796331"}],"wp:featuredmedia":[{"embeddable":true,"href":"https:\/\/arantv.az\/index.php?rest_route=\/wp\/v2\/media\/796329"}],"wp:attachment":[{"href":"https:\/\/arantv.az\/index.php?rest_route=%2Fwp%2Fv2%2Fmedia&parent=796328"}],"wp:term":[{"taxonomy":"category","embeddable":true,"href":"https:\/\/arantv.az\/index.php?rest_route=%2Fwp%2Fv2%2Fcategories&post=796328"},{"taxonomy":"post_tag","embeddable":true,"href":"https:\/\/arantv.az\/index.php?rest_route=%2Fwp%2Fv2%2Ftags&post=796328"}],"curies":[{"name":"wp","href":"https:\/\/api.w.org\/{rel}","templated":true}]}}