{"id":796340,"date":"2025-03-31T10:08:04","date_gmt":"2025-03-31T06:08:04","guid":{"rendered":"https:\/\/arantv.az\/?p=796340"},"modified":"2025-03-31T10:08:04","modified_gmt":"2025-03-31T06:08:04","slug":"xin-b%c9%99yanat-yaydi","status":"publish","type":"post","link":"https:\/\/arantv.az\/?p=796340","title":{"rendered":"X\u0130N B\u018fYANAT YAYDI"},"content":{"rendered":"<p><strong>Xarici \u0130\u015fl\u0259r Nazirliyi (X\u0130N) 31 Mart \u2013 Az\u0259rbaycanl\u0131lar\u0131n Soyq\u0131r\u0131m\u0131 G\u00fcn\u00fc il\u0259 ba\u011fl\u0131 b\u0259yanat yay\u0131b.<\/strong><\/p>\n<p>X\u0130N-d\u0259n\u00a0<strong>Musavat.com-a<\/strong>\u00a0veril\u0259n x\u0259b\u0259r\u0259 g\u00f6r\u0259, b\u0259yanatda bildirilib ki, bu g\u00fcn, radikal erm\u0259ni qrupla\u015fmalar\u0131 t\u0259r\u0259find\u0259n \u00f6t\u0259n \u0259srd\u0259 dinc az\u0259rbaycanl\u0131lara qar\u015f\u0131 t\u00f6r\u0259dilmi\u015f \u0259n b\u00f6y\u00fck soyq\u0131r\u0131mlardan biri olan, minl\u0259rl\u0259 h\u0259mv\u0259t\u0259nimizin etnik v\u0259 dini z\u0259mind\u0259 amans\u0131zl\u0131qla q\u0259tl\u0259 yetirildiyi 1918-ci il mart soyq\u0131r\u0131m\u0131ndan 107 il \u00f6t\u00fcr. 31 Mart \u2013 Az\u0259rbaycanl\u0131lar\u0131n Soyq\u0131r\u0131m\u0131 G\u00fcn\u00fcnd\u0259 faci\u0259vi hadis\u0259l\u0259rin g\u00fcnahs\u0131z qurbanlar\u0131n\u0131n xatir\u0259sini d\u0259rin h\u00f6rm\u0259t v\u0259 ehtiramla yad edilir:<\/p>\n<p>&#8220;Az\u0259rbaycanl\u0131lara qar\u015f\u0131 sistematik etnik t\u0259mizl\u0259m\u0259 v\u0259 soyq\u0131r\u0131m\u0131 siyas\u0259tinin t\u0259rkib hiss\u0259si olan bu q\u0131r\u011f\u0131nlar zaman\u0131 Qafqaz\u0131n F\u00f6vq\u0259lad\u0259 Komissar\u0131, milliyy\u0259tc\u0259 erm\u0259ni olan Stepan \u015eaumyan\u0131n \u00f6z\u00fcn\u00fcn d\u0259 etiraf etdiyi kimi Bak\u0131 Sovetinin 6000 v\u0259 \u201cDa\u015fnaksutyun\u201d partiyas\u0131n\u0131n 4000 silahl\u0131 \u0259sg\u0259ri t\u0259r\u0259find\u0259n planl\u0131 \u015f\u0259kild\u0259 \u201c\u0259ksinqilab\u00e7\u0131larla m\u00fcbariz\u0259\u201d ad\u0131 alt\u0131nda bir s\u0131ra, o c\u00fcml\u0259d\u0259n Bak\u0131, \u015eamax\u0131, Quba, Qaraba\u011f, Z\u0259ng\u0259zur, Nax\u00e7\u0131van, \u015eirvan, \u0130r\u0259van b\u00f6lg\u0259l\u0259rind\u0259 dinc az\u0259rbaycanl\u0131lar\u0131n x\u00fcsusi amans\u0131zl\u0131qla q\u0259tli h\u0259yata ke\u00e7irilib. K\u00fctl\u0259vi q\u0131r\u011f\u0131nlar n\u0259tic\u0259sind\u0259, t\u0259kc\u0259 Qubada x\u00fcsusi q\u0259ddarl\u0131qla 16.000-d\u0259n art\u0131q insan q\u0259tl\u0259 yetirilib, 167 k\u0259nd m\u0259hv edilib.<\/p>\n<p>On minl\u0259rl\u0259 h\u0259mv\u0259t\u0259nimizin q\u0259tl\u0259 yetirildiyi bu q\u0259tliam zaman\u0131 az\u0259rbaycanl\u0131lara aid olan m\u0259d\u0259ni, dini abid\u0259l\u0259r, m\u0259scid v\u0259 q\u0259bristanl\u0131qlara qar\u015f\u0131 t\u00f6r\u0259dil\u0259n v\u0259h\u015filikl\u0259r ba\u015f ver\u0259nl\u0259rin etnik nifr\u0259t v\u0259 d\u00f6z\u00fcms\u00fczl\u00fck cinay\u0259ti olmas\u0131n\u0131n s\u00fcbutudur&#8221;.<\/p>\n<p>X\u0130N-in b\u0259yanat\u0131nda qeyd edilib ki, Az\u0259rbaycan Xalq C\u00fcmhuriyy\u0259tinin \u0259sas\u0131n\u0131n qoyulmas\u0131ndan sonra hadis\u0259l\u0259rin t\u0259dqiqi, habel\u0259 d\u00fcnya ictimaiyy\u0259tin\u0259 \u00e7atd\u0131r\u0131lmas\u0131 m\u0259qs\u0259dil\u0259 x\u00fcsusi t\u0259sisatlar\u0131n yarad\u0131lmas\u0131na, 31 mart tarixinin \u00fcmummilli mat\u0259m g\u00fcn\u00fc kimi qeyd edilm\u0259sin\u0259 baxmayaraq, C\u00fcmhuriyy\u0259tin s\u00fcqutu bu cinay\u0259t\u0259 siyasi-h\u00fcquqi qiym\u0259tin verilm\u0259sin\u0259 mane olub:<\/p>\n<p>&#8220;M\u00fcst\u0259qilliyimizin b\u0259rpas\u0131ndan v\u0259 Ulu \u00d6nd\u0259r Heyd\u0259r \u018fliyevin \u00f6lk\u0259mizd\u0259 hakimiyy\u0259t\u0259 qay\u0131tmas\u0131ndan sonra 26 mart 1998-ci il tarixind\u0259 imzalanm\u0131\u015f \u201cAz\u0259rbaycanl\u0131lar\u0131n soyq\u0131r\u0131m\u0131 haqq\u0131nda\u201d F\u0259rmanla ba\u015f ver\u0259nl\u0259r\u0259 siyasi qiym\u0259t verilib.<\/p>\n<p>XX \u0259srin \u0259vv\u0259lind\u0259 t\u00f6r\u0259dil\u0259n q\u0131r\u011f\u0131nlar\u0131n \u0259sas\u0131nda duran etnik nifr\u0259t v\u0259 d\u00f6z\u00fcms\u00fczl\u00fck siyas\u0259ti \u0259srin sonunda az\u0259rbaycanl\u0131lar\u0131n indiki Erm\u0259nistan \u0259razil\u0259rind\u0259n k\u00fctl\u0259vi deportasiyas\u0131, m\u00fcnaqi\u015f\u0259 v\u0259 i\u015f\u011fal d\u00f6vr\u00fcnd\u0259 xalq\u0131m\u0131za qar\u015f\u0131 t\u00f6r\u0259dil\u0259n q\u0259tliamlar, Xocal\u0131 soyq\u0131r\u0131m\u0131 kimi insanl\u0131q \u0259leyhin\u0259 cinay\u0259tl\u0259r, habel\u0259 2020-ci ild\u0259 44 g\u00fcnl\u00fck V\u0259t\u0259n m\u00fcharib\u0259si zaman\u0131 dinc insanlara qar\u015f\u0131 m\u00fcharib\u0259 cinay\u0259tl\u0259ri il\u0259 davam etdirilib&#8221;.<\/p>\n<p>Nazirliyin b\u0259yanat\u0131nda deyilib ki, haz\u0131rk\u0131 postm\u00fcnaqi\u015f\u0259 d\u00f6vr\u00fcnd\u0259 b\u00f6lg\u0259nin tarixin\u0259 d\u00fc\u015f\u0259n bu qanl\u0131 s\u0259hif\u0259l\u0259rin bird\u0259f\u0259lik \u00e7evrilm\u0259si, dayan\u0131ql\u0131 v\u0259 d\u00f6nm\u0259z s\u00fclh\u00fcn b\u0259rq\u0259rar edilm\u0259si \u00fc\u00e7\u00fcn tarixi imkanlar\u0131n m\u00f6vcudlu\u011funa baxmayaraq, bug\u00fcn\u0259d\u0259k ba\u015f ver\u0259n b\u00fct\u00fcn d\u0259h\u015f\u0259tl\u0259rin \u0259sas\u0131nda dayanan v\u0259 Erm\u0259nistan konstitusiyas\u0131 daxil olmaqla, bir s\u0131ra qanunvericilik aktlar\u0131nda t\u0259sbit olunan \u0259razi iddialar\u0131n\u0131n h\u0259l\u0259 d\u0259 qalmaqda davam etm\u0259si regionun sabit g\u0259l\u0259c\u0259yi \u00fc\u00e7\u00fcn \u0259n b\u00f6y\u00fck \u0259ng\u0259l v\u0259 narahatl\u0131q m\u0259nb\u0259yidir:<\/p>\n<p>&#8220;Bu bax\u0131mdan, Az\u0259rbaycan t\u00f6r\u0259dil\u0259n cinay\u0259tl\u0259rin g\u00fcnahkarlar\u0131n\u0131n h\u00fcquqi m\u0259suliyy\u0259t\u0259 c\u0259lb edilm\u0259si \u00fc\u00e7\u00fcn milli v\u0259 beyn\u0259lxalq s\u0259yl\u0259rini davam etdirm\u0259kl\u0259 yana\u015f\u0131, b\u00f6lg\u0259d\u0259 dayan\u0131ql\u0131 s\u00fclh\u00fcn qurulmas\u0131 \u00fc\u00e7\u00fcn Erm\u0259nistan\u0131n \u00f6lk\u0259miz\u0259 qar\u015f\u0131 davam ed\u0259n \u0259razi iddialar\u0131na son qoyulmas\u0131 t\u0259l\u0259bind\u0259 q\u0259ti v\u0259 d\u00f6nm\u0259zdir. 31 Mart \u2013 Az\u0259rbaycanl\u0131lar\u0131n Soyq\u0131r\u0131m\u0131 G\u00fcn\u00fcnd\u0259 etnik nifr\u0259t v\u0259 soyq\u0131r\u0131m\u0131na m\u0259ruz qalan g\u00fcnahs\u0131z az\u0259rbaycanl\u0131lar\u0131n \u0259ziz xatir\u0259sini d\u0259rin h\u00fczn v\u0259 ehtiramla yad edirik. Allah r\u0259hm\u0259t el\u0259sin!&#8221;.<\/p>\n","protected":false},"excerpt":{"rendered":"<p>Xarici \u0130\u015fl\u0259r Nazirliyi (X\u0130N) 31 Mart \u2013 Az\u0259rbaycanl\u0131lar\u0131n Soyq\u0131r\u0131m\u0131 G\u00fcn\u00fc il\u0259 ba\u011fl\u0131 b\u0259yanat yay\u0131b. X\u0130N-d\u0259n\u00a0Musavat.com-a\u00a0veril\u0259n x\u0259b\u0259r\u0259 g\u00f6r\u0259, b\u0259yanatda bildirilib ki, bu g\u00fcn, radikal erm\u0259ni qrupla\u015fmalar\u0131 t\u0259r\u0259find\u0259n \u00f6t\u0259n \u0259srd\u0259 dinc az\u0259rbaycanl\u0131lara qar\u015f\u0131 t\u00f6r\u0259dilmi\u015f \u0259n b\u00f6y\u00fck soyq\u0131r\u0131mlardan biri olan, minl\u0259rl\u0259 h\u0259mv\u0259t\u0259nimizin etnik v\u0259 dini z\u0259mind\u0259 amans\u0131zl\u0131qla q\u0259tl\u0259 yetirildiyi 1918-ci il mart soyq\u0131r\u0131m\u0131ndan 107 il \u00f6t\u00fcr. 31 Mart \u2013 Az\u0259rbaycanl\u0131lar\u0131n Soyq\u0131r\u0131m\u0131 G\u00fcn\u00fcnd\u0259 faci\u0259vi hadis\u0259l\u0259rin g\u00fcnahs\u0131z qurbanlar\u0131n\u0131n xatir\u0259sini d\u0259rin h\u00f6rm\u0259t v\u0259 ehtiramla yad edilir: &#8220;Az\u0259rbaycanl\u0131lara qar\u015f\u0131 sistematik etnik t\u0259mizl\u0259m\u0259 v\u0259 soyq\u0131r\u0131m\u0131 siyas\u0259tinin t\u0259rkib hiss\u0259si olan bu q\u0131r\u011f\u0131nlar zaman\u0131 Qafqaz\u0131n F\u00f6vq\u0259lad\u0259 Komissar\u0131, milliyy\u0259tc\u0259 erm\u0259ni olan&hellip;<\/p>\n","protected":false},"author":2,"featured_media":796341,"comment_status":"closed","ping_status":"closed","sticky":false,"template":"","format":"standard","meta":{"om_disable_all_campaigns":false,"_monsterinsights_skip_tracking":false,"_monsterinsights_sitenote_active":false,"_monsterinsights_sitenote_note":"","_monsterinsights_sitenote_category":0},"categories":[4],"tags":[],"aioseo_notices":[],"gutentor_comment":0,"rttpg_featured_image_url":{"full":["https:\/\/arantv.az\/wp-content\/uploads\/2025\/03\/ee283a37149fb453c4b41c185788806a.jpg",850,500,false],"landscape":["https:\/\/arantv.az\/wp-content\/uploads\/2025\/03\/ee283a37149fb453c4b41c185788806a.jpg",850,500,false],"portraits":["https:\/\/arantv.az\/wp-content\/uploads\/2025\/03\/ee283a37149fb453c4b41c185788806a.jpg",850,500,false],"thumbnail":["https:\/\/arantv.az\/wp-content\/uploads\/2025\/03\/ee283a37149fb453c4b41c185788806a-500x280.jpg",500,280,true],"medium":["https:\/\/arantv.az\/wp-content\/uploads\/2025\/03\/ee283a37149fb453c4b41c185788806a-621x365.jpg",621,365,true],"large":["https:\/\/arantv.az\/wp-content\/uploads\/2025\/03\/ee283a37149fb453c4b41c185788806a-840x494.jpg",640,376,true],"1536x1536":["https:\/\/arantv.az\/wp-content\/uploads\/2025\/03\/ee283a37149fb453c4b41c185788806a.jpg",850,500,false],"2048x2048":["https:\/\/arantv.az\/wp-content\/uploads\/2025\/03\/ee283a37149fb453c4b41c185788806a.jpg",850,500,false],"post-thumbnail":["https:\/\/arantv.az\/wp-content\/uploads\/2025\/03\/ee283a37149fb453c4b41c185788806a-240x172.jpg",240,172,true],"advps-thumb-one":["https:\/\/arantv.az\/wp-content\/uploads\/2025\/03\/ee283a37149fb453c4b41c185788806a.jpg",850,500,false]},"rttpg_author":{"display_name":"V\u00fcsal Rafiqo\u011flu","author_link":"https:\/\/arantv.az\/?author=2"},"rttpg_comment":0,"rttpg_category":"<a href=\"https:\/\/arantv.az\/?cat=4\" rel=\"category\">Siyas\u0259t<\/a>","rttpg_excerpt":"Xarici \u0130\u015fl\u0259r Nazirliyi (X\u0130N) 31 Mart \u2013 Az\u0259rbaycanl\u0131lar\u0131n Soyq\u0131r\u0131m\u0131 G\u00fcn\u00fc il\u0259 ba\u011fl\u0131 b\u0259yanat yay\u0131b. X\u0130N-d\u0259n\u00a0Musavat.com-a\u00a0veril\u0259n x\u0259b\u0259r\u0259 g\u00f6r\u0259, b\u0259yanatda bildirilib ki, bu g\u00fcn, radikal erm\u0259ni qrupla\u015fmalar\u0131 t\u0259r\u0259find\u0259n \u00f6t\u0259n \u0259srd\u0259 dinc az\u0259rbaycanl\u0131lara qar\u015f\u0131 t\u00f6r\u0259dilmi\u015f \u0259n b\u00f6y\u00fck soyq\u0131r\u0131mlardan biri olan, minl\u0259rl\u0259 h\u0259mv\u0259t\u0259nimizin etnik v\u0259 dini z\u0259mind\u0259 amans\u0131zl\u0131qla q\u0259tl\u0259 yetirildiyi 1918-ci il mart soyq\u0131r\u0131m\u0131ndan 107 il \u00f6t\u00fcr. 31 Mart&hellip;","_links":{"self":[{"href":"https:\/\/arantv.az\/index.php?rest_route=\/wp\/v2\/posts\/796340"}],"collection":[{"href":"https:\/\/arantv.az\/index.php?rest_route=\/wp\/v2\/posts"}],"about":[{"href":"https:\/\/arantv.az\/index.php?rest_route=\/wp\/v2\/types\/post"}],"author":[{"embeddable":true,"href":"https:\/\/arantv.az\/index.php?rest_route=\/wp\/v2\/users\/2"}],"replies":[{"embeddable":true,"href":"https:\/\/arantv.az\/index.php?rest_route=%2Fwp%2Fv2%2Fcomments&post=796340"}],"version-history":[{"count":2,"href":"https:\/\/arantv.az\/index.php?rest_route=\/wp\/v2\/posts\/796340\/revisions"}],"predecessor-version":[{"id":796343,"href":"https:\/\/arantv.az\/index.php?rest_route=\/wp\/v2\/posts\/796340\/revisions\/796343"}],"wp:featuredmedia":[{"embeddable":true,"href":"https:\/\/arantv.az\/index.php?rest_route=\/wp\/v2\/media\/796341"}],"wp:attachment":[{"href":"https:\/\/arantv.az\/index.php?rest_route=%2Fwp%2Fv2%2Fmedia&parent=796340"}],"wp:term":[{"taxonomy":"category","embeddable":true,"href":"https:\/\/arantv.az\/index.php?rest_route=%2Fwp%2Fv2%2Fcategories&post=796340"},{"taxonomy":"post_tag","embeddable":true,"href":"https:\/\/arantv.az\/index.php?rest_route=%2Fwp%2Fv2%2Ftags&post=796340"}],"curies":[{"name":"wp","href":"https:\/\/api.w.org\/{rel}","templated":true}]}}