{"id":796415,"date":"2025-04-01T07:13:18","date_gmt":"2025-04-01T03:13:18","guid":{"rendered":"https:\/\/arantv.az\/?p=796415"},"modified":"2025-04-01T07:13:18","modified_gmt":"2025-04-01T03:13:18","slug":"olumund%c9%99n-uc-d%c9%99qiq%c9%99-%c9%99vv%c9%99l-video","status":"publish","type":"post","link":"https:\/\/arantv.az\/?p=796415","title":{"rendered":"\u00d6l\u00fcm\u00fcnd\u0259n \u00fc\u00e7 d\u0259qiq\u0259 \u0259vv\u0259l&#8230; &#8211; V\u0130DEO"},"content":{"rendered":"<div class=\"text-content\" data-id=\"\" data-url=\"\">\n<p>Respublikas\u0131nda verdiyi konsert zaman\u0131 q\u0259fil hal\u0131 pisl\u0259\u015fib v\u0259 onun h\u0259yat\u0131n\u0131 xilas etm\u0259k m\u00fcmk\u00fcn olmay\u0131b.<\/p>\n<p>Sosial \u015f\u0259b\u0259k\u0259l\u0259rd\u0259 t\u00fcrkiy\u0259li s\u0259n\u0259t\u00e7inin hal\u0131 pisl\u0259\u015fdikd\u0259n sonra s\u0259hn\u0259d\u0259 yer\u0259 y\u0131x\u0131lmazdan \u00f6nc\u0259 \u00e7\u0259kilmi\u015f g\u00f6r\u00fcnt\u00fcl\u0259ri yay\u0131l\u0131b.<\/p>\n<p>G\u00f6r\u00fcnt\u00fcl\u0259rd\u0259 mahn\u0131 oxuyark\u0259n Volkan Konak\u0131n \u00f6z\u00fcn\u00fc narahat hiss etdiyi a\u00e7\u0131q-a\u015fkar hiss olunur.\/\/qafqazinfo<\/p>\n<p>H\u0259min videonu t\u0259qdim edirik:<\/p>\n<p><iframe loading=\"lazy\" src=\"https:\/\/newstube.az\/embed\/180007\" width=\"670\" height=\"400\" frameborder=\"0\" allowfullscreen=\"allowfullscreen\" data-mce-fragment=\"1\"><\/iframe><\/p>\n<\/div>\n<div><\/div>\n<div><\/div>\n<div class=\"inner-social-box\">\n<div class=\"subs-in-social subs-whatsapp\"><\/div>\n<\/div>\n","protected":false},"excerpt":{"rendered":"<p>Respublikas\u0131nda verdiyi konsert zaman\u0131 q\u0259fil hal\u0131 pisl\u0259\u015fib v\u0259 onun h\u0259yat\u0131n\u0131 xilas etm\u0259k m\u00fcmk\u00fcn olmay\u0131b. Sosial \u015f\u0259b\u0259k\u0259l\u0259rd\u0259 t\u00fcrkiy\u0259li s\u0259n\u0259t\u00e7inin hal\u0131 pisl\u0259\u015fdikd\u0259n sonra s\u0259hn\u0259d\u0259 yer\u0259 y\u0131x\u0131lmazdan \u00f6nc\u0259 \u00e7\u0259kilmi\u015f g\u00f6r\u00fcnt\u00fcl\u0259ri yay\u0131l\u0131b. G\u00f6r\u00fcnt\u00fcl\u0259rd\u0259 mahn\u0131 oxuyark\u0259n Volkan Konak\u0131n \u00f6z\u00fcn\u00fc narahat hiss etdiyi a\u00e7\u0131q-a\u015fkar hiss olunur.\/\/qafqazinfo H\u0259min videonu t\u0259qdim edirik:<\/p>\n","protected":false},"author":2,"featured_media":796416,"comment_status":"closed","ping_status":"closed","sticky":false,"template":"","format":"standard","meta":{"om_disable_all_campaigns":false,"_monsterinsights_skip_tracking":false,"_monsterinsights_sitenote_active":false,"_monsterinsights_sitenote_note":"","_monsterinsights_sitenote_category":0},"categories":[1],"tags":[],"aioseo_notices":[],"gutentor_comment":0,"rttpg_featured_image_url":{"full":["https:\/\/arantv.az\/wp-content\/uploads\/2025\/04\/5ae5cbb3ca7308f569a4e097d8d55364.jpg",637,400,false],"landscape":["https:\/\/arantv.az\/wp-content\/uploads\/2025\/04\/5ae5cbb3ca7308f569a4e097d8d55364.jpg",637,400,false],"portraits":["https:\/\/arantv.az\/wp-content\/uploads\/2025\/04\/5ae5cbb3ca7308f569a4e097d8d55364.jpg",637,400,false],"thumbnail":["https:\/\/arantv.az\/wp-content\/uploads\/2025\/04\/5ae5cbb3ca7308f569a4e097d8d55364-500x280.jpg",500,280,true],"medium":["https:\/\/arantv.az\/wp-content\/uploads\/2025\/04\/5ae5cbb3ca7308f569a4e097d8d55364-581x365.jpg",581,365,true],"large":["https:\/\/arantv.az\/wp-content\/uploads\/2025\/04\/5ae5cbb3ca7308f569a4e097d8d55364.jpg",637,400,false],"1536x1536":["https:\/\/arantv.az\/wp-content\/uploads\/2025\/04\/5ae5cbb3ca7308f569a4e097d8d55364.jpg",637,400,false],"2048x2048":["https:\/\/arantv.az\/wp-content\/uploads\/2025\/04\/5ae5cbb3ca7308f569a4e097d8d55364.jpg",637,400,false],"post-thumbnail":["https:\/\/arantv.az\/wp-content\/uploads\/2025\/04\/5ae5cbb3ca7308f569a4e097d8d55364-240x172.jpg",240,172,true],"advps-thumb-one":["https:\/\/arantv.az\/wp-content\/uploads\/2025\/04\/5ae5cbb3ca7308f569a4e097d8d55364.jpg",637,400,false]},"rttpg_author":{"display_name":"V\u00fcsal Rafiqo\u011flu","author_link":"https:\/\/arantv.az\/?author=2"},"rttpg_comment":0,"rttpg_category":"<a href=\"https:\/\/arantv.az\/?cat=1\" rel=\"category\">C\u0259miyy\u0259t<\/a>","rttpg_excerpt":"Respublikas\u0131nda verdiyi konsert zaman\u0131 q\u0259fil hal\u0131 pisl\u0259\u015fib v\u0259 onun h\u0259yat\u0131n\u0131 xilas etm\u0259k m\u00fcmk\u00fcn olmay\u0131b. Sosial \u015f\u0259b\u0259k\u0259l\u0259rd\u0259 t\u00fcrkiy\u0259li s\u0259n\u0259t\u00e7inin hal\u0131 pisl\u0259\u015fdikd\u0259n sonra s\u0259hn\u0259d\u0259 yer\u0259 y\u0131x\u0131lmazdan \u00f6nc\u0259 \u00e7\u0259kilmi\u015f g\u00f6r\u00fcnt\u00fcl\u0259ri yay\u0131l\u0131b. G\u00f6r\u00fcnt\u00fcl\u0259rd\u0259 mahn\u0131 oxuyark\u0259n Volkan Konak\u0131n \u00f6z\u00fcn\u00fc narahat hiss etdiyi a\u00e7\u0131q-a\u015fkar hiss olunur.\/\/qafqazinfo H\u0259min videonu t\u0259qdim edirik:","_links":{"self":[{"href":"https:\/\/arantv.az\/index.php?rest_route=\/wp\/v2\/posts\/796415"}],"collection":[{"href":"https:\/\/arantv.az\/index.php?rest_route=\/wp\/v2\/posts"}],"about":[{"href":"https:\/\/arantv.az\/index.php?rest_route=\/wp\/v2\/types\/post"}],"author":[{"embeddable":true,"href":"https:\/\/arantv.az\/index.php?rest_route=\/wp\/v2\/users\/2"}],"replies":[{"embeddable":true,"href":"https:\/\/arantv.az\/index.php?rest_route=%2Fwp%2Fv2%2Fcomments&post=796415"}],"version-history":[{"count":1,"href":"https:\/\/arantv.az\/index.php?rest_route=\/wp\/v2\/posts\/796415\/revisions"}],"predecessor-version":[{"id":796417,"href":"https:\/\/arantv.az\/index.php?rest_route=\/wp\/v2\/posts\/796415\/revisions\/796417"}],"wp:featuredmedia":[{"embeddable":true,"href":"https:\/\/arantv.az\/index.php?rest_route=\/wp\/v2\/media\/796416"}],"wp:attachment":[{"href":"https:\/\/arantv.az\/index.php?rest_route=%2Fwp%2Fv2%2Fmedia&parent=796415"}],"wp:term":[{"taxonomy":"category","embeddable":true,"href":"https:\/\/arantv.az\/index.php?rest_route=%2Fwp%2Fv2%2Fcategories&post=796415"},{"taxonomy":"post_tag","embeddable":true,"href":"https:\/\/arantv.az\/index.php?rest_route=%2Fwp%2Fv2%2Ftags&post=796415"}],"curies":[{"name":"wp","href":"https:\/\/api.w.org\/{rel}","templated":true}]}}