{"id":796467,"date":"2025-04-01T07:28:43","date_gmt":"2025-04-01T03:28:43","guid":{"rendered":"https:\/\/arantv.az\/?p=796467"},"modified":"2025-04-01T07:28:43","modified_gmt":"2025-04-01T03:28:43","slug":"nigar-f%c9%99rhadla-bagli-arasdirma-aparilacaq-r%c9%99smi","status":"publish","type":"post","link":"https:\/\/arantv.az\/?p=796467","title":{"rendered":"Nigar F\u0259rhadla ba\u011fl\u0131 ara\u015fd\u0131rma apar\u0131lacaq &#8211; R\u018fSM\u0130"},"content":{"rendered":"<div class=\"text-content\" data-id=\"\" data-url=\"\">\n<p><strong>\u201cKanal S\u201din apar\u0131c\u0131s\u0131 Nigar F\u0259rhad a\u00e7\u0131qlamas\u0131 il\u0259 g\u00fcnd\u0259m olub.<\/strong><\/p>\n<p>Musavat.com-un m\u0259lumat\u0131na g\u00f6r\u0259, onun efird\u0259 s\u0259sl\u0259ndirdiyi \u201cM\u0259n o\u011fluma atas\u0131 olmayan q\u0131z\u0131 ala bilm\u0259r\u0259m\u201d fikri birm\u0259nal\u0131 qar\u015f\u0131lanmay\u0131b.<\/p>\n<p>N. F\u0259rhad\u0131n fikri sosial \u015f\u0259b\u0259k\u0259l\u0259rd\u0259 s\u0259rt t\u0259nqid edilib.<\/p>\n<p><em><strong>M\u0259s\u0259l\u0259 il\u0259 ba\u011fl\u0131 Audiovizual \u015eura a\u00e7\u0131qlama yay\u0131b:<\/strong><\/em><\/p>\n<p>\u201cKanal S\u201d televiziyas\u0131nda yay\u0131mlanan \u201cS\u00f6z\u00fcn bitdiyi an\u201d program\u0131nda apar\u0131c\u0131n\u0131n s\u0259sl\u0259ndirdiyi subyektiv fikirl\u0259rd\u0259n narahatl\u0131\u011f\u0131m\u0131z\u0131 bildirir v\u0259 q\u0131nay\u0131r\u0131q. M\u0259s\u0259l\u0259 il\u0259 ba\u011fl\u0131 ara\u015fd\u0131rma apar\u0131lacaq, qanun \u00e7\u0259r\u00e7iv\u0259sind\u0259 m\u00fcvafiq t\u0259dbir g\u00f6r\u00fcl\u0259c\u0259k v\u0259 \u0259lav\u0259 a\u00e7\u0131qlama veril\u0259c\u0259kdir\u201d.<\/p>\n<p>Qeyd ed\u0259k ki, apar\u0131c\u0131 etirazla qar\u015f\u0131lanan \u00e7\u0131x\u0131\u015f\u0131ndan sonra sosial \u015f\u0259b\u0259k\u0259 hesab\u0131nda video payla\u015faraq bunlar\u0131 deyib: \u201cFikirl\u0259rimin \u015f\u0259hid q\u0131zlar\u0131 il\u0259 \u0259laq\u0259si yoxdur. Allah\u00a0 m\u0259n\u0259 \u00f6vlad n\u0259sib ed\u0259rs\u0259, ist\u0259y\u0259r\u0259m ki, oca\u011f\u0131ma \u015f\u0259hid q\u0131z\u0131m\u0131z n\u0259sib olsun\u201d.<\/p>\n<p><iframe loading=\"lazy\" id=\"telegram-post-TVmusavat-111951\" src=\"https:\/\/t.me\/TVmusavat\/111951?embed=1\" width=\"100%\" height=\"\" frameborder=\"0\" scrolling=\"no\" data-mce-fragment=\"1\"><\/iframe><\/p>\n<\/div>\n<div><\/div>\n<div><\/div>\n<div class=\"inner-social-box\">\n<div class=\"subs-in-social subs-whatsapp\"><\/div>\n<\/div>\n","protected":false},"excerpt":{"rendered":"<p>\u201cKanal S\u201din apar\u0131c\u0131s\u0131 Nigar F\u0259rhad a\u00e7\u0131qlamas\u0131 il\u0259 g\u00fcnd\u0259m olub. Musavat.com-un m\u0259lumat\u0131na g\u00f6r\u0259, onun efird\u0259 s\u0259sl\u0259ndirdiyi \u201cM\u0259n o\u011fluma atas\u0131 olmayan q\u0131z\u0131 ala bilm\u0259r\u0259m\u201d fikri birm\u0259nal\u0131 qar\u015f\u0131lanmay\u0131b. N. F\u0259rhad\u0131n fikri sosial \u015f\u0259b\u0259k\u0259l\u0259rd\u0259 s\u0259rt t\u0259nqid edilib. M\u0259s\u0259l\u0259 il\u0259 ba\u011fl\u0131 Audiovizual \u015eura a\u00e7\u0131qlama yay\u0131b: \u201cKanal S\u201d televiziyas\u0131nda yay\u0131mlanan \u201cS\u00f6z\u00fcn bitdiyi an\u201d program\u0131nda apar\u0131c\u0131n\u0131n s\u0259sl\u0259ndirdiyi subyektiv fikirl\u0259rd\u0259n narahatl\u0131\u011f\u0131m\u0131z\u0131 bildirir v\u0259 q\u0131nay\u0131r\u0131q. M\u0259s\u0259l\u0259 il\u0259 ba\u011fl\u0131 ara\u015fd\u0131rma apar\u0131lacaq, qanun \u00e7\u0259r\u00e7iv\u0259sind\u0259 m\u00fcvafiq t\u0259dbir g\u00f6r\u00fcl\u0259c\u0259k v\u0259 \u0259lav\u0259 a\u00e7\u0131qlama veril\u0259c\u0259kdir\u201d. Qeyd ed\u0259k ki, apar\u0131c\u0131 etirazla qar\u015f\u0131lanan \u00e7\u0131x\u0131\u015f\u0131ndan sonra sosial \u015f\u0259b\u0259k\u0259 hesab\u0131nda video payla\u015faraq bunlar\u0131 deyib: \u201cFikirl\u0259rimin \u015f\u0259hid q\u0131zlar\u0131 il\u0259 \u0259laq\u0259si&hellip;<\/p>\n","protected":false},"author":2,"featured_media":796468,"comment_status":"closed","ping_status":"closed","sticky":false,"template":"","format":"standard","meta":{"om_disable_all_campaigns":false,"_monsterinsights_skip_tracking":false,"_monsterinsights_sitenote_active":false,"_monsterinsights_sitenote_note":"","_monsterinsights_sitenote_category":0},"categories":[1],"tags":[],"aioseo_notices":[],"gutentor_comment":0,"rttpg_featured_image_url":{"full":["https:\/\/arantv.az\/wp-content\/uploads\/2025\/04\/ecf40547e6a6b0752aacdd34aee79259.jpg",637,400,false],"landscape":["https:\/\/arantv.az\/wp-content\/uploads\/2025\/04\/ecf40547e6a6b0752aacdd34aee79259.jpg",637,400,false],"portraits":["https:\/\/arantv.az\/wp-content\/uploads\/2025\/04\/ecf40547e6a6b0752aacdd34aee79259.jpg",637,400,false],"thumbnail":["https:\/\/arantv.az\/wp-content\/uploads\/2025\/04\/ecf40547e6a6b0752aacdd34aee79259-500x280.jpg",500,280,true],"medium":["https:\/\/arantv.az\/wp-content\/uploads\/2025\/04\/ecf40547e6a6b0752aacdd34aee79259-581x365.jpg",581,365,true],"large":["https:\/\/arantv.az\/wp-content\/uploads\/2025\/04\/ecf40547e6a6b0752aacdd34aee79259.jpg",637,400,false],"1536x1536":["https:\/\/arantv.az\/wp-content\/uploads\/2025\/04\/ecf40547e6a6b0752aacdd34aee79259.jpg",637,400,false],"2048x2048":["https:\/\/arantv.az\/wp-content\/uploads\/2025\/04\/ecf40547e6a6b0752aacdd34aee79259.jpg",637,400,false],"post-thumbnail":["https:\/\/arantv.az\/wp-content\/uploads\/2025\/04\/ecf40547e6a6b0752aacdd34aee79259-240x172.jpg",240,172,true],"advps-thumb-one":["https:\/\/arantv.az\/wp-content\/uploads\/2025\/04\/ecf40547e6a6b0752aacdd34aee79259.jpg",637,400,false]},"rttpg_author":{"display_name":"V\u00fcsal Rafiqo\u011flu","author_link":"https:\/\/arantv.az\/?author=2"},"rttpg_comment":0,"rttpg_category":"<a href=\"https:\/\/arantv.az\/?cat=1\" rel=\"category\">C\u0259miyy\u0259t<\/a>","rttpg_excerpt":"\u201cKanal S\u201din apar\u0131c\u0131s\u0131 Nigar F\u0259rhad a\u00e7\u0131qlamas\u0131 il\u0259 g\u00fcnd\u0259m olub. Musavat.com-un m\u0259lumat\u0131na g\u00f6r\u0259, onun efird\u0259 s\u0259sl\u0259ndirdiyi \u201cM\u0259n o\u011fluma atas\u0131 olmayan q\u0131z\u0131 ala bilm\u0259r\u0259m\u201d fikri birm\u0259nal\u0131 qar\u015f\u0131lanmay\u0131b. N. F\u0259rhad\u0131n fikri sosial \u015f\u0259b\u0259k\u0259l\u0259rd\u0259 s\u0259rt t\u0259nqid edilib. M\u0259s\u0259l\u0259 il\u0259 ba\u011fl\u0131 Audiovizual \u015eura a\u00e7\u0131qlama yay\u0131b: \u201cKanal S\u201d televiziyas\u0131nda yay\u0131mlanan \u201cS\u00f6z\u00fcn bitdiyi an\u201d program\u0131nda apar\u0131c\u0131n\u0131n s\u0259sl\u0259ndirdiyi subyektiv fikirl\u0259rd\u0259n narahatl\u0131\u011f\u0131m\u0131z\u0131 bildirir v\u0259&hellip;","_links":{"self":[{"href":"https:\/\/arantv.az\/index.php?rest_route=\/wp\/v2\/posts\/796467"}],"collection":[{"href":"https:\/\/arantv.az\/index.php?rest_route=\/wp\/v2\/posts"}],"about":[{"href":"https:\/\/arantv.az\/index.php?rest_route=\/wp\/v2\/types\/post"}],"author":[{"embeddable":true,"href":"https:\/\/arantv.az\/index.php?rest_route=\/wp\/v2\/users\/2"}],"replies":[{"embeddable":true,"href":"https:\/\/arantv.az\/index.php?rest_route=%2Fwp%2Fv2%2Fcomments&post=796467"}],"version-history":[{"count":1,"href":"https:\/\/arantv.az\/index.php?rest_route=\/wp\/v2\/posts\/796467\/revisions"}],"predecessor-version":[{"id":796469,"href":"https:\/\/arantv.az\/index.php?rest_route=\/wp\/v2\/posts\/796467\/revisions\/796469"}],"wp:featuredmedia":[{"embeddable":true,"href":"https:\/\/arantv.az\/index.php?rest_route=\/wp\/v2\/media\/796468"}],"wp:attachment":[{"href":"https:\/\/arantv.az\/index.php?rest_route=%2Fwp%2Fv2%2Fmedia&parent=796467"}],"wp:term":[{"taxonomy":"category","embeddable":true,"href":"https:\/\/arantv.az\/index.php?rest_route=%2Fwp%2Fv2%2Fcategories&post=796467"},{"taxonomy":"post_tag","embeddable":true,"href":"https:\/\/arantv.az\/index.php?rest_route=%2Fwp%2Fv2%2Ftags&post=796467"}],"curies":[{"name":"wp","href":"https:\/\/api.w.org\/{rel}","templated":true}]}}