{"id":796481,"date":"2025-04-01T08:55:35","date_gmt":"2025-04-01T04:55:35","guid":{"rendered":"https:\/\/arantv.az\/?p=796481"},"modified":"2025-04-01T08:55:35","modified_gmt":"2025-04-01T04:55:35","slug":"almaniya-az%c9%99rbaycandan-uzr-ist%c9%99di","status":"publish","type":"post","link":"https:\/\/arantv.az\/?p=796481","title":{"rendered":"Almaniya Az\u0259rbaycandan \u00dcZR \u0130ST\u018fD\u0130"},"content":{"rendered":"<p><strong>Almaniya Prezidenti Administrasiyas\u0131 bu \u00f6lk\u0259nin Prezidentinin sosial media profilind\u0259 yerl\u0259\u015fdirilmi\u015f postla ba\u011fl\u0131 Az\u0259rbaycan t\u0259r\u0259fin\u0259 \u00fczrxahl\u0131q edib.<\/strong><\/p>\n<p><strong>ARANTV.AZ <\/strong>\u00a0bu bar\u0259d\u0259 AZ\u018fRTAC-a istinad\u0259n x\u0259b\u0259r verir.<\/p>\n<p>Qeyd ed\u0259k ki, Almaniya Prezidentinin sosial media profilind\u0259 art\u0131q ke\u00e7mi\u015fin qal\u0131\u011f\u0131 olan qondarma rejimin bayra\u011f\u0131n\u0131n yerl\u0259\u015fdirilm\u0259si v\u0259 onun alt\u0131nda yaz\u0131lan m\u0259tn Az\u0259rbaycan t\u0259r\u0259finin ciddi naraz\u0131l\u0131\u011f\u0131na s\u0259b\u0259b olub.<\/p>\n<p>D\u0259rhal iki \u00f6lk\u0259nin Prezident administrasiyalar\u0131 v\u0259 Xarici \u0130\u015fl\u0259r nazirlikl\u0259ri aras\u0131nda t\u0259maslar ba\u015flay\u0131b. Almaniya t\u0259r\u0259fi bu postun s\u0259hv\u0259n yerl\u0259\u015fdirildiyini etiraf ed\u0259r\u0259k onu d\u0259rhal \u00e7\u0131xar\u0131b.<\/p>\n<p>Almaniya Prezidenti Administrasiyas\u0131n\u0131n r\u0259hb\u0259ri ad\u0131ndan \u00fcnvanlanm\u0131\u015f m\u0259ktubda ba\u015f vermi\u015f bu hadis\u0259y\u0259 g\u00f6r\u0259 \u00fczrxahl\u0131q ifad\u0259 olunaraq, m\u0259ktubun mediaya verilm\u0259sin\u0259 raz\u0131l\u0131q bildirilib.<\/p>\n<p><strong>M\u0259ktubu t\u0259qdim edirik:<\/strong><\/p>\n<p>&#8220;H\u00f6rm\u0259tli Hikm\u0259t Hac\u0131yev.<\/p>\n<p>Federal Prezidentin sosial media hesab\u0131nda q\u0131sa m\u00fcdd\u0259t \u0259rzind\u0259 Az\u0259rbaycan\u0131n bir regionuna aid bayra\u011f\u0131n yanl\u0131\u015f t\u0259sviri v\u0259 onunla ba\u011fl\u0131 m\u0259tn d\u0259rc olunub. S\u0259hv a\u015fkar edildikd\u0259n sonra payla\u015f\u0131m d\u0259rhal silinib.<\/p>\n<p>Bu payla\u015f\u0131m texniki s\u0259hv s\u0259b\u0259bind\u0259n d\u0259rc edilib v\u0259 Almaniyan\u0131n Az\u0259rbaycan\u0131n \u0259razi b\u00fct\u00f6vl\u00fcy\u00fcn\u0259 dair m\u0259lum m\u00f6vqeyi il\u0259 ba\u011fl\u0131 he\u00e7 bir m\u0259na k\u0259sb etmir.<\/p>\n<p>Bel\u0259 bir s\u0259hv\u0259 yol verilm\u0259sin\u0259 g\u00f6r\u0259 \u00e7ox m\u0259yusam. Payla\u015f\u0131m\u0131n Az\u0259rbaycanda b\u0259zi insanlarda yaratd\u0131\u011f\u0131 yanl\u0131\u015f t\u0259\u0259ss\u00fcrata g\u00f6r\u0259 s\u0259mimi-q\u0259lbd\u0259n \u00fczr ist\u0259yir\u0259m.<\/p>\n<p>Federal Prezidentin qar\u015f\u0131dan g\u0259l\u0259n s\u0259f\u0259ri Az\u0259rbaycan-Almaniya t\u0259r\u0259fda\u015fl\u0131\u011f\u0131n\u0131 m\u00f6hk\u0259ml\u0259ndirm\u0259k v\u0259 regionda davam ed\u0259n s\u00fclh prosesin\u0259 d\u0259st\u0259k verm\u0259k m\u0259qs\u0259di da\u015f\u0131y\u0131r&#8221;.<\/p>\n","protected":false},"excerpt":{"rendered":"<p>Almaniya Prezidenti Administrasiyas\u0131 bu \u00f6lk\u0259nin Prezidentinin sosial media profilind\u0259 yerl\u0259\u015fdirilmi\u015f postla ba\u011fl\u0131 Az\u0259rbaycan t\u0259r\u0259fin\u0259 \u00fczrxahl\u0131q edib. ARANTV.AZ \u00a0bu bar\u0259d\u0259 AZ\u018fRTAC-a istinad\u0259n x\u0259b\u0259r verir. Qeyd ed\u0259k ki, Almaniya Prezidentinin sosial media profilind\u0259 art\u0131q ke\u00e7mi\u015fin qal\u0131\u011f\u0131 olan qondarma rejimin bayra\u011f\u0131n\u0131n yerl\u0259\u015fdirilm\u0259si v\u0259 onun alt\u0131nda yaz\u0131lan m\u0259tn Az\u0259rbaycan t\u0259r\u0259finin ciddi naraz\u0131l\u0131\u011f\u0131na s\u0259b\u0259b olub. D\u0259rhal iki \u00f6lk\u0259nin Prezident administrasiyalar\u0131 v\u0259 Xarici \u0130\u015fl\u0259r nazirlikl\u0259ri aras\u0131nda t\u0259maslar ba\u015flay\u0131b. Almaniya t\u0259r\u0259fi bu postun s\u0259hv\u0259n yerl\u0259\u015fdirildiyini etiraf ed\u0259r\u0259k onu d\u0259rhal \u00e7\u0131xar\u0131b. Almaniya Prezidenti Administrasiyas\u0131n\u0131n r\u0259hb\u0259ri ad\u0131ndan \u00fcnvanlanm\u0131\u015f m\u0259ktubda ba\u015f vermi\u015f bu hadis\u0259y\u0259 g\u00f6r\u0259 \u00fczrxahl\u0131q ifad\u0259 olunaraq, m\u0259ktubun mediaya&hellip;<\/p>\n","protected":false},"author":2,"featured_media":796482,"comment_status":"closed","ping_status":"closed","sticky":false,"template":"","format":"standard","meta":{"om_disable_all_campaigns":false,"_monsterinsights_skip_tracking":false,"_monsterinsights_sitenote_active":false,"_monsterinsights_sitenote_note":"","_monsterinsights_sitenote_category":0},"categories":[19],"tags":[],"aioseo_notices":[],"gutentor_comment":0,"rttpg_featured_image_url":{"full":["https:\/\/arantv.az\/wp-content\/uploads\/2025\/04\/2865e6d35316b787f1bf2e516e73b75a.jpg",850,500,false],"landscape":["https:\/\/arantv.az\/wp-content\/uploads\/2025\/04\/2865e6d35316b787f1bf2e516e73b75a.jpg",850,500,false],"portraits":["https:\/\/arantv.az\/wp-content\/uploads\/2025\/04\/2865e6d35316b787f1bf2e516e73b75a.jpg",850,500,false],"thumbnail":["https:\/\/arantv.az\/wp-content\/uploads\/2025\/04\/2865e6d35316b787f1bf2e516e73b75a-500x280.jpg",500,280,true],"medium":["https:\/\/arantv.az\/wp-content\/uploads\/2025\/04\/2865e6d35316b787f1bf2e516e73b75a-621x365.jpg",621,365,true],"large":["https:\/\/arantv.az\/wp-content\/uploads\/2025\/04\/2865e6d35316b787f1bf2e516e73b75a-840x494.jpg",640,376,true],"1536x1536":["https:\/\/arantv.az\/wp-content\/uploads\/2025\/04\/2865e6d35316b787f1bf2e516e73b75a.jpg",850,500,false],"2048x2048":["https:\/\/arantv.az\/wp-content\/uploads\/2025\/04\/2865e6d35316b787f1bf2e516e73b75a.jpg",850,500,false],"post-thumbnail":["https:\/\/arantv.az\/wp-content\/uploads\/2025\/04\/2865e6d35316b787f1bf2e516e73b75a-240x172.jpg",240,172,true],"advps-thumb-one":["https:\/\/arantv.az\/wp-content\/uploads\/2025\/04\/2865e6d35316b787f1bf2e516e73b75a.jpg",850,500,false]},"rttpg_author":{"display_name":"V\u00fcsal Rafiqo\u011flu","author_link":"https:\/\/arantv.az\/?author=2"},"rttpg_comment":0,"rttpg_category":"<a href=\"https:\/\/arantv.az\/?cat=19\" rel=\"category\">G\u00fcnd\u0259m<\/a>","rttpg_excerpt":"Almaniya Prezidenti Administrasiyas\u0131 bu \u00f6lk\u0259nin Prezidentinin sosial media profilind\u0259 yerl\u0259\u015fdirilmi\u015f postla ba\u011fl\u0131 Az\u0259rbaycan t\u0259r\u0259fin\u0259 \u00fczrxahl\u0131q edib. ARANTV.AZ \u00a0bu bar\u0259d\u0259 AZ\u018fRTAC-a istinad\u0259n x\u0259b\u0259r verir. Qeyd ed\u0259k ki, Almaniya Prezidentinin sosial media profilind\u0259 art\u0131q ke\u00e7mi\u015fin qal\u0131\u011f\u0131 olan qondarma rejimin bayra\u011f\u0131n\u0131n yerl\u0259\u015fdirilm\u0259si v\u0259 onun alt\u0131nda yaz\u0131lan m\u0259tn Az\u0259rbaycan t\u0259r\u0259finin ciddi naraz\u0131l\u0131\u011f\u0131na s\u0259b\u0259b olub. D\u0259rhal iki \u00f6lk\u0259nin Prezident administrasiyalar\u0131&hellip;","_links":{"self":[{"href":"https:\/\/arantv.az\/index.php?rest_route=\/wp\/v2\/posts\/796481"}],"collection":[{"href":"https:\/\/arantv.az\/index.php?rest_route=\/wp\/v2\/posts"}],"about":[{"href":"https:\/\/arantv.az\/index.php?rest_route=\/wp\/v2\/types\/post"}],"author":[{"embeddable":true,"href":"https:\/\/arantv.az\/index.php?rest_route=\/wp\/v2\/users\/2"}],"replies":[{"embeddable":true,"href":"https:\/\/arantv.az\/index.php?rest_route=%2Fwp%2Fv2%2Fcomments&post=796481"}],"version-history":[{"count":2,"href":"https:\/\/arantv.az\/index.php?rest_route=\/wp\/v2\/posts\/796481\/revisions"}],"predecessor-version":[{"id":796484,"href":"https:\/\/arantv.az\/index.php?rest_route=\/wp\/v2\/posts\/796481\/revisions\/796484"}],"wp:featuredmedia":[{"embeddable":true,"href":"https:\/\/arantv.az\/index.php?rest_route=\/wp\/v2\/media\/796482"}],"wp:attachment":[{"href":"https:\/\/arantv.az\/index.php?rest_route=%2Fwp%2Fv2%2Fmedia&parent=796481"}],"wp:term":[{"taxonomy":"category","embeddable":true,"href":"https:\/\/arantv.az\/index.php?rest_route=%2Fwp%2Fv2%2Fcategories&post=796481"},{"taxonomy":"post_tag","embeddable":true,"href":"https:\/\/arantv.az\/index.php?rest_route=%2Fwp%2Fv2%2Ftags&post=796481"}],"curies":[{"name":"wp","href":"https:\/\/api.w.org\/{rel}","templated":true}]}}