{"id":797266,"date":"2025-04-03T18:55:19","date_gmt":"2025-04-03T14:55:19","guid":{"rendered":"https:\/\/arantv.az\/?p=797266"},"modified":"2025-04-03T18:55:19","modified_gmt":"2025-04-03T14:55:19","slug":"erm%c9%99nistan-niy%c9%99-son-vaxtlar-az%c9%99rbaycan-movqel%c9%99rini-at%c9%99s%c9%99-tutur","status":"publish","type":"post","link":"https:\/\/arantv.az\/?p=797266","title":{"rendered":"Erm\u0259nistan niy\u0259 son vaxtlar Az\u0259rbaycan m\u00f6vqel\u0259rini at\u0259\u015f\u0259 tutur?"},"content":{"rendered":"<p>Son vaxtlar Erm\u0259nistan tez-tez Az\u0259rbaycan m\u00f6vqel\u0259rini at\u0259\u015f\u0259 tutur. S\u00fclh m\u00fcqavil\u0259si il\u0259 ba\u011fl\u0131 inki\u015faf getdiyi vaxtda m\u00f6vqel\u0259rimizin at\u0259\u015f\u0259 tutulmas\u0131 yeni m\u00fcharib\u0259 g\u00f6zl\u0259nilirmi sual\u0131 yarad\u0131r.<\/p>\n<p>Politoloq El\u015f\u0259n Manafov\u00a0<a title=\"xeberler son xeberler 2025\" href=\"https:\/\/big.az\/\" target=\"_blank\" rel=\"noopener\">BiG.AZ<\/a>-a bildirib ki, r\u0259smi \u0130r\u0259van onu silahland\u0131ran t\u0259r\u0259fl\u0259rin regionda v\u0259ziyy\u0259ti k\u0259skinl\u0259\u015fdirm\u0259kl\u0259 ba\u011fl\u0131 sifari\u015fl\u0259rind\u0259n \u00e7\u0131x\u0131\u015f ed\u0259r\u0259k at\u0259\u015fk\u0259sin pozulmas\u0131na gedir v\u0259 \u0259slind\u0259 Az\u0259rbaycan\u0131 t\u0259xribata s\u00f6vq etm\u0259kl\u0259 at\u0259\u015fk\u0259sin pozulmas\u0131na g\u00f6r\u0259 m\u0259suliyy\u0259ti onun \u00fcz\u0259rin\u0259 y\u0131xmaq ist\u0259yir:<\/p>\n<p>&#8220;Erm\u0259nistan\u0131 &#8220;s\u00fclh g\u00f6y\u0259r\u00e7ini kimi t\u0259qdim etm\u0259k ist\u0259y\u0259n q\u00fcvv\u0259l\u0259r&#8221;(ifad\u0259 prezident \u0130lham \u018fliyev\u0259 m\u0259xsusdur)t\u0259\u0259ss\u00fcf ki,erm\u0259ni t\u0259r\u0259finin at\u0259\u015fk\u0259s \u015f\u0259rtl\u0259rini kobud \u015f\u0259kild\u0259 pozmas\u0131 il\u0259 ba\u011fl\u0131 h\u0259r\u0259k\u0259tl\u0259rini g\u00f6rm\u0259zd\u0259n g\u0259lirl\u0259r.At\u0259\u015fk\u0259sin pozulmas\u0131 is\u0259 bir ne\u00e7\u0259 aspektd\u0259 izah oluna bil\u0259r.Bu \u0259vv\u0259la, r\u0259smi \u0130r\u0259van\u0131n s\u00fclh ist\u0259m\u0259si v\u0259 ya s\u00fclh\u0259 haz\u0131r olmas\u0131 bar\u0259d\u0259 b\u0259yanatlar\u0131 il\u0259 k\u0259skin ziddiyy\u0259t t\u0259\u015fkil edir v\u0259 erm\u0259ni auditoriyas\u0131na se\u00e7kil\u0259r \u0259r\u0259f\u0259sind\u0259 \u00fcnvanlanm\u0131\u015f siyas\u0259tin m\u0259zmunundan ir\u0259li g\u0259l\u0259 bil\u0259r.Dig\u0259r t\u0259r\u0259fd\u0259n istisna deyil ki,r\u0259smi \u0130r\u0259van onu silahland\u0131ran t\u0259r\u0259fl\u0259rin regionda v\u0259ziyy\u0259ti k\u0259skinl\u0259\u015fdirm\u0259kl\u0259 ba\u011fl\u0131 sifari\u015fl\u0259rind\u0259n \u00e7\u0131x\u0131\u015f ed\u0259r\u0259k at\u0259\u015fk\u0259sin pozulmas\u0131na gedir v\u0259 \u0259slind\u0259 Az\u0259rbaycan\u0131 t\u0259xribata s\u00f6vq etm\u0259kl\u0259 at\u0259\u015fk\u0259sin pozulmas\u0131na g\u00f6r\u0259 m\u0259suliyy\u0259ti onun \u00fcz\u0259rin\u0259 y\u0131xmaq ist\u0259yir. Erm\u0259nistan ordusunda Pa\u015finyana tabe olmaq ist\u0259m\u0259y\u0259n y\u00fcks\u0259k \u00e7inli zabitl\u0259r var ki,onlar Pa\u015finyan\u0131 Az\u0259rbaycanla m\u00fcnasib\u0259tl\u0259rd\u0259 t\u0259slim\u00e7i m\u00f6vqey\u0259 g\u00f6r\u0259 ittiham edirl\u0259r. Erm\u0259nistan\u0131n mill\u0259t\u00e7i m\u00fcxalif\u0259ti ehtimal ki,erm\u0259ni kils\u0259si il\u0259 i\u015f birliyind\u0259dirl\u0259r.Bu is\u0259 Erm\u0259nistandak\u0131 duruma Pa\u015finyan t\u0259r\u0259find\u0259n n\u0259zar\u0259tin z\u0259ifl\u0259m\u0259si t\u0259\u0259ss\u00fcrat\u0131 do\u011furur v\u0259 r\u0259smi Bak\u0131n\u0131 \u00f6z\u00fcn\u00fcn v\u0259 regionun t\u0259hl\u00fck\u0259sizlik maraqlar\u0131ndan \u00e7\u0131x\u0131\u015f ed\u0259r\u0259k t\u0259dbirl\u0259r g\u00f6rm\u0259k z\u0259rur\u0259ti qar\u015f\u0131s\u0131nda qoya bil\u0259r&#8221;.<\/p>\n","protected":false},"excerpt":{"rendered":"<p>Son vaxtlar Erm\u0259nistan tez-tez Az\u0259rbaycan m\u00f6vqel\u0259rini at\u0259\u015f\u0259 tutur. S\u00fclh m\u00fcqavil\u0259si il\u0259 ba\u011fl\u0131 inki\u015faf getdiyi vaxtda m\u00f6vqel\u0259rimizin at\u0259\u015f\u0259 tutulmas\u0131 yeni m\u00fcharib\u0259 g\u00f6zl\u0259nilirmi sual\u0131 yarad\u0131r. Politoloq El\u015f\u0259n Manafov\u00a0BiG.AZ-a bildirib ki, r\u0259smi \u0130r\u0259van onu silahland\u0131ran t\u0259r\u0259fl\u0259rin regionda v\u0259ziyy\u0259ti k\u0259skinl\u0259\u015fdirm\u0259kl\u0259 ba\u011fl\u0131 sifari\u015fl\u0259rind\u0259n \u00e7\u0131x\u0131\u015f ed\u0259r\u0259k at\u0259\u015fk\u0259sin pozulmas\u0131na gedir v\u0259 \u0259slind\u0259 Az\u0259rbaycan\u0131 t\u0259xribata s\u00f6vq etm\u0259kl\u0259 at\u0259\u015fk\u0259sin pozulmas\u0131na g\u00f6r\u0259 m\u0259suliyy\u0259ti onun \u00fcz\u0259rin\u0259 y\u0131xmaq ist\u0259yir: &#8220;Erm\u0259nistan\u0131 &#8220;s\u00fclh g\u00f6y\u0259r\u00e7ini kimi t\u0259qdim etm\u0259k ist\u0259y\u0259n q\u00fcvv\u0259l\u0259r&#8221;(ifad\u0259 prezident \u0130lham \u018fliyev\u0259 m\u0259xsusdur)t\u0259\u0259ss\u00fcf ki,erm\u0259ni t\u0259r\u0259finin at\u0259\u015fk\u0259s \u015f\u0259rtl\u0259rini kobud \u015f\u0259kild\u0259 pozmas\u0131 il\u0259 ba\u011fl\u0131 h\u0259r\u0259k\u0259tl\u0259rini g\u00f6rm\u0259zd\u0259n g\u0259lirl\u0259r.At\u0259\u015fk\u0259sin pozulmas\u0131 is\u0259 bir ne\u00e7\u0259 aspektd\u0259 izah oluna bil\u0259r.Bu \u0259vv\u0259la,&hellip;<\/p>\n","protected":false},"author":2,"featured_media":797267,"comment_status":"closed","ping_status":"closed","sticky":false,"template":"","format":"standard","meta":{"om_disable_all_campaigns":false,"_monsterinsights_skip_tracking":false,"_monsterinsights_sitenote_active":false,"_monsterinsights_sitenote_note":"","_monsterinsights_sitenote_category":0},"categories":[19],"tags":[],"aioseo_notices":[],"gutentor_comment":0,"rttpg_featured_image_url":{"full":["https:\/\/arantv.az\/wp-content\/uploads\/2025\/04\/m_61743684101.png",649,406,false],"landscape":["https:\/\/arantv.az\/wp-content\/uploads\/2025\/04\/m_61743684101.png",649,406,false],"portraits":["https:\/\/arantv.az\/wp-content\/uploads\/2025\/04\/m_61743684101.png",649,406,false],"thumbnail":["https:\/\/arantv.az\/wp-content\/uploads\/2025\/04\/m_61743684101-500x280.png",500,280,true],"medium":["https:\/\/arantv.az\/wp-content\/uploads\/2025\/04\/m_61743684101-583x365.png",583,365,true],"large":["https:\/\/arantv.az\/wp-content\/uploads\/2025\/04\/m_61743684101.png",640,400,false],"1536x1536":["https:\/\/arantv.az\/wp-content\/uploads\/2025\/04\/m_61743684101.png",649,406,false],"2048x2048":["https:\/\/arantv.az\/wp-content\/uploads\/2025\/04\/m_61743684101.png",649,406,false],"post-thumbnail":["https:\/\/arantv.az\/wp-content\/uploads\/2025\/04\/m_61743684101-240x172.png",240,172,true],"advps-thumb-one":["https:\/\/arantv.az\/wp-content\/uploads\/2025\/04\/m_61743684101.png",649,406,false]},"rttpg_author":{"display_name":"V\u00fcsal Rafiqo\u011flu","author_link":"https:\/\/arantv.az\/?author=2"},"rttpg_comment":0,"rttpg_category":"<a href=\"https:\/\/arantv.az\/?cat=19\" rel=\"category\">G\u00fcnd\u0259m<\/a>","rttpg_excerpt":"Son vaxtlar Erm\u0259nistan tez-tez Az\u0259rbaycan m\u00f6vqel\u0259rini at\u0259\u015f\u0259 tutur. S\u00fclh m\u00fcqavil\u0259si il\u0259 ba\u011fl\u0131 inki\u015faf getdiyi vaxtda m\u00f6vqel\u0259rimizin at\u0259\u015f\u0259 tutulmas\u0131 yeni m\u00fcharib\u0259 g\u00f6zl\u0259nilirmi sual\u0131 yarad\u0131r. Politoloq El\u015f\u0259n Manafov\u00a0BiG.AZ-a bildirib ki, r\u0259smi \u0130r\u0259van onu silahland\u0131ran t\u0259r\u0259fl\u0259rin regionda v\u0259ziyy\u0259ti k\u0259skinl\u0259\u015fdirm\u0259kl\u0259 ba\u011fl\u0131 sifari\u015fl\u0259rind\u0259n \u00e7\u0131x\u0131\u015f ed\u0259r\u0259k at\u0259\u015fk\u0259sin pozulmas\u0131na gedir v\u0259 \u0259slind\u0259 Az\u0259rbaycan\u0131 t\u0259xribata s\u00f6vq etm\u0259kl\u0259 at\u0259\u015fk\u0259sin pozulmas\u0131na g\u00f6r\u0259 m\u0259suliyy\u0259ti onun \u00fcz\u0259rin\u0259&hellip;","_links":{"self":[{"href":"https:\/\/arantv.az\/index.php?rest_route=\/wp\/v2\/posts\/797266"}],"collection":[{"href":"https:\/\/arantv.az\/index.php?rest_route=\/wp\/v2\/posts"}],"about":[{"href":"https:\/\/arantv.az\/index.php?rest_route=\/wp\/v2\/types\/post"}],"author":[{"embeddable":true,"href":"https:\/\/arantv.az\/index.php?rest_route=\/wp\/v2\/users\/2"}],"replies":[{"embeddable":true,"href":"https:\/\/arantv.az\/index.php?rest_route=%2Fwp%2Fv2%2Fcomments&post=797266"}],"version-history":[{"count":1,"href":"https:\/\/arantv.az\/index.php?rest_route=\/wp\/v2\/posts\/797266\/revisions"}],"predecessor-version":[{"id":797268,"href":"https:\/\/arantv.az\/index.php?rest_route=\/wp\/v2\/posts\/797266\/revisions\/797268"}],"wp:featuredmedia":[{"embeddable":true,"href":"https:\/\/arantv.az\/index.php?rest_route=\/wp\/v2\/media\/797267"}],"wp:attachment":[{"href":"https:\/\/arantv.az\/index.php?rest_route=%2Fwp%2Fv2%2Fmedia&parent=797266"}],"wp:term":[{"taxonomy":"category","embeddable":true,"href":"https:\/\/arantv.az\/index.php?rest_route=%2Fwp%2Fv2%2Fcategories&post=797266"},{"taxonomy":"post_tag","embeddable":true,"href":"https:\/\/arantv.az\/index.php?rest_route=%2Fwp%2Fv2%2Ftags&post=797266"}],"curies":[{"name":"wp","href":"https:\/\/api.w.org\/{rel}","templated":true}]}}