{"id":797275,"date":"2025-04-03T20:42:28","date_gmt":"2025-04-03T16:42:28","guid":{"rendered":"https:\/\/arantv.az\/?p=797275"},"modified":"2025-04-03T20:42:28","modified_gmt":"2025-04-03T16:42:28","slug":"bakida-sok-cinay%c9%99t-otaq-yoldasini-oldurub-meyitin-fotosunu-qardasina-gond%c9%99rdi","status":"publish","type":"post","link":"https:\/\/arantv.az\/?p=797275","title":{"rendered":"Bak\u0131da \u015eOK C\u0130NAY\u018fT: Otaq yolda\u015f\u0131n\u0131 \u00f6ld\u00fcr\u00fcb meyitin fotosunu qarda\u015f\u0131na g\u00f6nd\u0259rdi"},"content":{"rendered":"<p><strong>Bak\u0131da a\u011f\u0131r s\u00f6y\u00fc\u015fl\u0259r\u0259 g\u00f6r\u0259 otaq yolda\u015f\u0131n\u0131 q\u0259tl\u0259 yetir\u0259n Hikm\u0259t Muxtarovun m\u0259hk\u0259m\u0259si ba\u015flay\u0131b.<\/strong><\/p>\n<p>Bu g\u00fcn Bak\u0131 A\u011f\u0131r Cinay\u0259tl\u0259r M\u0259hk\u0259m\u0259sind\u0259 hakim Ayt\u0259n \u018fliyevan\u0131n s\u0259drliyi il\u0259 Hikm\u0259t Muxtarovun cinay\u0259t i\u015fi \u00fczr\u0259 m\u0259hk\u0259m\u0259 bax\u0131\u015f\u0131 ke\u00e7irilib.<\/p>\n<p>M\u0259hk\u0259m\u0259 iclas\u0131nda ifad\u0259 ver\u0259n Hikm\u0259t Muxtarov bildirib ki, h\u0259min ax\u015fam kafed\u0259 tan\u0131\u015flar\u0131 il\u0259 piv\u0259 i\u00e7ibl\u0259r. Onlardan ikisi sa\u011folla\u015f\u0131b\u00a0getdikd\u0259n sonra \u00dclvi Qas\u0131movla kiray\u0259d\u0259 qald\u0131qlar\u0131 m\u0259nzil\u0259 qalx\u0131blar. Orada aralar\u0131nda yaranan m\u00fcbahis\u0259 zaman\u0131, \u00dclvi \u00fcnvan\u0131na a\u011f\u0131r s\u00f6y\u00fc\u015fl\u0259r s\u00f6y\u00fcb. D\u0259f\u0259l\u0259rl\u0259 ona x\u0259b\u0259rdarl\u0131q edib ki, nalayiq ifad\u0259l\u0259r i\u015fl\u0259tm\u0259sin. Bundan sonra, \u00fcz\u0259rin\u0259 b\u0131\u00e7aqla g\u0259l\u0259n otaq yolda\u015f\u0131n\u0131n \u0259lind\u0259n m\u0259tb\u0259x b\u0131\u00e7a\u011f\u0131n\u0131 al\u0131b v\u0259 ona 4 d\u0259f\u0259 z\u0259rb\u0259 endirib. Z\u0259rb\u0259l\u0259rd\u0259n \u00fc\u00e7\u00fcn\u00fc qarn\u0131na, ax\u0131r\u0131nc\u0131n\u0131 is\u0259 \u00fcr\u0259yin\u0259 vurub. Hikm\u0259t Muxtarov \u0259m\u0259lind\u0259n pe\u015fman olmad\u0131\u011f\u0131n\u0131 qeyd edib.<\/p>\n<p>Z\u0259r\u0259r\u00e7\u0259klmi\u015f \u015f\u0259xsin h\u00fcquqi varisi, Hikm\u0259t Muxtarovdan n\u0259 s\u0259b\u0259b\u0259 g\u00f6r\u0259, \u00f6ld\u00fcr\u0259nd\u0259n sonra \u00dclvi Qas\u0131movun meyitinin foto\u015f\u0259kilini \u00e7\u0259kib ba\u015fqa \u015f\u0259xs\u0259 g\u00f6nd\u0259rdiyini soru\u015fub.<\/p>\n<p>Sonuncu da t\u0259sdiq edib ki, \u015f\u0259kili qarda\u015f\u0131na m\u0259xsus &#8220;Whatsapp&#8221; t\u0259tbiqin\u0259 g\u00f6nd\u0259rib v\u0259 adam \u00f6ld\u00fcrd\u00fcy\u00fcn\u00fc bildirib.<\/p>\n<p>M\u0259rhumun \u0259misio\u011flu t\u0259qsirl\u0259ndiril\u0259n \u015f\u0259xs\u0259 qanuna m\u00fcvafiq c\u0259za t\u0259yin edilm\u0259sini ist\u0259yib.<\/p>\n<p><strong>M\u0259hk\u0259m\u0259 prosesi davam ed\u0259c\u0259k.\u00a0<\/strong><\/p>\n<p>Qeyd ed\u0259k ki, m\u0259lum hadis\u0259 \u00f6t\u0259n il avqustun 4-\u00fc gec\u0259 saat 1 rad\u0259l\u0259rind\u0259 \u018fliyar \u018fliyev k\u00fc\u00e7\u0259sind\u0259ki evl\u0259rd\u0259n birind\u0259 qeyd\u0259 al\u0131n\u0131b.\u00a01973-c\u00fc il t\u0259v\u0259ll\u00fcdl\u00fc\u00a0\u00dclvi Qas\u0131movun \u00f6ld\u00fcr\u00fclm\u0259si bar\u0259d\u0259 17-ci polis \u015f\u00f6b\u0259sind\u0259n N\u0259rimanov rayon prokurorlu\u011funa m\u0259lumat daxil olub. Ara\u015fd\u0131rma zaman\u0131, Hikm\u0259t Muxtarovun m\u00fcbahis\u0259 zaman\u0131 b\u0131\u00e7aq z\u0259rb\u0259l\u0259ri il\u0259 tan\u0131\u015f\u0131 \u00dclvi Qas\u0131movu q\u0259tl\u0259 yetirm\u0259si m\u00fc\u0259yy\u0259n edilib. Muxtarov \u015f\u00fcbh\u0259li \u015f\u0259xs qismind\u0259 saxlan\u0131l\u0131b.\u00a0 (lent.az)<\/p>\n","protected":false},"excerpt":{"rendered":"<p>Bak\u0131da a\u011f\u0131r s\u00f6y\u00fc\u015fl\u0259r\u0259 g\u00f6r\u0259 otaq yolda\u015f\u0131n\u0131 q\u0259tl\u0259 yetir\u0259n Hikm\u0259t Muxtarovun m\u0259hk\u0259m\u0259si ba\u015flay\u0131b. Bu g\u00fcn Bak\u0131 A\u011f\u0131r Cinay\u0259tl\u0259r M\u0259hk\u0259m\u0259sind\u0259 hakim Ayt\u0259n \u018fliyevan\u0131n s\u0259drliyi il\u0259 Hikm\u0259t Muxtarovun cinay\u0259t i\u015fi \u00fczr\u0259 m\u0259hk\u0259m\u0259 bax\u0131\u015f\u0131 ke\u00e7irilib. M\u0259hk\u0259m\u0259 iclas\u0131nda ifad\u0259 ver\u0259n Hikm\u0259t Muxtarov bildirib ki, h\u0259min ax\u015fam kafed\u0259 tan\u0131\u015flar\u0131 il\u0259 piv\u0259 i\u00e7ibl\u0259r. Onlardan ikisi sa\u011folla\u015f\u0131b\u00a0getdikd\u0259n sonra \u00dclvi Qas\u0131movla kiray\u0259d\u0259 qald\u0131qlar\u0131 m\u0259nzil\u0259 qalx\u0131blar. Orada aralar\u0131nda yaranan m\u00fcbahis\u0259 zaman\u0131, \u00dclvi \u00fcnvan\u0131na a\u011f\u0131r s\u00f6y\u00fc\u015fl\u0259r s\u00f6y\u00fcb. D\u0259f\u0259l\u0259rl\u0259 ona x\u0259b\u0259rdarl\u0131q edib ki, nalayiq ifad\u0259l\u0259r i\u015fl\u0259tm\u0259sin. Bundan sonra, \u00fcz\u0259rin\u0259 b\u0131\u00e7aqla g\u0259l\u0259n otaq yolda\u015f\u0131n\u0131n \u0259lind\u0259n m\u0259tb\u0259x b\u0131\u00e7a\u011f\u0131n\u0131 al\u0131b v\u0259 ona 4 d\u0259f\u0259 z\u0259rb\u0259&hellip;<\/p>\n","protected":false},"author":2,"featured_media":797276,"comment_status":"closed","ping_status":"closed","sticky":false,"template":"","format":"standard","meta":{"om_disable_all_campaigns":false,"_monsterinsights_skip_tracking":false,"_monsterinsights_sitenote_active":false,"_monsterinsights_sitenote_note":"","_monsterinsights_sitenote_category":0},"categories":[5],"tags":[],"aioseo_notices":[],"gutentor_comment":0,"rttpg_featured_image_url":{"full":["https:\/\/arantv.az\/wp-content\/uploads\/2025\/04\/8e48d4051b4c00ed930245e5253cff6d.jpg",740,493,false],"landscape":["https:\/\/arantv.az\/wp-content\/uploads\/2025\/04\/8e48d4051b4c00ed930245e5253cff6d.jpg",740,493,false],"portraits":["https:\/\/arantv.az\/wp-content\/uploads\/2025\/04\/8e48d4051b4c00ed930245e5253cff6d.jpg",740,493,false],"thumbnail":["https:\/\/arantv.az\/wp-content\/uploads\/2025\/04\/8e48d4051b4c00ed930245e5253cff6d-500x280.jpg",500,280,true],"medium":["https:\/\/arantv.az\/wp-content\/uploads\/2025\/04\/8e48d4051b4c00ed930245e5253cff6d-548x365.jpg",548,365,true],"large":["https:\/\/arantv.az\/wp-content\/uploads\/2025\/04\/8e48d4051b4c00ed930245e5253cff6d.jpg",640,426,false],"1536x1536":["https:\/\/arantv.az\/wp-content\/uploads\/2025\/04\/8e48d4051b4c00ed930245e5253cff6d.jpg",740,493,false],"2048x2048":["https:\/\/arantv.az\/wp-content\/uploads\/2025\/04\/8e48d4051b4c00ed930245e5253cff6d.jpg",740,493,false],"post-thumbnail":["https:\/\/arantv.az\/wp-content\/uploads\/2025\/04\/8e48d4051b4c00ed930245e5253cff6d-240x172.jpg",240,172,true],"advps-thumb-one":["https:\/\/arantv.az\/wp-content\/uploads\/2025\/04\/8e48d4051b4c00ed930245e5253cff6d.jpg",740,493,false]},"rttpg_author":{"display_name":"V\u00fcsal Rafiqo\u011flu","author_link":"https:\/\/arantv.az\/?author=2"},"rttpg_comment":0,"rttpg_category":"<a href=\"https:\/\/arantv.az\/?cat=5\" rel=\"category\">Hadis\u0259<\/a>","rttpg_excerpt":"Bak\u0131da a\u011f\u0131r s\u00f6y\u00fc\u015fl\u0259r\u0259 g\u00f6r\u0259 otaq yolda\u015f\u0131n\u0131 q\u0259tl\u0259 yetir\u0259n Hikm\u0259t Muxtarovun m\u0259hk\u0259m\u0259si ba\u015flay\u0131b. Bu g\u00fcn Bak\u0131 A\u011f\u0131r Cinay\u0259tl\u0259r M\u0259hk\u0259m\u0259sind\u0259 hakim Ayt\u0259n \u018fliyevan\u0131n s\u0259drliyi il\u0259 Hikm\u0259t Muxtarovun cinay\u0259t i\u015fi \u00fczr\u0259 m\u0259hk\u0259m\u0259 bax\u0131\u015f\u0131 ke\u00e7irilib. M\u0259hk\u0259m\u0259 iclas\u0131nda ifad\u0259 ver\u0259n Hikm\u0259t Muxtarov bildirib ki, h\u0259min ax\u015fam kafed\u0259 tan\u0131\u015flar\u0131 il\u0259 piv\u0259 i\u00e7ibl\u0259r. Onlardan ikisi sa\u011folla\u015f\u0131b\u00a0getdikd\u0259n sonra \u00dclvi Qas\u0131movla kiray\u0259d\u0259 qald\u0131qlar\u0131 m\u0259nzil\u0259&hellip;","_links":{"self":[{"href":"https:\/\/arantv.az\/index.php?rest_route=\/wp\/v2\/posts\/797275"}],"collection":[{"href":"https:\/\/arantv.az\/index.php?rest_route=\/wp\/v2\/posts"}],"about":[{"href":"https:\/\/arantv.az\/index.php?rest_route=\/wp\/v2\/types\/post"}],"author":[{"embeddable":true,"href":"https:\/\/arantv.az\/index.php?rest_route=\/wp\/v2\/users\/2"}],"replies":[{"embeddable":true,"href":"https:\/\/arantv.az\/index.php?rest_route=%2Fwp%2Fv2%2Fcomments&post=797275"}],"version-history":[{"count":1,"href":"https:\/\/arantv.az\/index.php?rest_route=\/wp\/v2\/posts\/797275\/revisions"}],"predecessor-version":[{"id":797277,"href":"https:\/\/arantv.az\/index.php?rest_route=\/wp\/v2\/posts\/797275\/revisions\/797277"}],"wp:featuredmedia":[{"embeddable":true,"href":"https:\/\/arantv.az\/index.php?rest_route=\/wp\/v2\/media\/797276"}],"wp:attachment":[{"href":"https:\/\/arantv.az\/index.php?rest_route=%2Fwp%2Fv2%2Fmedia&parent=797275"}],"wp:term":[{"taxonomy":"category","embeddable":true,"href":"https:\/\/arantv.az\/index.php?rest_route=%2Fwp%2Fv2%2Fcategories&post=797275"},{"taxonomy":"post_tag","embeddable":true,"href":"https:\/\/arantv.az\/index.php?rest_route=%2Fwp%2Fv2%2Ftags&post=797275"}],"curies":[{"name":"wp","href":"https:\/\/api.w.org\/{rel}","templated":true}]}}