{"id":797285,"date":"2025-04-04T10:00:21","date_gmt":"2025-04-04T06:00:21","guid":{"rendered":"https:\/\/arantv.az\/?p=797285"},"modified":"2025-04-04T10:00:21","modified_gmt":"2025-04-04T06:00:21","slug":"pezeskianin-kritik-s%c9%99f%c9%99ri-bakidan-z%c9%99man%c9%99t-n%c9%99-dem%c9%99k","status":"publish","type":"post","link":"https:\/\/arantv.az\/?p=797285","title":{"rendered":"Peze\u015fkian\u0131n kritik s\u0259f\u0259ri: \u201cBak\u0131dan z\u0259man\u0259t\u201d n\u0259 dem\u0259k?"},"content":{"rendered":"<p><strong>\u0130ran g\u00f6zl\u0259nil\u0259n h\u0259rbi m\u00fcdaxil\u0259ni \u00f6nl\u0259m\u0259k \u00fc\u00e7\u00fcn Az\u0259rbaycan\u0131n diplomatik s\u0259yl\u0259rini i\u015f\u0259 salmas\u0131n\u0131 xahi\u015f ed\u0259 bil\u0259r<\/strong><\/p>\n<p><em>\u0130ran AB\u015e-\u0131n t\u0259l\u0259bl\u0259rini yerin\u0259 yetir\u0259r\u0259k n\u00fcv\u0259 silah\u0131 yaratmaq planlar\u0131ndan \u0259l \u00e7\u0259km\u0259s\u0259, sentyabr ay\u0131na q\u0259d\u0259r m\u00f6vcudlu\u011funu dayand\u0131racaq. M\u0259lumat\u0131 Britaniyan\u0131n \u201cThe Daily Express\u201d q\u0259zetin\u0259 AB\u015e Prezidenti Donald Tramp\u0131n administrasiyas\u0131na yax\u0131n m\u0259nb\u0259 bildirib. \u201cNiyy\u0259tl\u0259rin ayd\u0131n \u015f\u0259kild\u0259 ba\u015fa d\u00fc\u015f\u00fclm\u0259si var. \u0130ran\u0131n vaxt\u0131 azal\u0131r. \u018fg\u0259r onlar \u0130ran\u0131n n\u00fcv\u0259 imkanlar\u0131n\u0131n tam yoxlan\u0131lmas\u0131 v\u0259 onlar\u0131n tam s\u00f6k\u00fclm\u0259si bar\u0259d\u0259 prezident Tramp\u0131n s\u0259xav\u0259tli t\u0259klifin\u0259 cavab verm\u0259s\u0259l\u0259r, sentyabra q\u0259d\u0259r \u0130ran art\u0131q m\u00f6vcud olmayacaq. Bu, bu q\u0259d\u0259r sad\u0259dir\u201d, &#8211; dey\u0259 n\u0259\u015fr bildirir.<\/em><\/p>\n<p>\u0130srail h\u00f6kum\u0259tind\u0259ki m\u0259nb\u0259 n\u0259\u015fr\u0259 t\u0259sdiql\u0259yib ki, Tehran n\u00fcv\u0259 sazi\u015fi \u00fczr\u0259 dan\u0131\u015f\u0131qlar\u0131 b\u0259rpa etm\u0259s\u0259, \u0130srail v\u0259 AB\u015e onun n\u00fcv\u0259 obyektl\u0259rin\u0259 z\u0259rb\u0259l\u0259r endir\u0259c\u0259kl\u0259r. \u201cD\u0259qiqi olan budur ki, \u0130ran \u00f6z m\u00f6vqeyini k\u0259skin \u015f\u0259kild\u0259 d\u0259yi\u015fm\u0259kd\u0259n imtina ed\u0259rs\u0259, z\u0259rb\u0259 endiril\u0259c\u0259k. Cavab verilm\u0259li olan yegan\u0259 sual bel\u0259 bir z\u0259rb\u0259nin n\u0259 vaxt ba\u015f ver\u0259c\u0259yidir\u201d, &#8211; m\u0259nb\u0259 \u201cThe Daily Express\u201d\u0259 bildirib.<\/p>\n<p>Mart\u0131n 30-da Tramp deyib ki, \u0130ran\u0131n n\u00fcv\u0259 proqram\u0131 il\u0259 ba\u011fl\u0131 dan\u0131\u015f\u0131qlarda ir\u0259lil\u0259yi\u015f olmazsa, iki h\u0259ft\u0259 \u0259rzind\u0259 \u0130rana ikinci d\u0259r\u0259c\u0259li tarifl\u0259r t\u0259tbiq ed\u0259c\u0259k. O, h\u0259d\u0259l\u0259yib ki, \u0259g\u0259r raz\u0131la\u015fma tamamil\u0259 r\u0259dd edils\u0259, \u00f6lk\u0259 g\u00f6r\u00fcnm\u0259mi\u015f bombardmanlarla \u00fczl\u0259\u015f\u0259c\u0259k. \u0130ran\u0131n ali dini lideri \u018fli Xameneyi Tramp\u0131n t\u0259hdidl\u0259rin\u0259 cavab ver\u0259r\u0259k qeyd edib ki, o, AB\u015e-\u0131n h\u0259rbi m\u00fcdaxil\u0259si ehtimal\u0131na inanm\u0131r, lakin Va\u015finqton respublikada \u00fcsyan qald\u0131rma\u011fa c\u0259hd ets\u0259, s\u0259rt cavab alacaq.<\/p>\n<p>Bu arada is\u0259 \u0130ran prezidenti M\u0259sud Peze\u015fkian\u0131n bu ay Az\u0259rbaycana s\u0259f\u0259r ed\u0259c\u0259yi haqda informasiyalar yay\u0131l\u0131b. Bu, onun d\u00f6vl\u0259t ba\u015f\u00e7\u0131s\u0131 kimi \u00f6lk\u0259miz\u0259 ilk r\u0259smi s\u0259f\u0259ri olacaq. Bundan \u0259vv\u0259l h\u0259r iki \u00f6lk\u0259 prezidentinin xarici siyas\u0259t m\u0259s\u0259l\u0259l\u0259ri \u00fczr\u0259 k\u00f6m\u0259k\u00e7il\u0259ri &#8211; Mehdi S\u0259nai v\u0259 Hikm\u0259t Hac\u0131yev qar\u015f\u0131l\u0131ql\u0131 s\u0259f\u0259rl\u0259r edibl\u0259r.\u00a0 Bundan \u0259lav\u0259,\u00a0 h\u0259r iki prezident Novruz v\u0259 Ramazan bayramlar\u0131 m\u00fcnasib\u0259ti il\u0259 telefon dan\u0131\u015f\u0131\u011f\u0131 da apar\u0131blar. Yeri g\u0259lmi\u015fk\u0259n, xat\u0131rladaq ki, Peze\u015fkian 2024-c\u00fc ilin noyabr\u0131nda Bak\u0131da ke\u00e7iril\u0259n iqlim konfrans\u0131na g\u0259lm\u0259di.<\/p>\n<p>\u201cThe Daily Express\u201din yaz\u0131s\u0131ndan da ayd\u0131n olur ki,\u00a0 \u0130ranla yeni n\u00fcv\u0259 sazi\u015fi il\u0259 ba\u011fl\u0131 raz\u0131la\u015fma \u0259ld\u0259 olunmasa, b\u00f6lg\u0259d\u0259 m\u00fcharib\u0259 riski daha da artacaq. \u0130ran h\u00f6kum\u0259ti bu t\u0259hdidl\u0259rin realla\u015faca\u011f\u0131 t\u0259qdird\u0259 cavab t\u0259dbirl\u0259ri g\u00f6r\u0259c\u0259yini a\u00e7\u0131q \u015f\u0259kild\u0259 bildirm\u0259y\u0259 \u00e7al\u0131\u015f\u0131r. H\u0259m\u00e7inin Tehran artan t\u0259hl\u00fck\u0259 fonunda Rusiya v\u0259 \u00c7inl\u0259 \u0259laq\u0259l\u0259rini g\u00fccl\u0259ndirm\u0259y\u0259 \u00e7al\u0131\u015f\u0131r.<\/p>\n<p>Tehran b\u0259yan edir ki, AB\u015e \u0130rana d\u0259qiq hava z\u0259rb\u0259l\u0259ri endir\u0259rs\u0259, \u0130ran\u0131n da \u0130raq, B\u0259hreyn, K\u00fcveyt, Q\u0259t\u0259r v\u0259 B\u018f\u018f d\u0259 daxil olmaqla, k\u00f6rf\u0259zd\u0259ki Amerika bazalar\u0131na z\u0259rb\u0259l\u0259r vurmaq imkan\u0131 m\u00f6vcuddur. Tehran hesab edir ki, bu, AB\u015e-\u0131 h\u00fccum plan\u0131n\u0131 yenid\u0259n n\u0259z\u0259rd\u0259n ke\u00e7irm\u0259y\u0259 vadar ed\u0259 bil\u0259r.<\/p>\n<p>Peze\u015fkian\u0131n m\u00fcmk\u00fcn s\u0259f\u0259ri konteksind\u0259 \u0130ran\u0131n m\u00fcmk\u00fcn m\u00fcnaqi\u015f\u0259 v\u0259ziyy\u0259tind\u0259 Az\u0259rbaycan\u0131n Tehrana qar\u015f\u0131 f\u0259al \u0259m\u0259liyyatlara qo\u015fulmayaca\u011f\u0131na z\u0259man\u0259t almaq ist\u0259m\u0259si bar\u0259d\u0259 iddialar dola\u015f\u0131r.<\/p>\n<p>R\u0259smi Bak\u0131 d\u0259f\u0259l\u0259rl\u0259 bildirib ki, Az\u0259rbaycan qon\u015fu \u00f6lk\u0259l\u0259rl\u0259 ba\u011fl\u0131 bu c\u00fcr planlarda i\u015ftirak etm\u0259y\u0259c\u0259k. Az\u0259rbaycan bu m\u00fcnaqi\u015f\u0259d\u0259n uzaq durma\u011fa, balansla\u015fd\u0131r\u0131lm\u0131\u015f siyas\u0259tini davam etdirm\u0259y\u0259, m\u00fcmk\u00fcn olan m\u0259nfi n\u0259tic\u0259l\u0259ri minimuma endirm\u0259y\u0259 \u00e7al\u0131\u015facaq.<\/p>\n<p><strong>Bel\u0259 oldu\u011fu halda, \u201cBak\u0131dan z\u0259man\u0259t\u201d n\u0259 dem\u0259kdir? Az\u0259rbaycan\u0131n ehtimal olunan m\u00fcnaqi\u015f\u0259y\u0259 qo\u015fulmayaca\u011f\u0131n\u0131 d\u0259f\u0259l\u0259rl\u0259 elan etdiyi m\u0259lumdur. B\u0259s \u0130ran n\u0259d\u0259n narahatd\u0131r?<\/strong><\/p>\n<p><strong><img src=\"https:\/\/files.modern.az\/articles\/2022\/06\/13\/1655131686_404201.jpg\" alt=\"M\u00fct\u0259llim R\u0259himlinin yeni kitab\u0131 n\u0259\u015fr olunub - FOTO\" \/><\/strong><\/p>\n<p><strong>M\u00fct\u0259llim R\u0259himli<\/strong><\/p>\n<p><strong>\u018fdal\u0259t Partiyas\u0131n\u0131n s\u0259dr m\u00fcavini, siyasi ekspert M\u00fct\u0259llim R\u0259himli \u201cYeni M\u00fcsavat\u201da bildirdi ki, son g\u00fcnl\u0259r Q\u0259rb m\u0259tbuat\u0131 \u0130srail v\u0259 AB\u015e-\u0131n \u0130ran\u0131n n\u00fcv\u0259 obyektl\u0259rin\u0259 z\u0259rb\u0259l\u0259r endir\u0259c\u0259yi il\u0259 ba\u011fl\u0131 m\u0259lumatlar yay\u0131rlar:<\/strong>\u00a0\u201c\u0130ranla ba\u011fl\u0131 informasiyalara kifay\u0259t q\u0259d\u0259r ciddi yana\u015fmaq laz\u0131md\u0131r. \u00c7\u00fcnki AB\u015e \u00c7inl\u0259 Avropa aras\u0131ndak\u0131 \u015fimal mar\u015frutunun ba\u011flanmas\u0131na nail olub. Ukrayna problemi qald\u0131qca bu m\u0259s\u0259l\u0259 h\u0259ll olmayacaq. \u0130ran is\u0259 h\u0259m \u00c7inl\u0259, h\u0259m d\u0259 Avropa il\u0259 \u0259laq\u0259l\u0259r\u0259 malikdir. Avropa g\u0259l\u0259c\u0259kd\u0259 \u00c7inl\u0259 \u0259laq\u0259l\u0259rini \u0130ran \u00fcz\u0259rind\u0259n qurma\u011fa \u00e7al\u0131\u015facaq. Haz\u0131rda is\u0259 \u0130ran \u00c7in \u00fc\u00e7\u00fcn olduqca vacib partnyordu. \u00c7in enerji v\u0259 yanacaq t\u0259l\u0259bat\u0131n\u0131 \u0130ran\u0131n hesab\u0131na qar\u015f\u0131lamaqdad\u0131r. H\u0259m d\u0259 bu \u0130ran sanksiyalara m\u0259ruz qald\u0131\u011f\u0131ndan kifay\u0259t q\u0259d\u0259r ucuz ba\u015fa g\u0259lir. \u0130ran\u0131n vurulmas\u0131 il\u0259 Birl\u0259\u015fmi\u015f \u015etatlar \u00c7ini enerji m\u0259nb\u0259yind\u0259n m\u0259hrum etm\u0259k, Avropan\u0131n is\u0259 g\u0259l\u0259c\u0259k \u00fcmidl\u0259rinin \u00fcst\u00fcnd\u0259n x\u0259tt \u00e7\u0259km\u0259k niyy\u0259tind\u0259dir: &#8220;Sanksiyalar alt\u0131ndak\u0131 \u0130ran \u00c7inin inki\u015fafina, sanksiyalardan xilas olan \u0130ran is\u0259 Avropan\u0131n m\u00fcst\u0259qilliyin\u0259 xidm\u0259t etmi\u015f olur. Ona g\u00f6r\u0259 d\u0259 \u00fc\u00e7\u00fcnc\u00fc variant i\u015f\u0259 sal\u0131nmaqdad\u0131r. Art\u0131q yay\u0131lan x\u0259b\u0259rl\u0259rd\u0259 \u00c7inin AB\u015e-\u0131n h\u00fccumlar\u0131na qar\u015f\u0131 m\u00fcqavim\u0259t g\u00f6st\u0259rm\u0259kd\u0259 \u0130rana k\u00f6m\u0259k ed\u0259c\u0259yi bildirilir. R\u0259smi Tehran g\u00f6zl\u0259nil\u0259n h\u0259rbi m\u00fcdaxil\u0259y\u0259 qar\u015f\u0131 daha geni\u015f koalisiya formala\u015fd\u0131rmaq v\u0259 m\u00fcmk\u00fcn olarsa, \u0259m\u0259liyyatlar ba\u015flamam\u0131\u015f onun qar\u015f\u0131s\u0131n\u0131 alma\u011f\u0131 h\u0259d\u0259fl\u0259yir. Buna g\u00f6r\u0259 d\u0259 prezident M\u0259sud Peze\u015fkian\u0131n Az\u0259rbaycana g\u00f6zl\u0259nil\u0259n s\u0259f\u0259rinin m\u0259qs\u0259di haqq\u0131nda dan\u0131\u015fmaq m\u00fcmk\u00fcnd\u00fcr&#8221;.<\/p>\n<p><strong>Ekspert qeyd etdi ki, r\u0259smi Tehran h\u0259mi\u015f\u0259 Az\u0259rbaycan\u0131n \u0130sraill\u0259 yax\u0131n m\u00fcnasib\u0259tl\u0259rind\u0259n narahat oldu\u011funu v\u0259 bu \u0259laq\u0259l\u0259rin ona qar\u015f\u0131 y\u00f6n\u0259l\u0259 bil\u0259c\u0259yind\u0259n \u015f\u00fcbh\u0259l\u0259ndiyini b\u0259yan edir:<\/strong>\u00a0\u201cH\u0259tta \u0130ran bir ne\u00e7\u0259 d\u0259f\u0259 \u0130srailin casus \u015f\u0259b\u0259k\u0259l\u0259rinin guya \u00f6lk\u0259mizd\u0259 yerl\u0259\u015fdirilm\u0259si il\u0259 ba\u011fl\u0131 \u0259sass\u0131z informasiyalar da yaym\u0131\u015fd\u0131. Az\u0259rbaycan d\u0259f\u0259l\u0259rl\u0259 \u00f6z r\u0259smi m\u00f6vqeyini ifad\u0259 edib. \u00d6lk\u0259miz he\u00e7 bir munaqi\u015f\u0259d\u0259 t\u0259r\u0259f olmaq niyy\u0259tind\u0259 deyil. \u0130randa bizim \u00e7oxmilyonlu soyda\u015flar\u0131m\u0131z ya\u015fay\u0131r. Bizim onlarla m\u0259d\u0259ni \u0259laq\u0259l\u0259rin inki\u015faf\u0131na ehtiyac\u0131m\u0131z var. \u0130nsanlar c\u0259nubda ya\u015fayan qohumlar\u0131 il\u0259 he\u00e7 bir mane\u0259 olmadan \u0259laq\u0259 saxlamaq, s\u0259rb\u0259st gedi\u015f-g\u0259li\u015f etm\u0259k ist\u0259yirl\u0259r. Lakin \u0130ran t\u0259r\u0259fi \u00fc\u00e7\u00fcnc\u00fc t\u0259r\u0259fin yalanlar\u0131 \u0259sas\u0131nda Az\u0259rbaycanla m\u00fcnasib\u0259tl\u0259rini t\u0259nziml\u0259y\u0259 bilmir. Halbuki Peze\u015fkian prezident se\u00e7il\u0259nd\u0259n sonra ilk s\u0259f\u0259rini Az\u0259rbaycana etm\u0259li, \u0259n yax\u0131n qon\u015fusu il\u0259 ciddi t\u0259maslara \u00fcst\u00fcnl\u00fck verm\u0259li idi. \u0130ran bizd\u0259n uzaq qald\u0131qca s\u0259hv m\u0259lumatlar \u0259sas\u0131nda do\u011fru olmayan q\u0259rarlar al\u0131r\u201d.<\/p>\n<p><strong>N\u00f6vb\u0259ti m\u0259rh\u0259l\u0259d\u0259 \u0130ran-Az\u0259rbaycan m\u00fcnasib\u0259tl\u0259rinin hans\u0131 m\u0259craya d\u00fc\u015f\u0259c\u0259yi, hans\u0131 istiqam\u0259t\u0259 y\u00f6n\u0259l\u0259c\u0259yi d\u0259 c\u0259miyy\u0259td\u0259 maraq do\u011furur.<\/strong><\/p>\n<p><strong><img loading=\"lazy\" src=\"https:\/\/www.mia.az\/uploads\/img\/posts\/2024\/08\/31\/eli-orucjpg-1725048208.jpg\" alt=\"\u018fli Orucov: &quot;M\u0259n \u00fcz\u0259rim\u0259 b\u00f6y\u00fck m\u0259suliyy\u0259t g\u00f6t\u00fcrd\u00fcy\u00fcm\u00fcn f\u0259rqind\u0259y\u0259m...&quot; -  M\u00dcSAH\u0130B\u018f\" width=\"776\" height=\"482\" \/><\/strong><\/p>\n<p><strong>\u018fli Orucov<\/strong><\/p>\n<p>Baki-xeber.com-a a\u00e7\u0131qlamas\u0131nda politoloq \u018fli Orucov bildirib ki, \u0130ran-Amerika qar\u015f\u0131durmas\u0131n\u0131n t\u0259hl\u00fck\u0259li fazaya q\u0259d\u0259m qoymas\u0131 region \u00fc\u00e7\u00fcn d\u0259 h\u0259y\u0259canl\u0131 durum yarad\u0131r: \u201cX\u00fcsus\u0259n d\u0259 Az\u0259rbaycan risk alt\u0131na d\u00fc\u015f\u00fcr. \u0130ran b\u0259yan edib ki, cavab z\u0259rb\u0259l\u0259rini Birl\u0259\u015fmi\u015f \u015etatlar\u0131n strateji \u0259h\u0259miyy\u0259t k\u0259sb ed\u0259n obyektl\u0259rin\u0259 d\u0259 endir\u0259c\u0259k. Bel\u0259 olan halda Sanqa\u00e7al neft terminal\u0131 v\u0259 BTC neft boru x\u0259tti h\u0259d\u0259f hal\u0131na g\u0259lir. Dig\u0259r t\u0259r\u0259fd\u0259n, \u0130ran m\u00fcharib\u0259y\u0259 c\u0259lb edil\u0259rs\u0259, Az\u0259rbaycan qa\u00e7q\u0131n ax\u0131n\u0131 il\u0259 \u00fczb\u0259\u00fcz qalar ki, bu da humanitar b\u00f6hrana yol a\u00e7ar.<\/p>\n<p>Eyni zamanda yaranacaq iqtisadi probleml\u0259ri d\u0259 n\u0259z\u0259r\u0259 almaq laz\u0131md\u0131r. Az\u0259rbaycan \u0130ran\u0131n ticar\u0259t t\u0259r\u0259fda\u015f\u0131 olan \u00f6lk\u0259l\u0259r s\u0131ralamas\u0131nda ilk yerd\u0259dir. Ona g\u00f6r\u0259 d\u0259 Az\u0259rbaycan \u00fc\u00e7\u00fcn \u0130rana h\u0259r hans\u0131 h\u0259rbi m\u00fcdaxil\u0259 s\u0131rf etmir v\u0259 bunun ver\u0259c\u0259yi f\u0259sadlar\u0131 anlay\u0131r. Bak\u0131n\u0131n xarici siyas\u0259t kursu mehriban qon\u015fuluq v\u0259 \u0259m\u0259kda\u015fl\u0131q \u00fcz\u0259rind\u0259 qurulub. \u0130randan da eynisini g\u00f6zl\u0259yirik. \u0130ran Prezidenti M. Peze\u015fkian\u0131n Az\u0259rbaycana g\u00f6zl\u0259nil\u0259n s\u0259f\u0259rinin d\u0259 \u0259sas\u0259n t\u0259hl\u00fck\u0259sizlikl\u0259 ba\u011fl\u0131 olaca\u011f\u0131 \u015f\u00fcbh\u0259 do\u011furmur.<\/p>\n<p>Qeyd etm\u0259k laz\u0131md\u0131r ki, Az\u0259rbaycan\u0131n d\u00fcnya siyas\u0259tind\u0259 m\u00f6vqeyin\u0259 h\u00f6rm\u0259t qoyulur v\u0259 s\u0259si e\u015fidilir. Bak\u0131n\u0131n regional v\u0259 beyn\u0259lxalq n\u00fcfuzundan \u0130rana g\u00f6zl\u0259nil\u0259n h\u0259rbi m\u00fcdaxil\u0259ni \u00f6nl\u0259m\u0259k v\u0259 diplomatik s\u0259yl\u0259ri i\u015f\u0259 salmaq da xahi\u015f oluna bil\u0259r&#8221;.<\/p>\n","protected":false},"excerpt":{"rendered":"<p>\u0130ran g\u00f6zl\u0259nil\u0259n h\u0259rbi m\u00fcdaxil\u0259ni \u00f6nl\u0259m\u0259k \u00fc\u00e7\u00fcn Az\u0259rbaycan\u0131n diplomatik s\u0259yl\u0259rini i\u015f\u0259 salmas\u0131n\u0131 xahi\u015f ed\u0259 bil\u0259r \u0130ran AB\u015e-\u0131n t\u0259l\u0259bl\u0259rini yerin\u0259 yetir\u0259r\u0259k n\u00fcv\u0259 silah\u0131 yaratmaq planlar\u0131ndan \u0259l \u00e7\u0259km\u0259s\u0259, sentyabr ay\u0131na q\u0259d\u0259r m\u00f6vcudlu\u011funu dayand\u0131racaq. M\u0259lumat\u0131 Britaniyan\u0131n \u201cThe Daily Express\u201d q\u0259zetin\u0259 AB\u015e Prezidenti Donald Tramp\u0131n administrasiyas\u0131na yax\u0131n m\u0259nb\u0259 bildirib. \u201cNiyy\u0259tl\u0259rin ayd\u0131n \u015f\u0259kild\u0259 ba\u015fa d\u00fc\u015f\u00fclm\u0259si var. \u0130ran\u0131n vaxt\u0131 azal\u0131r. \u018fg\u0259r onlar \u0130ran\u0131n n\u00fcv\u0259 imkanlar\u0131n\u0131n tam yoxlan\u0131lmas\u0131 v\u0259 onlar\u0131n tam s\u00f6k\u00fclm\u0259si bar\u0259d\u0259 prezident Tramp\u0131n s\u0259xav\u0259tli t\u0259klifin\u0259 cavab verm\u0259s\u0259l\u0259r, sentyabra q\u0259d\u0259r \u0130ran art\u0131q m\u00f6vcud olmayacaq. Bu, bu q\u0259d\u0259r sad\u0259dir\u201d, &#8211; dey\u0259 n\u0259\u015fr bildirir. \u0130srail h\u00f6kum\u0259tind\u0259ki m\u0259nb\u0259 n\u0259\u015fr\u0259 t\u0259sdiql\u0259yib&hellip;<\/p>\n","protected":false},"author":2,"featured_media":797286,"comment_status":"closed","ping_status":"closed","sticky":false,"template":"","format":"standard","meta":{"om_disable_all_campaigns":false,"_monsterinsights_skip_tracking":false,"_monsterinsights_sitenote_active":false,"_monsterinsights_sitenote_note":"","_monsterinsights_sitenote_category":0},"categories":[4],"tags":[],"aioseo_notices":[],"gutentor_comment":0,"rttpg_featured_image_url":{"full":["https:\/\/arantv.az\/wp-content\/uploads\/2025\/04\/5d34bfcefa9b7ce6b4d83397f389cb33.jpg",870,500,false],"landscape":["https:\/\/arantv.az\/wp-content\/uploads\/2025\/04\/5d34bfcefa9b7ce6b4d83397f389cb33.jpg",870,500,false],"portraits":["https:\/\/arantv.az\/wp-content\/uploads\/2025\/04\/5d34bfcefa9b7ce6b4d83397f389cb33.jpg",870,500,false],"thumbnail":["https:\/\/arantv.az\/wp-content\/uploads\/2025\/04\/5d34bfcefa9b7ce6b4d83397f389cb33-500x280.jpg",500,280,true],"medium":["https:\/\/arantv.az\/wp-content\/uploads\/2025\/04\/5d34bfcefa9b7ce6b4d83397f389cb33-635x365.jpg",635,365,true],"large":["https:\/\/arantv.az\/wp-content\/uploads\/2025\/04\/5d34bfcefa9b7ce6b4d83397f389cb33-840x483.jpg",640,368,true],"1536x1536":["https:\/\/arantv.az\/wp-content\/uploads\/2025\/04\/5d34bfcefa9b7ce6b4d83397f389cb33.jpg",870,500,false],"2048x2048":["https:\/\/arantv.az\/wp-content\/uploads\/2025\/04\/5d34bfcefa9b7ce6b4d83397f389cb33.jpg",870,500,false],"post-thumbnail":["https:\/\/arantv.az\/wp-content\/uploads\/2025\/04\/5d34bfcefa9b7ce6b4d83397f389cb33-240x172.jpg",240,172,true],"advps-thumb-one":["https:\/\/arantv.az\/wp-content\/uploads\/2025\/04\/5d34bfcefa9b7ce6b4d83397f389cb33.jpg",870,500,false]},"rttpg_author":{"display_name":"V\u00fcsal Rafiqo\u011flu","author_link":"https:\/\/arantv.az\/?author=2"},"rttpg_comment":0,"rttpg_category":"<a href=\"https:\/\/arantv.az\/?cat=4\" rel=\"category\">Siyas\u0259t<\/a>","rttpg_excerpt":"\u0130ran g\u00f6zl\u0259nil\u0259n h\u0259rbi m\u00fcdaxil\u0259ni \u00f6nl\u0259m\u0259k \u00fc\u00e7\u00fcn Az\u0259rbaycan\u0131n diplomatik s\u0259yl\u0259rini i\u015f\u0259 salmas\u0131n\u0131 xahi\u015f ed\u0259 bil\u0259r \u0130ran AB\u015e-\u0131n t\u0259l\u0259bl\u0259rini yerin\u0259 yetir\u0259r\u0259k n\u00fcv\u0259 silah\u0131 yaratmaq planlar\u0131ndan \u0259l \u00e7\u0259km\u0259s\u0259, sentyabr ay\u0131na q\u0259d\u0259r m\u00f6vcudlu\u011funu dayand\u0131racaq. M\u0259lumat\u0131 Britaniyan\u0131n \u201cThe Daily Express\u201d q\u0259zetin\u0259 AB\u015e Prezidenti Donald Tramp\u0131n administrasiyas\u0131na yax\u0131n m\u0259nb\u0259 bildirib. \u201cNiyy\u0259tl\u0259rin ayd\u0131n \u015f\u0259kild\u0259 ba\u015fa d\u00fc\u015f\u00fclm\u0259si var. \u0130ran\u0131n vaxt\u0131 azal\u0131r. \u018fg\u0259r onlar&hellip;","_links":{"self":[{"href":"https:\/\/arantv.az\/index.php?rest_route=\/wp\/v2\/posts\/797285"}],"collection":[{"href":"https:\/\/arantv.az\/index.php?rest_route=\/wp\/v2\/posts"}],"about":[{"href":"https:\/\/arantv.az\/index.php?rest_route=\/wp\/v2\/types\/post"}],"author":[{"embeddable":true,"href":"https:\/\/arantv.az\/index.php?rest_route=\/wp\/v2\/users\/2"}],"replies":[{"embeddable":true,"href":"https:\/\/arantv.az\/index.php?rest_route=%2Fwp%2Fv2%2Fcomments&post=797285"}],"version-history":[{"count":1,"href":"https:\/\/arantv.az\/index.php?rest_route=\/wp\/v2\/posts\/797285\/revisions"}],"predecessor-version":[{"id":797287,"href":"https:\/\/arantv.az\/index.php?rest_route=\/wp\/v2\/posts\/797285\/revisions\/797287"}],"wp:featuredmedia":[{"embeddable":true,"href":"https:\/\/arantv.az\/index.php?rest_route=\/wp\/v2\/media\/797286"}],"wp:attachment":[{"href":"https:\/\/arantv.az\/index.php?rest_route=%2Fwp%2Fv2%2Fmedia&parent=797285"}],"wp:term":[{"taxonomy":"category","embeddable":true,"href":"https:\/\/arantv.az\/index.php?rest_route=%2Fwp%2Fv2%2Fcategories&post=797285"},{"taxonomy":"post_tag","embeddable":true,"href":"https:\/\/arantv.az\/index.php?rest_route=%2Fwp%2Fv2%2Ftags&post=797285"}],"curies":[{"name":"wp","href":"https:\/\/api.w.org\/{rel}","templated":true}]}}