{"id":797442,"date":"2025-04-04T14:21:58","date_gmt":"2025-04-04T10:21:58","guid":{"rendered":"https:\/\/arantv.az\/?p=797442"},"modified":"2025-04-04T14:21:58","modified_gmt":"2025-04-04T10:21:58","slug":"ai-komissari-az%c9%99rbaycanla-%c9%99m%c9%99kdasligimiz-qaz-t%c9%99chizatimizin-sax%c9%99l%c9%99ndirilm%c9%99sind%c9%99-muhum-rol-oynayir","status":"publish","type":"post","link":"https:\/\/arantv.az\/?p=797442","title":{"rendered":"A\u0130 komissar\u0131: &#8220;Az\u0259rbaycanla \u0259m\u0259kda\u015fl\u0131\u011f\u0131m\u0131z qaz t\u0259chizat\u0131m\u0131z\u0131n \u015fax\u0259l\u0259ndirilm\u0259sind\u0259 m\u00fch\u00fcm rol oynay\u0131r&#8221;"},"content":{"rendered":"<p><strong>C\u0259nub Qaz D\u0259hlizi \u00e7\u0259r\u00e7iv\u0259sind\u0259 Az\u0259rbaycanla \u0259m\u0259kda\u015fl\u0131q Avropa \u0130ttifaq\u0131n\u0131n (A\u0130) qaz t\u0259chizat\u0131n\u0131n \u015fax\u0259l\u0259ndirilm\u0259sind\u0259 v\u0259 Rusiya qaz\u0131ndan as\u0131l\u0131l\u0131\u011f\u0131n azald\u0131lmas\u0131nda m\u00fch\u00fcm rol oynay\u0131r.<\/strong><\/p>\n<p>Bunu Avropa \u0130ttifaq\u0131n\u0131n enerji v\u0259 m\u0259nzil m\u0259s\u0259l\u0259l\u0259ri \u00fczr\u0259 komissar\u0131 Dan Yorgensen C\u0259nub Qaz D\u0259hlizi M\u0259\u015fv\u0259r\u0259t \u015euras\u0131 \u00e7\u0259r\u00e7iv\u0259sind\u0259 nazirl\u0259rin 11-ci v\u0259 Ya\u015f\u0131l Enerji M\u0259\u015fv\u0259r\u0259t \u015euras\u0131 \u00e7\u0259r\u00e7iv\u0259sind\u0259 nazirl\u0259rin 3-c\u00fc iclaslar\u0131nda bildirib.<\/p>\n<p>O, Az\u0259rbaycandan k\u0259m\u0259rl\u0259 t\u0259dar\u00fck edil\u0259n qaz\u0131n n\u00f6vb\u0259ti ill\u0259rd\u0259 A\u0130-y\u0259 xalis s\u0131f\u0131ra ke\u00e7id prosesind\u0259 m\u00fch\u00fcm rol oynayaca\u011f\u0131na \u00fcmidvar oldu\u011funu qeyd edib: \u201cBu s\u0259b\u0259bd\u0259n ticar\u0259t sah\u0259sind\u0259 \u0259m\u0259kda\u015fl\u0131\u011f\u0131m\u0131z\u0131n h\u0259cmini art\u0131rmaq ist\u0259yirik. Eyni zamanda, h\u0259min d\u0259hlizin \u0259m\u0259liyyatlar\u0131na n\u0259zar\u0259t, qaz sektorunda t\u0259kmill\u0259\u015fdirm\u0259 i\u015fl\u0259rinin apar\u0131lmas\u0131, enerji t\u0259hl\u00fck\u0259sizliyinin g\u00fccl\u0259ndirilm\u0259si v\u0259 elektrik enerji \u015f\u0259b\u0259k\u0259sinin inki\u015faf\u0131 bizim \u0259sas m\u0259qs\u0259dl\u0259rimiz aras\u0131ndad\u0131r. Lakin f\u0259aliyy\u0259timiz yaln\u0131z b\u00f6hran\u0131n idar\u0259 edilm\u0259si il\u0259 m\u0259hdudla\u015fm\u0131r \u2013 biz g\u0259l\u0259c\u0259k \u00fc\u00e7\u00fcn strateji yollar m\u00fc\u0259yy\u0259n etm\u0259liyik. Bu bax\u0131mdan, C\u0259nubi Qafqaz il\u0259 Avropa \u0130ttifaq\u0131 aras\u0131nda ya\u015f\u0131l enerji d\u0259hlizinin inki\u015faf\u0131 bizim \u00fc\u00e7\u00fcn prioritet m\u0259s\u0259l\u0259l\u0259rd\u0259n biridir. Bu sah\u0259d\u0259 m\u00fcxt\u0259lif ideyalar, texnologiyalar v\u0259 mar\u015frutlar m\u00f6vcuddur. \u0130ndi \u0259sas v\u0259zif\u0259miz bu perspektivli ideyalar\u0131 bir araya g\u0259tir\u0259r\u0259k ya\u015f\u0131l enerji d\u0259hlizinin s\u0259m\u0259r\u0259li f\u0259aliyy\u0259tini t\u0259min etm\u0259kdir. Bu istiqam\u0259td\u0259 b\u00f6y\u00fck potensial v\u0259 \u0259m\u0259kda\u015fl\u0131q ruhu m\u00f6vcuddur v\u0259 h\u0259r iki t\u0259r\u0259f bu t\u0259\u015f\u0259bb\u00fcsd\u0259 maraql\u0131d\u0131r\u201d.\/Report<\/p>\n","protected":false},"excerpt":{"rendered":"<p>C\u0259nub Qaz D\u0259hlizi \u00e7\u0259r\u00e7iv\u0259sind\u0259 Az\u0259rbaycanla \u0259m\u0259kda\u015fl\u0131q Avropa \u0130ttifaq\u0131n\u0131n (A\u0130) qaz t\u0259chizat\u0131n\u0131n \u015fax\u0259l\u0259ndirilm\u0259sind\u0259 v\u0259 Rusiya qaz\u0131ndan as\u0131l\u0131l\u0131\u011f\u0131n azald\u0131lmas\u0131nda m\u00fch\u00fcm rol oynay\u0131r. Bunu Avropa \u0130ttifaq\u0131n\u0131n enerji v\u0259 m\u0259nzil m\u0259s\u0259l\u0259l\u0259ri \u00fczr\u0259 komissar\u0131 Dan Yorgensen C\u0259nub Qaz D\u0259hlizi M\u0259\u015fv\u0259r\u0259t \u015euras\u0131 \u00e7\u0259r\u00e7iv\u0259sind\u0259 nazirl\u0259rin 11-ci v\u0259 Ya\u015f\u0131l Enerji M\u0259\u015fv\u0259r\u0259t \u015euras\u0131 \u00e7\u0259r\u00e7iv\u0259sind\u0259 nazirl\u0259rin 3-c\u00fc iclaslar\u0131nda bildirib. O, Az\u0259rbaycandan k\u0259m\u0259rl\u0259 t\u0259dar\u00fck edil\u0259n qaz\u0131n n\u00f6vb\u0259ti ill\u0259rd\u0259 A\u0130-y\u0259 xalis s\u0131f\u0131ra ke\u00e7id prosesind\u0259 m\u00fch\u00fcm rol oynayaca\u011f\u0131na \u00fcmidvar oldu\u011funu qeyd edib: \u201cBu s\u0259b\u0259bd\u0259n ticar\u0259t sah\u0259sind\u0259 \u0259m\u0259kda\u015fl\u0131\u011f\u0131m\u0131z\u0131n h\u0259cmini art\u0131rmaq ist\u0259yirik. Eyni zamanda, h\u0259min d\u0259hlizin \u0259m\u0259liyyatlar\u0131na n\u0259zar\u0259t, qaz sektorunda t\u0259kmill\u0259\u015fdirm\u0259 i\u015fl\u0259rinin apar\u0131lmas\u0131, enerji t\u0259hl\u00fck\u0259sizliyinin&hellip;<\/p>\n","protected":false},"author":2,"featured_media":797443,"comment_status":"closed","ping_status":"closed","sticky":false,"template":"","format":"standard","meta":{"om_disable_all_campaigns":false,"_monsterinsights_skip_tracking":false,"_monsterinsights_sitenote_active":false,"_monsterinsights_sitenote_note":"","_monsterinsights_sitenote_category":0},"categories":[4],"tags":[],"aioseo_notices":[],"gutentor_comment":0,"rttpg_featured_image_url":{"full":["https:\/\/arantv.az\/wp-content\/uploads\/2025\/04\/fbb56c591f677c199e84b9c91b27bb3b.jpg",850,500,false],"landscape":["https:\/\/arantv.az\/wp-content\/uploads\/2025\/04\/fbb56c591f677c199e84b9c91b27bb3b.jpg",850,500,false],"portraits":["https:\/\/arantv.az\/wp-content\/uploads\/2025\/04\/fbb56c591f677c199e84b9c91b27bb3b.jpg",850,500,false],"thumbnail":["https:\/\/arantv.az\/wp-content\/uploads\/2025\/04\/fbb56c591f677c199e84b9c91b27bb3b-500x280.jpg",500,280,true],"medium":["https:\/\/arantv.az\/wp-content\/uploads\/2025\/04\/fbb56c591f677c199e84b9c91b27bb3b-621x365.jpg",621,365,true],"large":["https:\/\/arantv.az\/wp-content\/uploads\/2025\/04\/fbb56c591f677c199e84b9c91b27bb3b-840x494.jpg",640,376,true],"1536x1536":["https:\/\/arantv.az\/wp-content\/uploads\/2025\/04\/fbb56c591f677c199e84b9c91b27bb3b.jpg",850,500,false],"2048x2048":["https:\/\/arantv.az\/wp-content\/uploads\/2025\/04\/fbb56c591f677c199e84b9c91b27bb3b.jpg",850,500,false],"post-thumbnail":["https:\/\/arantv.az\/wp-content\/uploads\/2025\/04\/fbb56c591f677c199e84b9c91b27bb3b-240x172.jpg",240,172,true],"advps-thumb-one":["https:\/\/arantv.az\/wp-content\/uploads\/2025\/04\/fbb56c591f677c199e84b9c91b27bb3b.jpg",850,500,false]},"rttpg_author":{"display_name":"V\u00fcsal Rafiqo\u011flu","author_link":"https:\/\/arantv.az\/?author=2"},"rttpg_comment":0,"rttpg_category":"<a href=\"https:\/\/arantv.az\/?cat=4\" rel=\"category\">Siyas\u0259t<\/a>","rttpg_excerpt":"C\u0259nub Qaz D\u0259hlizi \u00e7\u0259r\u00e7iv\u0259sind\u0259 Az\u0259rbaycanla \u0259m\u0259kda\u015fl\u0131q Avropa \u0130ttifaq\u0131n\u0131n (A\u0130) qaz t\u0259chizat\u0131n\u0131n \u015fax\u0259l\u0259ndirilm\u0259sind\u0259 v\u0259 Rusiya qaz\u0131ndan as\u0131l\u0131l\u0131\u011f\u0131n azald\u0131lmas\u0131nda m\u00fch\u00fcm rol oynay\u0131r. Bunu Avropa \u0130ttifaq\u0131n\u0131n enerji v\u0259 m\u0259nzil m\u0259s\u0259l\u0259l\u0259ri \u00fczr\u0259 komissar\u0131 Dan Yorgensen C\u0259nub Qaz D\u0259hlizi M\u0259\u015fv\u0259r\u0259t \u015euras\u0131 \u00e7\u0259r\u00e7iv\u0259sind\u0259 nazirl\u0259rin 11-ci v\u0259 Ya\u015f\u0131l Enerji M\u0259\u015fv\u0259r\u0259t \u015euras\u0131 \u00e7\u0259r\u00e7iv\u0259sind\u0259 nazirl\u0259rin 3-c\u00fc iclaslar\u0131nda bildirib. O, Az\u0259rbaycandan k\u0259m\u0259rl\u0259 t\u0259dar\u00fck edil\u0259n qaz\u0131n&hellip;","_links":{"self":[{"href":"https:\/\/arantv.az\/index.php?rest_route=\/wp\/v2\/posts\/797442"}],"collection":[{"href":"https:\/\/arantv.az\/index.php?rest_route=\/wp\/v2\/posts"}],"about":[{"href":"https:\/\/arantv.az\/index.php?rest_route=\/wp\/v2\/types\/post"}],"author":[{"embeddable":true,"href":"https:\/\/arantv.az\/index.php?rest_route=\/wp\/v2\/users\/2"}],"replies":[{"embeddable":true,"href":"https:\/\/arantv.az\/index.php?rest_route=%2Fwp%2Fv2%2Fcomments&post=797442"}],"version-history":[{"count":1,"href":"https:\/\/arantv.az\/index.php?rest_route=\/wp\/v2\/posts\/797442\/revisions"}],"predecessor-version":[{"id":797444,"href":"https:\/\/arantv.az\/index.php?rest_route=\/wp\/v2\/posts\/797442\/revisions\/797444"}],"wp:featuredmedia":[{"embeddable":true,"href":"https:\/\/arantv.az\/index.php?rest_route=\/wp\/v2\/media\/797443"}],"wp:attachment":[{"href":"https:\/\/arantv.az\/index.php?rest_route=%2Fwp%2Fv2%2Fmedia&parent=797442"}],"wp:term":[{"taxonomy":"category","embeddable":true,"href":"https:\/\/arantv.az\/index.php?rest_route=%2Fwp%2Fv2%2Fcategories&post=797442"},{"taxonomy":"post_tag","embeddable":true,"href":"https:\/\/arantv.az\/index.php?rest_route=%2Fwp%2Fv2%2Ftags&post=797442"}],"curies":[{"name":"wp","href":"https:\/\/api.w.org\/{rel}","templated":true}]}}