{"id":797455,"date":"2025-04-04T14:26:28","date_gmt":"2025-04-04T10:26:28","guid":{"rendered":"https:\/\/arantv.az\/?p=797455"},"modified":"2025-04-04T14:26:28","modified_gmt":"2025-04-04T10:26:28","slug":"az%c9%99rbaycan-iki-savasin-astanasinda","status":"publish","type":"post","link":"https:\/\/arantv.az\/?p=797455","title":{"rendered":"Az\u0259rbaycan iki sava\u015f\u0131n astanas\u0131nda"},"content":{"rendered":"<h3><strong>T\u00fcrkiy\u0259 kimi g\u00fccl\u00fc \u00f6lk\u0259nin qolunu \u0130srailin \u201c\u00fc\u00e7 ba\u015f\u0131\u201d olsa da b\u00fck\u0259 bilm\u0259z, \u0130ran is\u0259 n\u0259 bizim dostumuz, n\u0259 m\u00fctt\u0259fiqimiz deyil, amma bu sava\u015flar \u00e7\u0131xarsa, par\u00e7alar\u0131 m\u00fctl\u0259q bizi d\u0259 yaralayacaq&#8230;<\/strong><\/h3>\n<p><strong>AB\u015e prezidenti Tramp\u0131n \u0130ran v\u0259 \u0130srail siyas\u0259ti Az\u0259rbaycan\u0131 ciddi \u015f\u0259kild\u0259 narahat etm\u0259kd\u0259dir. R\u0259smi Bak\u0131n\u0131n bu c\u00fcr h\u0259ssas m\u0259s\u0259l\u0259l\u0259rd\u0259 a\u00e7\u0131q m\u00f6vqe diplomatiyas\u0131na \u00fcst\u00fcnl\u00fck verm\u0259diyi b\u0259llidir, h\u0259m d\u0259 d\u00fcnya indi el\u0259 xaosa s\u00fcr\u00fckl\u0259m\u0259k\u0259d\u0259dir ki, h\u0259r\u0259 \u00f6z ba\u015f\u0131n\u0131n hay\u0131ndad\u0131r. Bizim ba\u015f\u0131m\u0131zda is\u0259 indi iki t\u0259hl\u00fck\u0259(neftin qiym\u0259tinin kritik h\u0259dd\u0259 d\u00fc\u015f\u0259 bil\u0259c\u0259yini h\u0259l\u0259 d\u00fc\u015f\u00fcnm\u0259y\u0259k) f\u0131rlanmaqdad\u0131r.<\/strong><\/p>\n<p><img src=\"https:\/\/cdn.musavat.com\/news\/images\/%C4%B0QBAL\/836402_src.jpg\" \/><\/p>\n<p>Erm\u0259ni q\u0259l\u0259t el\u0259yir, Az\u0259rbaycan ordusunun yan\u0131ndan ancaq mil\u00e7\u0259k olub u\u00e7a bil\u0259rl\u0259r. \u0130ndi \u0259sas t\u0259hl\u00fck\u0259 qon\u015fumuz \u0130rana qar\u015f\u0131 m\u00fcmk\u00fcn h\u0259rbi m\u00fcdaxil\u0259 v\u0259 \u0130sraill\u0259 T\u00fcrkiy\u0259 aras\u0131nda h\u0259r g\u00fcn sava\u015fa \u00e7evril\u0259 bil\u0259c\u0259k g\u0259rginlikdir.<\/p>\n<p>Tramp\u0131n bundan \u0259vv\u0259lki prezidentlik d\u00f6n\u0259mind\u0259 BMT-nin q\u0259rar\u0131na baxmayaraq, Q\u00fcds\u00fc (f\u0259l\u0259stinlil\u0259r \u015e\u0259rqi Q\u00fcds\u00fc F\u0259l\u0259stin d\u00f6vl\u0259tinin paytaxt\u0131 kimi tan\u0131y\u0131rlar) \u0130srailin paytaxt\u0131 kimi tan\u0131mas\u0131 v\u0259 AB\u015e s\u0259firliyini oraya k\u00f6\u00e7\u00fcrm\u0259k q\u0259rar\u0131 onun yeni d\u00f6n\u0259md\u0259 d\u0259 eyni kursu davam etdir\u0259c\u0259yin\u0259 \u015f\u00fcbh\u0259 yeri qoymurdu. Onun 2 milyona yax\u0131n q\u0259zzal\u0131n\u0131n qon\u015fu Misir\u0259 v\u0259 \u0130ordaniyaya k\u00f6\u00e7\u00fcrm\u0259k avant\u00fcras\u0131 indilikd\u0259 g\u00fcnd\u0259md\u0259n \u00e7\u0131xm\u0131\u015f kimi g\u00f6r\u00fcn\u00fcr, f\u0259q\u0259t AB\u015e-dan yeni silahlar alan \u0130srail Ramazanda bel\u0259 Q\u0259zzan\u0131 bombardmanda davam etdi. Macar\u0131stan \u0130srail kimi biz\u0259 simsar d\u00f6vl\u0259tdir, amma Netanyahu haqda Beyn\u0259lxalq Cinay\u0259t M\u0259hk\u0259m\u0259sinin h\u0259bs q\u0259rar\u0131na baxmayaraq, onu Budape\u015ft\u0259 t\u0259mt\u0259raql\u0131 qar\u015f\u0131lanmas\u0131 beyn\u0259lxalq h\u00fcquqa t\u00fcp\u00fcrm\u0259kdir.<\/p>\n<p><img src=\"https:\/\/cdn.musavat.com\/news\/images\/%C4%B0QBAL\/836404_src.jpg\" \/><\/p>\n<p>\u0130ndi bildinizmi, Az\u0259rbaycanda m\u00fchakim\u0259 olunan erm\u0259ni terrorba\u015f\u0131lar\u0131na niy\u0259 azadl\u0131q t\u0259l\u0259b ed\u0259nl\u0259rin s\u0131ras\u0131 g\u00fcnb\u0259g\u00fcn art\u0131r? \u00c7\u00fcnki insanl\u0131\u011fa qar\u015f\u0131 cinay\u0259t t\u00f6r\u0259tmi\u015f erm\u0259nil\u0259rin d\u0259 c\u0259zaland\u0131r\u0131lmas\u0131n\u0131 ist\u0259mirl\u0259r. D\u00fcnyada g\u00fcc amilinin \u00f6n\u0259 \u00e7\u0131xmas\u0131 ayr\u0131 m\u00f6vzudur, h\u0259m d\u0259 yeni deyil. Amma g\u00fcc amilind\u0259n istifad\u0259 edib sava\u015f \u00e7\u0131xaranlara, g\u00fcnahs\u0131z insanlar\u0131n can\u0131na q\u0131yanlara bunca geni\u015f meydan verilm\u0259si, ham\u0131n\u0131n az-\u00e7ox q\u0259bulland\u0131\u011f\u0131 beyn\u0259lxalq h\u00fcququn he\u00e7\u0259 say\u0131lmas\u0131n\u0131n n\u0259tic\u0259l\u0259ri d\u00fcnya \u00fc\u00e7\u00fcn bu g\u00fcn olmasa da, sabah pis olacaq.<\/p>\n<p><strong>\u0130srail d\u00fcn\u0259n Suriyada \u201cT\u00fcrkiy\u0259nin bazas\u0131\u201d deyib t\u00fcrk h\u0259rb\u00e7il\u0259ri \u015f\u0259hid etm\u0259si x\u0259b\u0259ri t\u0259sdiql\u0259nm\u0259s\u0259 d\u0259, iki \u00f6lk\u0259 aras\u0131nda g\u0259rginlik s\u0259ngimir v\u0259 bir ehtiyats\u0131zl\u0131q ciddi n\u0259tic\u0259l\u0259r\u0259 g\u0259tir\u0259 bil\u0259r. NATO-nun T\u00fcrkiy\u0259 kimi g\u00fccl\u00fc \u00f6lk\u0259sinin qolunu \u0130srailin \u201c\u00fc\u00e7 ba\u015f\u0131\u201d olsa da b\u00fck\u0259 bilm\u0259z. Amma bu sava\u015f \u00e7\u0131xarsa, par\u00e7alar\u0131 m\u00fctl\u0259q biz\u0259 d\u0259y\u0259r. Az\u0259rbaycan can\u0131ndan qorxmur, T\u00fcrkiy\u0259 bizim \u0259b\u0259di m\u00fctt\u0259fiqimiz olmaya bil\u0259r, amma \u0259b\u0259di qarda\u015f\u0131m\u0131zd\u0131r. \u0130srail n\u0259 bizim qarda\u015f\u0131m\u0131z, n\u0259 m\u00fctt\u0259fiqimizdir, amma biz\u0259 \u00e7ox laz\u0131ml\u0131 \u00f6lk\u0259dir. A\u011f Evd\u0259 kimin oturmas\u0131nda as\u0131l\u0131 olmayaraq, h\u0259mi\u015f\u0259 \u0130sraili d\u0259st\u0259kl\u0259yib, d\u0259st\u0259kl\u0259y\u0259c\u0259k d\u0259.<\/strong><\/p>\n<p><img src=\"https:\/\/cdn.musavat.com\/news\/images\/%C4%B0QBAL\/1663748433_269687306_461795131966087_7963378516024807757_n.jpg\" \/><\/p>\n<p>\u0130srail d\u0259 sava\u015fa ba\u015flayanda, birinci Amerikan\u0131 x\u0259b\u0259rdar edir. Bayden son d\u00f6n\u0259ml\u0259rd\u0259 deyirdi ki, \u0130srail onun s\u00fclh \u00e7a\u011f\u0131r\u0131\u015flar\u0131na qulaq asm\u0131r v\u0259 sair\u0259. Bunlar \u0259lb\u0259tt\u0259 ki, b\u0259han\u0259dir. \u0130srailin h\u0259rbi q\u00fcdr\u0259ti n\u0259 q\u0259d\u0259r g\u00fccl\u00fc olsa da, AB\u015e olmadan he\u00e7 kiml\u0259 t\u0259kba\u015f\u0131na sava\u015f \u00fc\u00e7\u00fcn dart\u0131nmaz. Ona g\u00f6r\u0259 Tramp h\u0259r \u015feyd\u0259n \u00f6nc\u0259 \u0130srail r\u0259smil\u0259rinin T\u00fcrkiy\u0259y\u0259 uzanan t\u0259xribat\u00e7\u0131 dill\u0259rin\u0259 ayar verm\u0259lidir. \u0130srail d\u0259 T\u00fcrkiy\u0259nin \u0259s\u0259bl\u0259ri il\u0259 oynamaqdan \u0259l \u00e7\u0259km\u0259lidir. B\u00f6lg\u0259d\u0259 yeni sava\u015f Tramp\u0131 t\u0259s\u0259vv\u00fcr ed\u0259 bilm\u0259diyi s\u0131x\u0131nt\u0131ya salar. AB\u015e-\u0131n \u201cd\u0259rin d\u00f6vl\u0259ti\u201dnd\u0259 y\u0259qin ki, y\u0259hudil\u0259r \u0259sas simalard\u0131r, onlar Va\u015finqtonun bu m\u0259s\u0259l\u0259d\u0259 daha a\u011f\u0131ll\u0131 siyas\u0259t y\u00fcr\u00fctm\u0259sin\u0259 t\u0259sir ed\u0259 bil\u0259c\u0259kl\u0259rin\u0259 \u00fcmid ed\u0259k.<\/p>\n<p><strong>O da faktd\u0131r ki, Tramp m\u00fcnaqi\u015f\u0259l\u0259rd\u0259 AB\u015e-\u0131n f\u0259al i\u015ftirak\u0131na qar\u015f\u0131d\u0131r. M\u0259nc\u0259, \u00fcmumiyy\u0259tl\u0259 biznes adam\u0131 kimi ona qanl\u0131 sava\u015fdan deyil, alq\u0131-satq\u0131dan, \u0259n m\u00fcxt\u0259lif kombinasiyalardan qazanmaq l\u0259zz\u0259t edir. Amma AB\u015e prezidentinin \u0130rana qar\u015f\u0131 x\u00fcsusi d\u00fc\u015fm\u0259n\u00e7iliyi d\u0259 sezilir ki, bunun s\u0259b\u0259bi b\u0259lk\u0259 d\u0259 mollakratiyan\u0131n AB\u015e-a \u201c1 n\u00f6mr\u0259li t\u0259hl\u00fck\u0259\u201d olmas\u0131, atom bombas\u0131 yaratmaq ist\u0259yi deyil. Tramp\u0131n \u0130ran siyas\u0259tind\u0259 x\u00fcsusi ayr\u0131cal\u0131q var ki, bu da biz\u0259 t\u0259hl\u00fck\u0259dir.<\/strong><\/p>\n<p><img loading=\"lazy\" src=\"https:\/\/cdn.musavat.com\/news\/images\/%C4%B0QBAL\/427d68ac230ffaa67663fdddc8a920f0.jpg\" alt=\"427d68ac230ffaa67663fdddc8a920f0.jpg (174 KB)\" width=\"750\" height=\"473\" \/><\/p>\n<p>Birinci prezidentlik d\u00f6vr\u00fcnd\u0259 \u0130ranla alt\u0131l\u0131q \u00f6lk\u0259l\u0259rinin n\u00fcv\u0259 sazi\u015find\u0259n imtina etdi, Tehran yeni sanksiyalarla \u00fczl\u0259\u015fdi. Onun r\u0259hb\u0259rliyi alt\u0131nda AB\u015e \u0130ran iqtisadiyyat\u0131n\u0131 sars\u0131tmaq \u00fc\u00e7\u00fcn maksimum t\u0259zyiq h\u0259yata ke\u00e7irdi. \u0130ndi d\u0259 Xamneiy\u0259 m\u0259ktub yaz\u0131r ki, \u0130ran n\u00fcv\u0259 silah\u0131 il\u0259 ba\u011fl\u0131 raz\u0131la\u015fma imzalamal\u0131d\u0131r, yoxsa sentyabrda bu adda d\u00f6vl\u0259t olmayacaq v\u0259 sair\u0259. \u018fr\u0259b m\u0259nb\u0259l\u0259rinin m\u0259lumat\u0131na g\u00f6r\u0259, Tramp\u0131n mart\u0131n \u0259vv\u0259lind\u0259 \u0130ran r\u0259hb\u0259rliyin\u0259 \u00e7atd\u0131r\u0131lan m\u0259ktubunda yekun cavab \u00fc\u00e7\u00fcn iki ay vaxt verilib. Bel\u0259likl\u0259, barmaqhesab\u0131 AB\u015e-\u0131n \u0130rana hava-raket h\u00fccumu may\u0131n \u0259vv\u0259lin\u0259 d\u00fc\u015f\u00fcr. Bunu Hind okean\u0131na yerl\u0259\u015fdirilmi\u015f \u201cB-2\u201d strateji bombardman\u00e7\u0131 t\u0259yyar\u0259l\u0259ri d\u0259 dolay\u0131s\u0131 il\u0259 t\u0259sdiql\u0259yir.<\/p>\n<p>\u0130ran n\u0259 bizim dostumuz, n\u0259 m\u00fctt\u0259fiqimiz oldu, olmaz da. Amma bu dar macalda \u0130randa n\u0259inki miqyasl\u0131 m\u00fcharib\u0259, \u201cx\u00fcsusi h\u0259rbi \u0259m\u0259liyyatlar\u201d bel\u0259, bizim region \u00fc\u00e7\u00fcn f\u0259lak\u0259tli hadis\u0259l\u0259r\u0259 s\u0259b\u0259b ola bil\u0259r.<\/p>\n<p>Tramp hakimiyy\u0259ti t\u0259hvil alanda yazm\u0131\u015fd\u0131m ki, bir m\u00fcdd\u0259t sonra Baydenin atas\u0131na b\u0259lk\u0259 d\u0259 r\u0259hm\u0259t oxutduq. Ka\u015f, bel\u0259 olmaya&#8230;<\/p>\n<div class=\"news-author text-left\"><a href=\"https:\/\/musavat.com\/author\/nazim-sabiroglu_14\"><img class=\"img-responsive img-author\" src=\"https:\/\/cdn.musavat.com\/authors\/thumbnails\/0b1621208614b01a85702805e300e7b6.jpg\" \/>Nazim SAB\u0130RO\u011eLU<\/a><\/div>\n","protected":false},"excerpt":{"rendered":"<p>T\u00fcrkiy\u0259 kimi g\u00fccl\u00fc \u00f6lk\u0259nin qolunu \u0130srailin \u201c\u00fc\u00e7 ba\u015f\u0131\u201d olsa da b\u00fck\u0259 bilm\u0259z, \u0130ran is\u0259 n\u0259 bizim dostumuz, n\u0259 m\u00fctt\u0259fiqimiz deyil, amma bu sava\u015flar \u00e7\u0131xarsa, par\u00e7alar\u0131 m\u00fctl\u0259q bizi d\u0259 yaralayacaq&#8230; AB\u015e prezidenti Tramp\u0131n \u0130ran v\u0259 \u0130srail siyas\u0259ti Az\u0259rbaycan\u0131 ciddi \u015f\u0259kild\u0259 narahat etm\u0259kd\u0259dir. R\u0259smi Bak\u0131n\u0131n bu c\u00fcr h\u0259ssas m\u0259s\u0259l\u0259l\u0259rd\u0259 a\u00e7\u0131q m\u00f6vqe diplomatiyas\u0131na \u00fcst\u00fcnl\u00fck verm\u0259diyi b\u0259llidir, h\u0259m d\u0259 d\u00fcnya indi el\u0259 xaosa s\u00fcr\u00fckl\u0259m\u0259k\u0259d\u0259dir ki, h\u0259r\u0259 \u00f6z ba\u015f\u0131n\u0131n hay\u0131ndad\u0131r. Bizim ba\u015f\u0131m\u0131zda is\u0259 indi iki t\u0259hl\u00fck\u0259(neftin qiym\u0259tinin kritik h\u0259dd\u0259 d\u00fc\u015f\u0259 bil\u0259c\u0259yini h\u0259l\u0259 d\u00fc\u015f\u00fcnm\u0259y\u0259k) f\u0131rlanmaqdad\u0131r. Erm\u0259ni q\u0259l\u0259t el\u0259yir, Az\u0259rbaycan ordusunun yan\u0131ndan ancaq mil\u00e7\u0259k olub u\u00e7a bil\u0259rl\u0259r.&hellip;<\/p>\n","protected":false},"author":2,"featured_media":797456,"comment_status":"closed","ping_status":"closed","sticky":false,"template":"","format":"standard","meta":{"om_disable_all_campaigns":false,"_monsterinsights_skip_tracking":false,"_monsterinsights_sitenote_active":false,"_monsterinsights_sitenote_note":"","_monsterinsights_sitenote_category":0},"categories":[19],"tags":[],"aioseo_notices":[],"gutentor_comment":0,"rttpg_featured_image_url":{"full":["https:\/\/arantv.az\/wp-content\/uploads\/2025\/04\/8f0c4388c9abcdef24a0f13339236ddf.jpg",720,356,false],"landscape":["https:\/\/arantv.az\/wp-content\/uploads\/2025\/04\/8f0c4388c9abcdef24a0f13339236ddf.jpg",720,356,false],"portraits":["https:\/\/arantv.az\/wp-content\/uploads\/2025\/04\/8f0c4388c9abcdef24a0f13339236ddf.jpg",720,356,false],"thumbnail":["https:\/\/arantv.az\/wp-content\/uploads\/2025\/04\/8f0c4388c9abcdef24a0f13339236ddf-500x280.jpg",500,280,true],"medium":["https:\/\/arantv.az\/wp-content\/uploads\/2025\/04\/8f0c4388c9abcdef24a0f13339236ddf-660x326.jpg",660,326,true],"large":["https:\/\/arantv.az\/wp-content\/uploads\/2025\/04\/8f0c4388c9abcdef24a0f13339236ddf.jpg",640,316,false],"1536x1536":["https:\/\/arantv.az\/wp-content\/uploads\/2025\/04\/8f0c4388c9abcdef24a0f13339236ddf.jpg",720,356,false],"2048x2048":["https:\/\/arantv.az\/wp-content\/uploads\/2025\/04\/8f0c4388c9abcdef24a0f13339236ddf.jpg",720,356,false],"post-thumbnail":["https:\/\/arantv.az\/wp-content\/uploads\/2025\/04\/8f0c4388c9abcdef24a0f13339236ddf-240x172.jpg",240,172,true],"advps-thumb-one":["https:\/\/arantv.az\/wp-content\/uploads\/2025\/04\/8f0c4388c9abcdef24a0f13339236ddf.jpg",720,356,false]},"rttpg_author":{"display_name":"V\u00fcsal Rafiqo\u011flu","author_link":"https:\/\/arantv.az\/?author=2"},"rttpg_comment":0,"rttpg_category":"<a href=\"https:\/\/arantv.az\/?cat=19\" rel=\"category\">G\u00fcnd\u0259m<\/a>","rttpg_excerpt":"T\u00fcrkiy\u0259 kimi g\u00fccl\u00fc \u00f6lk\u0259nin qolunu \u0130srailin \u201c\u00fc\u00e7 ba\u015f\u0131\u201d olsa da b\u00fck\u0259 bilm\u0259z, \u0130ran is\u0259 n\u0259 bizim dostumuz, n\u0259 m\u00fctt\u0259fiqimiz deyil, amma bu sava\u015flar \u00e7\u0131xarsa, par\u00e7alar\u0131 m\u00fctl\u0259q bizi d\u0259 yaralayacaq&#8230; AB\u015e prezidenti Tramp\u0131n \u0130ran v\u0259 \u0130srail siyas\u0259ti Az\u0259rbaycan\u0131 ciddi \u015f\u0259kild\u0259 narahat etm\u0259kd\u0259dir. R\u0259smi Bak\u0131n\u0131n bu c\u00fcr h\u0259ssas m\u0259s\u0259l\u0259l\u0259rd\u0259 a\u00e7\u0131q m\u00f6vqe diplomatiyas\u0131na \u00fcst\u00fcnl\u00fck verm\u0259diyi b\u0259llidir, h\u0259m d\u0259&hellip;","_links":{"self":[{"href":"https:\/\/arantv.az\/index.php?rest_route=\/wp\/v2\/posts\/797455"}],"collection":[{"href":"https:\/\/arantv.az\/index.php?rest_route=\/wp\/v2\/posts"}],"about":[{"href":"https:\/\/arantv.az\/index.php?rest_route=\/wp\/v2\/types\/post"}],"author":[{"embeddable":true,"href":"https:\/\/arantv.az\/index.php?rest_route=\/wp\/v2\/users\/2"}],"replies":[{"embeddable":true,"href":"https:\/\/arantv.az\/index.php?rest_route=%2Fwp%2Fv2%2Fcomments&post=797455"}],"version-history":[{"count":1,"href":"https:\/\/arantv.az\/index.php?rest_route=\/wp\/v2\/posts\/797455\/revisions"}],"predecessor-version":[{"id":797457,"href":"https:\/\/arantv.az\/index.php?rest_route=\/wp\/v2\/posts\/797455\/revisions\/797457"}],"wp:featuredmedia":[{"embeddable":true,"href":"https:\/\/arantv.az\/index.php?rest_route=\/wp\/v2\/media\/797456"}],"wp:attachment":[{"href":"https:\/\/arantv.az\/index.php?rest_route=%2Fwp%2Fv2%2Fmedia&parent=797455"}],"wp:term":[{"taxonomy":"category","embeddable":true,"href":"https:\/\/arantv.az\/index.php?rest_route=%2Fwp%2Fv2%2Fcategories&post=797455"},{"taxonomy":"post_tag","embeddable":true,"href":"https:\/\/arantv.az\/index.php?rest_route=%2Fwp%2Fv2%2Ftags&post=797455"}],"curies":[{"name":"wp","href":"https:\/\/api.w.org\/{rel}","templated":true}]}}