{"id":797472,"date":"2025-04-04T22:03:54","date_gmt":"2025-04-04T18:03:54","guid":{"rendered":"https:\/\/arantv.az\/?p=797472"},"modified":"2025-04-04T22:03:54","modified_gmt":"2025-04-04T18:03:54","slug":"general-az%c9%99r-ibrahimov-mudafi%c9%99-nazirliyind%c9%99-yuks%c9%99k-v%c9%99zif%c9%99y%c9%99-t%c9%99yin-olundu","status":"publish","type":"post","link":"https:\/\/arantv.az\/?p=797472","title":{"rendered":"General Az\u0259r \u0130brahimov M\u00fcdafi\u0259 Nazirliyind\u0259 y\u00fcks\u0259k v\u0259zif\u0259y\u0259 T\u018fY\u0130N OLUNDU"},"content":{"rendered":"<p><strong>M\u00fcdafi\u0259 Nazirliyind\u0259 m\u00fch\u00fcm kadr d\u0259yi\u015fikliyi ba\u015f verib.<\/strong><\/p>\n<p>General-mayor Az\u0259r \u0130brahimov nazirliyin Daxili T\u0259hl\u00fck\u0259sizlik v\u0259 T\u0259hqiqat Ba\u015f \u0130dar\u0259sinin r\u0259isi t\u0259yin olunub. O, bu t\u0259yinata q\u0259d\u0259r D\u00f6vl\u0259t S\u0259rh\u0259d Xidm\u0259ti r\u0259isinin m\u00fc\u015faviri olub.<\/p>\n<p>Qeyd ed\u0259k ki, Prezident \u0130lham \u018fliyevin s\u0259r\u0259ncam\u0131 il\u0259 ona 16 avqust 2018-ci ild\u0259 general-mayor r\u00fctb\u0259si verilib.<\/p>\n<p>O, \u201cAz\u0259rbaycan bayra\u011f\u0131\u201d, \u201cH\u0259rbi xidm\u0259tl\u0259r\u0259 g\u00f6r\u0259\u201d orden v\u0259 medalla t\u0259ltif edilib.<\/p>\n<p>A.\u0130brahimov 44 g\u00fcnl\u00fck V\u0259t\u0259n m\u00fcharib\u0259sind\u0259 d\u00f6y\u00fc\u015fd\u00fcy\u00fc C\u0259bray\u0131l istiqam\u0259tind\u0259 d\u00fc\u015fm\u0259n\u0259 qar\u015f\u0131 \u0259m\u0259liyyatlarda f\u0259rql\u0259nib. O, Prezidentin s\u0259r\u0259ncam\u0131 il\u0259 \u201cC\u0259bray\u0131l\u0131n azad olunmas\u0131na g\u00f6r\u0259\u201d medal\u0131 il\u0259 d\u0259 t\u0259ltif edilib.\/\/Unikal<\/p>\n","protected":false},"excerpt":{"rendered":"<p>M\u00fcdafi\u0259 Nazirliyind\u0259 m\u00fch\u00fcm kadr d\u0259yi\u015fikliyi ba\u015f verib. General-mayor Az\u0259r \u0130brahimov nazirliyin Daxili T\u0259hl\u00fck\u0259sizlik v\u0259 T\u0259hqiqat Ba\u015f \u0130dar\u0259sinin r\u0259isi t\u0259yin olunub. O, bu t\u0259yinata q\u0259d\u0259r D\u00f6vl\u0259t S\u0259rh\u0259d Xidm\u0259ti r\u0259isinin m\u00fc\u015faviri olub. Qeyd ed\u0259k ki, Prezident \u0130lham \u018fliyevin s\u0259r\u0259ncam\u0131 il\u0259 ona 16 avqust 2018-ci ild\u0259 general-mayor r\u00fctb\u0259si verilib. O, \u201cAz\u0259rbaycan bayra\u011f\u0131\u201d, \u201cH\u0259rbi xidm\u0259tl\u0259r\u0259 g\u00f6r\u0259\u201d orden v\u0259 medalla t\u0259ltif edilib. A.\u0130brahimov 44 g\u00fcnl\u00fck V\u0259t\u0259n m\u00fcharib\u0259sind\u0259 d\u00f6y\u00fc\u015fd\u00fcy\u00fc C\u0259bray\u0131l istiqam\u0259tind\u0259 d\u00fc\u015fm\u0259n\u0259 qar\u015f\u0131 \u0259m\u0259liyyatlarda f\u0259rql\u0259nib. O, Prezidentin s\u0259r\u0259ncam\u0131 il\u0259 \u201cC\u0259bray\u0131l\u0131n azad olunmas\u0131na g\u00f6r\u0259\u201d medal\u0131 il\u0259 d\u0259 t\u0259ltif edilib.\/\/Unikal<\/p>\n","protected":false},"author":2,"featured_media":797473,"comment_status":"closed","ping_status":"closed","sticky":false,"template":"","format":"standard","meta":{"om_disable_all_campaigns":false,"_monsterinsights_skip_tracking":false,"_monsterinsights_sitenote_active":false,"_monsterinsights_sitenote_note":"","_monsterinsights_sitenote_category":0},"categories":[1],"tags":[],"aioseo_notices":[],"gutentor_comment":0,"rttpg_featured_image_url":{"full":["https:\/\/arantv.az\/wp-content\/uploads\/2025\/04\/d0c4580f954c4126ec04b915e26e94cc.jpg",870,500,false],"landscape":["https:\/\/arantv.az\/wp-content\/uploads\/2025\/04\/d0c4580f954c4126ec04b915e26e94cc.jpg",870,500,false],"portraits":["https:\/\/arantv.az\/wp-content\/uploads\/2025\/04\/d0c4580f954c4126ec04b915e26e94cc.jpg",870,500,false],"thumbnail":["https:\/\/arantv.az\/wp-content\/uploads\/2025\/04\/d0c4580f954c4126ec04b915e26e94cc-500x280.jpg",500,280,true],"medium":["https:\/\/arantv.az\/wp-content\/uploads\/2025\/04\/d0c4580f954c4126ec04b915e26e94cc-635x365.jpg",635,365,true],"large":["https:\/\/arantv.az\/wp-content\/uploads\/2025\/04\/d0c4580f954c4126ec04b915e26e94cc-840x483.jpg",640,368,true],"1536x1536":["https:\/\/arantv.az\/wp-content\/uploads\/2025\/04\/d0c4580f954c4126ec04b915e26e94cc.jpg",870,500,false],"2048x2048":["https:\/\/arantv.az\/wp-content\/uploads\/2025\/04\/d0c4580f954c4126ec04b915e26e94cc.jpg",870,500,false],"post-thumbnail":["https:\/\/arantv.az\/wp-content\/uploads\/2025\/04\/d0c4580f954c4126ec04b915e26e94cc-240x172.jpg",240,172,true],"advps-thumb-one":["https:\/\/arantv.az\/wp-content\/uploads\/2025\/04\/d0c4580f954c4126ec04b915e26e94cc.jpg",870,500,false]},"rttpg_author":{"display_name":"V\u00fcsal Rafiqo\u011flu","author_link":"https:\/\/arantv.az\/?author=2"},"rttpg_comment":0,"rttpg_category":"<a href=\"https:\/\/arantv.az\/?cat=1\" rel=\"category\">C\u0259miyy\u0259t<\/a>","rttpg_excerpt":"M\u00fcdafi\u0259 Nazirliyind\u0259 m\u00fch\u00fcm kadr d\u0259yi\u015fikliyi ba\u015f verib. General-mayor Az\u0259r \u0130brahimov nazirliyin Daxili T\u0259hl\u00fck\u0259sizlik v\u0259 T\u0259hqiqat Ba\u015f \u0130dar\u0259sinin r\u0259isi t\u0259yin olunub. O, bu t\u0259yinata q\u0259d\u0259r D\u00f6vl\u0259t S\u0259rh\u0259d Xidm\u0259ti r\u0259isinin m\u00fc\u015faviri olub. Qeyd ed\u0259k ki, Prezident \u0130lham \u018fliyevin s\u0259r\u0259ncam\u0131 il\u0259 ona 16 avqust 2018-ci ild\u0259 general-mayor r\u00fctb\u0259si verilib. O, \u201cAz\u0259rbaycan bayra\u011f\u0131\u201d, \u201cH\u0259rbi xidm\u0259tl\u0259r\u0259 g\u00f6r\u0259\u201d orden v\u0259 medalla&hellip;","_links":{"self":[{"href":"https:\/\/arantv.az\/index.php?rest_route=\/wp\/v2\/posts\/797472"}],"collection":[{"href":"https:\/\/arantv.az\/index.php?rest_route=\/wp\/v2\/posts"}],"about":[{"href":"https:\/\/arantv.az\/index.php?rest_route=\/wp\/v2\/types\/post"}],"author":[{"embeddable":true,"href":"https:\/\/arantv.az\/index.php?rest_route=\/wp\/v2\/users\/2"}],"replies":[{"embeddable":true,"href":"https:\/\/arantv.az\/index.php?rest_route=%2Fwp%2Fv2%2Fcomments&post=797472"}],"version-history":[{"count":1,"href":"https:\/\/arantv.az\/index.php?rest_route=\/wp\/v2\/posts\/797472\/revisions"}],"predecessor-version":[{"id":797474,"href":"https:\/\/arantv.az\/index.php?rest_route=\/wp\/v2\/posts\/797472\/revisions\/797474"}],"wp:featuredmedia":[{"embeddable":true,"href":"https:\/\/arantv.az\/index.php?rest_route=\/wp\/v2\/media\/797473"}],"wp:attachment":[{"href":"https:\/\/arantv.az\/index.php?rest_route=%2Fwp%2Fv2%2Fmedia&parent=797472"}],"wp:term":[{"taxonomy":"category","embeddable":true,"href":"https:\/\/arantv.az\/index.php?rest_route=%2Fwp%2Fv2%2Fcategories&post=797472"},{"taxonomy":"post_tag","embeddable":true,"href":"https:\/\/arantv.az\/index.php?rest_route=%2Fwp%2Fv2%2Ftags&post=797472"}],"curies":[{"name":"wp","href":"https:\/\/api.w.org\/{rel}","templated":true}]}}