{"id":797475,"date":"2025-04-04T22:05:57","date_gmt":"2025-04-04T18:05:57","guid":{"rendered":"https:\/\/arantv.az\/?p=797475"},"modified":"2025-04-04T22:05:57","modified_gmt":"2025-04-04T18:05:57","slug":"naxcivanda-ovcu-saxlanildi-fermasinda-dag-kecil%c9%99ri-askarlandi","status":"publish","type":"post","link":"https:\/\/arantv.az\/?p=797475","title":{"rendered":"Nax\u00e7\u0131vanda ov\u00e7u saxlan\u0131ld\u0131, fermas\u0131nda da\u011f ke\u00e7il\u0259ri a\u015fkarland\u0131"},"content":{"rendered":"<p><strong>Nax\u00e7\u0131van MR-d\u0259 polis \u0259m\u0259kda\u015flar\u0131 qanunsuz ovla m\u0259\u015f\u011ful olan 1965-ci il t\u0259v\u0259ll\u00fcdl\u00fc Qas\u0131m M\u00fcsl\u00fcm o\u011flu M\u0259mm\u0259dovu saxlay\u0131blar.<\/strong><\/p>\n<p><strong>ARANTV.AZ <\/strong>\u00a0x\u0259b\u0259r verir ki, bu bar\u0259d\u0259 Daxili \u0130\u015fl\u0259r Nazirliyinin M\u0259tbuat Xidm\u0259ti m\u0259lumat yay\u0131b.<\/p>\n<p>Bildirilib ki, ona m\u0259xsus fermadan nadir heyvan n\u00f6vl\u0259rind\u0259n say\u0131lan \u00fc\u00e7 ba\u015f da\u011f ke\u00e7isi a\u015fkarlanaraq t\u0259bi\u0259t\u0259 geri qaytar\u0131lmas\u0131 t\u0259min olunub.<\/p>\n<p>Faktla ba\u011fl\u0131 ara\u015fd\u0131rmalar davam etdirilir.<\/p>\n","protected":false},"excerpt":{"rendered":"<p>Nax\u00e7\u0131van MR-d\u0259 polis \u0259m\u0259kda\u015flar\u0131 qanunsuz ovla m\u0259\u015f\u011ful olan 1965-ci il t\u0259v\u0259ll\u00fcdl\u00fc Qas\u0131m M\u00fcsl\u00fcm o\u011flu M\u0259mm\u0259dovu saxlay\u0131blar. ARANTV.AZ \u00a0x\u0259b\u0259r verir ki, bu bar\u0259d\u0259 Daxili \u0130\u015fl\u0259r Nazirliyinin M\u0259tbuat Xidm\u0259ti m\u0259lumat yay\u0131b. Bildirilib ki, ona m\u0259xsus fermadan nadir heyvan n\u00f6vl\u0259rind\u0259n say\u0131lan \u00fc\u00e7 ba\u015f da\u011f ke\u00e7isi a\u015fkarlanaraq t\u0259bi\u0259t\u0259 geri qaytar\u0131lmas\u0131 t\u0259min olunub. Faktla ba\u011fl\u0131 ara\u015fd\u0131rmalar davam etdirilir.<\/p>\n","protected":false},"author":2,"featured_media":797476,"comment_status":"closed","ping_status":"closed","sticky":false,"template":"","format":"standard","meta":{"om_disable_all_campaigns":false,"_monsterinsights_skip_tracking":false,"_monsterinsights_sitenote_active":false,"_monsterinsights_sitenote_note":"","_monsterinsights_sitenote_category":0},"categories":[1],"tags":[],"aioseo_notices":[],"gutentor_comment":0,"rttpg_featured_image_url":{"full":["https:\/\/arantv.az\/wp-content\/uploads\/2025\/04\/9ace71d52d408464e6ce5e3987356915.jpg",777,497,false],"landscape":["https:\/\/arantv.az\/wp-content\/uploads\/2025\/04\/9ace71d52d408464e6ce5e3987356915.jpg",777,497,false],"portraits":["https:\/\/arantv.az\/wp-content\/uploads\/2025\/04\/9ace71d52d408464e6ce5e3987356915.jpg",777,497,false],"thumbnail":["https:\/\/arantv.az\/wp-content\/uploads\/2025\/04\/9ace71d52d408464e6ce5e3987356915-500x280.jpg",500,280,true],"medium":["https:\/\/arantv.az\/wp-content\/uploads\/2025\/04\/9ace71d52d408464e6ce5e3987356915-571x365.jpg",571,365,true],"large":["https:\/\/arantv.az\/wp-content\/uploads\/2025\/04\/9ace71d52d408464e6ce5e3987356915.jpg",640,409,false],"1536x1536":["https:\/\/arantv.az\/wp-content\/uploads\/2025\/04\/9ace71d52d408464e6ce5e3987356915.jpg",777,497,false],"2048x2048":["https:\/\/arantv.az\/wp-content\/uploads\/2025\/04\/9ace71d52d408464e6ce5e3987356915.jpg",777,497,false],"post-thumbnail":["https:\/\/arantv.az\/wp-content\/uploads\/2025\/04\/9ace71d52d408464e6ce5e3987356915-240x172.jpg",240,172,true],"advps-thumb-one":["https:\/\/arantv.az\/wp-content\/uploads\/2025\/04\/9ace71d52d408464e6ce5e3987356915.jpg",777,497,false]},"rttpg_author":{"display_name":"V\u00fcsal Rafiqo\u011flu","author_link":"https:\/\/arantv.az\/?author=2"},"rttpg_comment":0,"rttpg_category":"<a href=\"https:\/\/arantv.az\/?cat=1\" rel=\"category\">C\u0259miyy\u0259t<\/a>","rttpg_excerpt":"Nax\u00e7\u0131van MR-d\u0259 polis \u0259m\u0259kda\u015flar\u0131 qanunsuz ovla m\u0259\u015f\u011ful olan 1965-ci il t\u0259v\u0259ll\u00fcdl\u00fc Qas\u0131m M\u00fcsl\u00fcm o\u011flu M\u0259mm\u0259dovu saxlay\u0131blar. ARANTV.AZ \u00a0x\u0259b\u0259r verir ki, bu bar\u0259d\u0259 Daxili \u0130\u015fl\u0259r Nazirliyinin M\u0259tbuat Xidm\u0259ti m\u0259lumat yay\u0131b. Bildirilib ki, ona m\u0259xsus fermadan nadir heyvan n\u00f6vl\u0259rind\u0259n say\u0131lan \u00fc\u00e7 ba\u015f da\u011f ke\u00e7isi a\u015fkarlanaraq t\u0259bi\u0259t\u0259 geri qaytar\u0131lmas\u0131 t\u0259min olunub. Faktla ba\u011fl\u0131 ara\u015fd\u0131rmalar davam etdirilir.","_links":{"self":[{"href":"https:\/\/arantv.az\/index.php?rest_route=\/wp\/v2\/posts\/797475"}],"collection":[{"href":"https:\/\/arantv.az\/index.php?rest_route=\/wp\/v2\/posts"}],"about":[{"href":"https:\/\/arantv.az\/index.php?rest_route=\/wp\/v2\/types\/post"}],"author":[{"embeddable":true,"href":"https:\/\/arantv.az\/index.php?rest_route=\/wp\/v2\/users\/2"}],"replies":[{"embeddable":true,"href":"https:\/\/arantv.az\/index.php?rest_route=%2Fwp%2Fv2%2Fcomments&post=797475"}],"version-history":[{"count":2,"href":"https:\/\/arantv.az\/index.php?rest_route=\/wp\/v2\/posts\/797475\/revisions"}],"predecessor-version":[{"id":797478,"href":"https:\/\/arantv.az\/index.php?rest_route=\/wp\/v2\/posts\/797475\/revisions\/797478"}],"wp:featuredmedia":[{"embeddable":true,"href":"https:\/\/arantv.az\/index.php?rest_route=\/wp\/v2\/media\/797476"}],"wp:attachment":[{"href":"https:\/\/arantv.az\/index.php?rest_route=%2Fwp%2Fv2%2Fmedia&parent=797475"}],"wp:term":[{"taxonomy":"category","embeddable":true,"href":"https:\/\/arantv.az\/index.php?rest_route=%2Fwp%2Fv2%2Fcategories&post=797475"},{"taxonomy":"post_tag","embeddable":true,"href":"https:\/\/arantv.az\/index.php?rest_route=%2Fwp%2Fv2%2Ftags&post=797475"}],"curies":[{"name":"wp","href":"https:\/\/api.w.org\/{rel}","templated":true}]}}