{"id":798170,"date":"2025-04-08T09:34:56","date_gmt":"2025-04-08T05:34:56","guid":{"rendered":"https:\/\/arantv.az\/?p=798170"},"modified":"2025-04-08T09:34:56","modified_gmt":"2025-04-08T05:34:56","slug":"s%c9%99rh%c9%99d-t%c9%99xribatlarinin-arxasindaki-uc-hiyl%c9%99","status":"publish","type":"post","link":"https:\/\/arantv.az\/?p=798170","title":{"rendered":"S\u0259rh\u0259d t\u0259xribatlar\u0131n\u0131n arxas\u0131ndak\u0131 \u00fc\u00e7 hiyl\u0259&#8230;"},"content":{"rendered":"<h3><strong>\u0130r\u0259van s\u00fclh \u0259leyhin\u0259 add\u0131mlar\u0131 il\u0259 k\u0259nar g\u00fccl\u0259rin hans\u0131 planlar\u0131n\u0131 qurur? &#8211; ilginc r\u0259y<\/strong><\/h3>\n<p><strong>Prezident \u0130lham \u018fliyev almaniyal\u0131 h\u0259mkar\u0131\u00a0 \u015etaynmayerl\u0259 Bak\u0131da m\u0259tbuat konfrans\u0131nda s\u00fclh\u00fcn \u0259sas iki \u015f\u0259rtini b\u0259yan etdi: Minsk Qrupu l\u0259\u011fv edilm\u0259lidir v\u0259 konstitusiya d\u0259yi\u015fm\u0259lidir. Lakin Erm\u0259nistan s\u00fclh \u0259leyhin\u0259 \u0259m\u0259ll\u0259rini davam etdirir. S\u00f6hb\u0259t son g\u00fcnl\u0259r at\u0259\u015fk\u0259sin pozulmas\u0131ndan gedir.\u00a0<\/strong><\/p>\n<p>Art\u0131q m\u00fcdafi\u0259 naziri general-polkovnik Zakir H\u0259s\u0259nov orduya tap\u015f\u0131r\u0131q verib. Nazir Az\u0259rbaycan Ordusu b\u00f6lm\u0259l\u0259rinin h\u0259r an ist\u0259nil\u0259n t\u0259xribata qar\u015f\u0131 \u00e7evik reaksiya verm\u0259y\u0259 haz\u0131r olmas\u0131 bar\u0259d\u0259 aidiyy\u0259ti v\u0259zif\u0259li \u015f\u0259xsl\u0259r qar\u015f\u0131s\u0131nda konkret tap\u015f\u0131r\u0131qlar qoyub, d\u00f6y\u00fc\u015f n\u00f6vb\u0259t\u00e7iliyinin t\u0259\u015fkili zaman\u0131 ay\u0131q-say\u0131ql\u0131\u011f\u0131n art\u0131r\u0131lmas\u0131n\u0131n vacibliyini vur\u011fulay\u0131b. \u00c7\u00fcnki s\u0259rh\u0259dd\u0259 erm\u0259ni t\u0259xribatlar\u0131 s\u0259ngimir. R\u0259smi \u0130r\u0259van s\u00fclh sazi\u015fini h\u0259r an imzalama\u011fa haz\u0131r oldu\u011funu b\u0259yan edir, amma erm\u0259ni ordusu m\u00f6vqel\u0259rimizi at\u0259\u015f\u0259 tutur. Dem\u0259li, Erm\u0259nistan s\u00fclh\u00fcn d\u00fc\u015fm\u0259nidir. Buna ba\u015fqa ad verm\u0259k m\u00fcmk\u00fcn deyil. R\u0259smi Bak\u0131n\u0131 \u0259lav\u0259 \u015f\u0259rtl\u0259r ir\u0259li s\u00fcrm\u0259kd\u0259 ittiham ed\u0259n Erm\u0259nistan\u0131n d\u00f6n\u00fcb \u00f6z\u00fcn\u00fcn s\u0259rh\u0259d t\u0259xribatlar\u0131na diqq\u0259t yetirm\u0259si yax\u015f\u0131 olard\u0131. Bu add\u0131mlar s\u00fclh \u0259leyhin\u0259 y\u00f6n\u0259lib. \u00c7\u00fcnki Pa\u015finyan hakimiyy\u0259ti indi s\u00fclh m\u00fcqavil\u0259sini imzalama\u011fa haz\u0131r deyil. Bunun \u00fc\u00e7\u00fcn Prezidentin a\u00e7\u0131qlad\u0131\u011f\u0131 h\u0259r iki t\u0259l\u0259bi yerin\u0259 yetirm\u0259lidir. Erm\u0259nistan is\u0259 bu il referenduma getm\u0259yi planla\u015fd\u0131rm\u0131r, Minsk Qrupunun l\u0259\u011fvini is\u0259 sazi\u015fd\u0259n sonraya saxlama\u011f\u0131 t\u0259klif edir. Bir s\u00f6zl\u0259, h\u0259m at\u0259\u015fk\u0259si poz, h\u0259m Az\u0259rbaycan\u0131 ittiham el\u0259, h\u0259m d\u0259 h\u0259r iki \u015f\u0259rtin yerin\u0259 yetirilm\u0259sini qeyri-m\u00fc\u0259yy\u0259n d\u00f6vr\u0259 saxla, bunun bir ad\u0131 var &#8211; Erm\u0259nistan s\u00fclh ist\u0259mir. O zaman se\u00e7im qar\u015f\u0131 t\u0259r\u0259findir. \u018fg\u0259r s\u00fclh olmayacaqsa, sabitlik d\u0259 olmayacaq. Regionda qeyri-stabillik is\u0259 inki\u015faf\u0131 tormozlay\u0131r. Ax\u0131 Erm\u0259nistan T\u00fcrkiy\u0259 il\u0259 quru s\u0259rh\u0259dinin a\u00e7\u0131lmas\u0131n\u0131 s\u0259birsizlikl\u0259 g\u00f6zl\u0259yir. Onun Avropaya \u00e7\u0131x\u0131\u015f\u0131 v\u0259 iqtisadi dir\u00e7\u0259li\u015fi bu s\u0259rh\u0259dd\u0259n ke\u00e7ir. S\u00fclh olmayacaqsa, Erm\u0259nistan\u0131n haz\u0131rk\u0131 blokadas\u0131 davam ed\u0259c\u0259k. \u018fslind\u0259 s\u00fclh m\u00fcqavil\u0259si imzalamayan \u00f6lk\u0259l\u0259r d\u0259 olub. Az\u0259rbaycan da Erm\u0259nistana s\u00fclh sazi\u015fini imzalamaq \u00fc\u00e7\u00fcn yalvarm\u0131r. Qoy, \u0130r\u0259van \u00f6z\u00fc fikirl\u0259\u015fsin &#8211; yekun s\u00fclh s\u0259n\u0259di \u0259n \u00e7ox kim\u0259 laz\u0131md\u0131r.<\/p>\n<p>Az\u0259rbaycan suverenliyini b\u0259rpa edib, Qaraba\u011f azadd\u0131r, s\u00fclh sazi\u015fi olmadan da \u00f6z inki\u015faf\u0131n\u0131 t\u0259min edir. Ancaq Erm\u0259nistan \u0259n \u00e7ox s\u00fclh\u0259 ehtiyac\u0131 olan t\u0259r\u0259fdir. Eyni zamanda \u00fc\u00e7t\u0259r\u0259fli b\u0259yanatda raz\u0131la\u015fd\u0131r\u0131lan 9-cu b\u0259nd icra edilm\u0259li, y\u0259ni n\u0259qliyyat kommunikasiyalar\u0131 a\u00e7\u0131lmal\u0131d\u0131r ki, Erm\u0259nistan inki\u015faf\u0131n\u0131 t\u0259min ed\u0259 bilsin. Ancaq g\u00f6r\u00fcnd\u00fcy\u00fc kimi, s\u0259rh\u0259dd\u0259 at\u0259\u015f a\u00e7\u0131rlar v\u0259 s\u00fclh \u0259leyhin\u0259 add\u0131mlar\u0131 s\u00fcr\u0259tl\u0259ndirirl\u0259r.<\/p>\n<p><img src=\"https:\/\/azertag.az\/files\/2020\/2\/1200x630\/1598437062540325292_1200x630.jpg\" alt=\"Ramil M\u0259mm\u0259dli: Erm\u0259nistan davaml\u0131 \u015f\u0259kild\u0259 Az\u0259rbaycana qar\u015f\u0131 terror,  diversiya aksiyalar\u0131 h\u0259yata ke\u00e7irir - AZ\u018fRTAC\" \/><\/p>\n<p><strong>Ramil M\u0259mm\u0259dli<\/strong><\/p>\n<p><strong>H\u0259rbi ekspert Ramil M\u0259mm\u0259dlinin s\u00f6zl\u0259rin\u0259 g\u00f6r\u0259, m\u00fcdafi\u0259 nazirinin tap\u015f\u0131r\u0131\u011f\u0131 Erm\u0259nistan\u0131n n\u00f6vb\u0259ti t\u0259xribatlar\u0131n\u0131n olaca\u011f\u0131 il\u0259 ba\u011fl\u0131 g\u00f6zl\u0259ntid\u0259n x\u0259b\u0259r verir. Onun fikrinc\u0259, d\u00fc\u015fm\u0259n s\u0259rh\u0259dd\u0259 at\u0259\u015fk\u0259si pozmaqla regionda g\u0259rginliyi art\u0131r\u0131r v\u0259 g\u00fcnah\u0131 Az\u0259rbaycan\u0131n \u00fcz\u0259rin\u0259 at\u0131r ki, bizi s\u00fclh ist\u0259m\u0259m\u0259kd\u0259 ittiham etsin:<\/strong>\u00a0\u201cBu, erm\u0259ni hiyl\u0259sidir. Pa\u015finyana yax\u0131n media resurslar\u0131 yaz\u0131rlar ki, guya Az\u0259rbaycan at\u0259\u015fk\u0259si pozur. M\u0259qs\u0259d odur ki, beyn\u0259lxalq ictimaiyy\u0259t bizi s\u00fclh \u0259leyhidar\u0131 kimi tan\u0131s\u0131n. Ona g\u00f6r\u0259 d\u0259 m\u00fcdafi\u0259 naziri d\u0259rhal g\u00f6st\u0259ri\u015f verdi\u201d.<\/p>\n<p><strong>H\u0259rbi ekspert geni\u015fmiqyasl\u0131 h\u0259rbi \u0259m\u0259liyyatlar g\u00f6zl\u0259mir:<\/strong>\u00a0\u201cSad\u0259c\u0259, bu t\u0259xribatlar siyasi mahiyy\u0259t k\u0259sb edir. At\u0259\u015f a\u00e7\u0131rlar ki, bizi g\u00fcnahland\u0131rs\u0131nlar. Halbuki avropal\u0131 m\u00fc\u015fahid\u0259\u00e7il\u0259r hesabatla \u00e7\u0131x\u0131\u015f etm\u0259lidirl\u0259r. Amma &#8220;m\u00fclki missiya adlanan&#8221; &#8220;casus \u015f\u0259b\u0259k\u0259si&#8221;nin obyektiv hesabat t\u0259qdim ed\u0259c\u0259yini g\u00f6zl\u0259mir\u0259m&#8221;.<\/p>\n<p><strong>R.M\u0259mm\u0259dli hesab edir ki, s\u00fclh m\u00fcqavil\u0259sinin imzalanmas\u0131 b\u0259zi dair\u0259l\u0259rin d\u0259 mara\u011f\u0131nda deyil. Onun fikrinc\u0259, h\u0259min m\u0259rk\u0259zl\u0259r daha \u00e7ox vasit\u0259\u00e7ilik yar\u0131\u015f\u0131na giribl\u0259r:<\/strong>\u00a0\u201cErm\u0259nistan bu oyunlar\u0131n i\u00e7\u0259risind\u0259dir. Lakin Pa\u015finyan a\u011fl\u0131n\u0131 ba\u015f\u0131na y\u0131\u011fmal\u0131d\u0131r ki, sonra alt\u0131n\u0131 \u00e7\u0259km\u0259sin. K\u0259nar q\u00fcvv\u0259l\u0259rin m\u0259krli oyunlar\u0131 Erm\u0259nistana xeyir g\u0259tirm\u0259y\u0259c\u0259k. Biz bilirik ki, bu planlar regionu qar\u0131\u015fd\u0131rmaq v\u0259 b\u00f6lg\u0259d\u0259 t\u0259sir g\u00fcc\u00fcn\u00fc art\u0131rmaq niyy\u0259ti g\u00fcd\u00fcr. Erm\u0259nistan al\u0259t kimi istifad\u0259 edildiyi \u00fc\u00e7\u00fcn b\u00f6lg\u0259d\u0259 sabitlik bel\u0259 pozulur. Az\u0259rbaycan is\u0259 t\u0259klif edir ki, k\u0259nar t\u0259sirl\u0259r\u0259 uymaq laz\u0131m deyil, o iki \u015f\u0259rti yerin\u0259 yetir, sazi\u015f\u0259 qol \u00e7\u0259k, b\u00f6lg\u0259d\u0259 dayan\u0131ql\u0131 s\u00fclh, sabitlik olsun. X\u00fcsus\u0259n d\u0259 Z\u0259ng\u0259zur d\u0259hlizinin a\u00e7\u0131lmas\u0131 t\u0259hl\u00fck\u0259sizliyi t\u0259min ed\u0259c\u0259k. \u018ffsuslar olsun ki, s\u0259rh\u0259d t\u0259xribatlar\u0131nda h\u0259m d\u0259 d\u0259hlizl\u0259 ba\u011fl\u0131 m\u0259krli oyunlar var\u201d.<\/p>\n<p><strong>Yaz\u0131n\u0131 haz\u0131rlad\u0131: Emil SALAMO\u011eLU<\/strong><\/p>\n","protected":false},"excerpt":{"rendered":"<p>\u0130r\u0259van s\u00fclh \u0259leyhin\u0259 add\u0131mlar\u0131 il\u0259 k\u0259nar g\u00fccl\u0259rin hans\u0131 planlar\u0131n\u0131 qurur? &#8211; ilginc r\u0259y Prezident \u0130lham \u018fliyev almaniyal\u0131 h\u0259mkar\u0131\u00a0 \u015etaynmayerl\u0259 Bak\u0131da m\u0259tbuat konfrans\u0131nda s\u00fclh\u00fcn \u0259sas iki \u015f\u0259rtini b\u0259yan etdi: Minsk Qrupu l\u0259\u011fv edilm\u0259lidir v\u0259 konstitusiya d\u0259yi\u015fm\u0259lidir. Lakin Erm\u0259nistan s\u00fclh \u0259leyhin\u0259 \u0259m\u0259ll\u0259rini davam etdirir. S\u00f6hb\u0259t son g\u00fcnl\u0259r at\u0259\u015fk\u0259sin pozulmas\u0131ndan gedir.\u00a0 Art\u0131q m\u00fcdafi\u0259 naziri general-polkovnik Zakir H\u0259s\u0259nov orduya tap\u015f\u0131r\u0131q verib. Nazir Az\u0259rbaycan Ordusu b\u00f6lm\u0259l\u0259rinin h\u0259r an ist\u0259nil\u0259n t\u0259xribata qar\u015f\u0131 \u00e7evik reaksiya verm\u0259y\u0259 haz\u0131r olmas\u0131 bar\u0259d\u0259 aidiyy\u0259ti v\u0259zif\u0259li \u015f\u0259xsl\u0259r qar\u015f\u0131s\u0131nda konkret tap\u015f\u0131r\u0131qlar qoyub, d\u00f6y\u00fc\u015f n\u00f6vb\u0259t\u00e7iliyinin t\u0259\u015fkili zaman\u0131 ay\u0131q-say\u0131ql\u0131\u011f\u0131n art\u0131r\u0131lmas\u0131n\u0131n vacibliyini vur\u011fulay\u0131b. \u00c7\u00fcnki s\u0259rh\u0259dd\u0259 erm\u0259ni&hellip;<\/p>\n","protected":false},"author":2,"featured_media":798171,"comment_status":"closed","ping_status":"closed","sticky":false,"template":"","format":"standard","meta":{"om_disable_all_campaigns":false,"_monsterinsights_skip_tracking":false,"_monsterinsights_sitenote_active":false,"_monsterinsights_sitenote_note":"","_monsterinsights_sitenote_category":0},"categories":[19],"tags":[],"aioseo_notices":[],"gutentor_comment":0,"rttpg_featured_image_url":{"full":["https:\/\/arantv.az\/wp-content\/uploads\/2025\/04\/6c5fd9e4ee742cdcaea40f8d5deaaba2.jpg",670,420,false],"landscape":["https:\/\/arantv.az\/wp-content\/uploads\/2025\/04\/6c5fd9e4ee742cdcaea40f8d5deaaba2.jpg",670,420,false],"portraits":["https:\/\/arantv.az\/wp-content\/uploads\/2025\/04\/6c5fd9e4ee742cdcaea40f8d5deaaba2.jpg",670,420,false],"thumbnail":["https:\/\/arantv.az\/wp-content\/uploads\/2025\/04\/6c5fd9e4ee742cdcaea40f8d5deaaba2-500x280.jpg",500,280,true],"medium":["https:\/\/arantv.az\/wp-content\/uploads\/2025\/04\/6c5fd9e4ee742cdcaea40f8d5deaaba2-582x365.jpg",582,365,true],"large":["https:\/\/arantv.az\/wp-content\/uploads\/2025\/04\/6c5fd9e4ee742cdcaea40f8d5deaaba2.jpg",640,401,false],"1536x1536":["https:\/\/arantv.az\/wp-content\/uploads\/2025\/04\/6c5fd9e4ee742cdcaea40f8d5deaaba2.jpg",670,420,false],"2048x2048":["https:\/\/arantv.az\/wp-content\/uploads\/2025\/04\/6c5fd9e4ee742cdcaea40f8d5deaaba2.jpg",670,420,false],"post-thumbnail":["https:\/\/arantv.az\/wp-content\/uploads\/2025\/04\/6c5fd9e4ee742cdcaea40f8d5deaaba2-240x172.jpg",240,172,true],"advps-thumb-one":["https:\/\/arantv.az\/wp-content\/uploads\/2025\/04\/6c5fd9e4ee742cdcaea40f8d5deaaba2.jpg",670,420,false]},"rttpg_author":{"display_name":"V\u00fcsal Rafiqo\u011flu","author_link":"https:\/\/arantv.az\/?author=2"},"rttpg_comment":0,"rttpg_category":"<a href=\"https:\/\/arantv.az\/?cat=19\" rel=\"category\">G\u00fcnd\u0259m<\/a>","rttpg_excerpt":"\u0130r\u0259van s\u00fclh \u0259leyhin\u0259 add\u0131mlar\u0131 il\u0259 k\u0259nar g\u00fccl\u0259rin hans\u0131 planlar\u0131n\u0131 qurur? &#8211; ilginc r\u0259y Prezident \u0130lham \u018fliyev almaniyal\u0131 h\u0259mkar\u0131\u00a0 \u015etaynmayerl\u0259 Bak\u0131da m\u0259tbuat konfrans\u0131nda s\u00fclh\u00fcn \u0259sas iki \u015f\u0259rtini b\u0259yan etdi: Minsk Qrupu l\u0259\u011fv edilm\u0259lidir v\u0259 konstitusiya d\u0259yi\u015fm\u0259lidir. Lakin Erm\u0259nistan s\u00fclh \u0259leyhin\u0259 \u0259m\u0259ll\u0259rini davam etdirir. S\u00f6hb\u0259t son g\u00fcnl\u0259r at\u0259\u015fk\u0259sin pozulmas\u0131ndan gedir.\u00a0 Art\u0131q m\u00fcdafi\u0259 naziri general-polkovnik Zakir H\u0259s\u0259nov orduya&hellip;","_links":{"self":[{"href":"https:\/\/arantv.az\/index.php?rest_route=\/wp\/v2\/posts\/798170"}],"collection":[{"href":"https:\/\/arantv.az\/index.php?rest_route=\/wp\/v2\/posts"}],"about":[{"href":"https:\/\/arantv.az\/index.php?rest_route=\/wp\/v2\/types\/post"}],"author":[{"embeddable":true,"href":"https:\/\/arantv.az\/index.php?rest_route=\/wp\/v2\/users\/2"}],"replies":[{"embeddable":true,"href":"https:\/\/arantv.az\/index.php?rest_route=%2Fwp%2Fv2%2Fcomments&post=798170"}],"version-history":[{"count":1,"href":"https:\/\/arantv.az\/index.php?rest_route=\/wp\/v2\/posts\/798170\/revisions"}],"predecessor-version":[{"id":798172,"href":"https:\/\/arantv.az\/index.php?rest_route=\/wp\/v2\/posts\/798170\/revisions\/798172"}],"wp:featuredmedia":[{"embeddable":true,"href":"https:\/\/arantv.az\/index.php?rest_route=\/wp\/v2\/media\/798171"}],"wp:attachment":[{"href":"https:\/\/arantv.az\/index.php?rest_route=%2Fwp%2Fv2%2Fmedia&parent=798170"}],"wp:term":[{"taxonomy":"category","embeddable":true,"href":"https:\/\/arantv.az\/index.php?rest_route=%2Fwp%2Fv2%2Fcategories&post=798170"},{"taxonomy":"post_tag","embeddable":true,"href":"https:\/\/arantv.az\/index.php?rest_route=%2Fwp%2Fv2%2Ftags&post=798170"}],"curies":[{"name":"wp","href":"https:\/\/api.w.org\/{rel}","templated":true}]}}