{"id":79837,"date":"2019-09-18T14:24:42","date_gmt":"2019-09-18T11:24:42","guid":{"rendered":"http:\/\/arantv.az\/?p=79837"},"modified":"2019-09-18T14:24:42","modified_gmt":"2019-09-18T11:24:42","slug":"hadi-r%c9%99c%c9%99bli-b%c9%99zi-deputatlar-fantastik-fikirl%c9%99r-s%c9%99sl%c9%99ndirirl%c9%99r","status":"publish","type":"post","link":"https:\/\/arantv.az\/?p=79837","title":{"rendered":"Hadi R\u0259c\u0259bli: B\u0259zi deputatlar fantastik fikirl\u0259r s\u0259sl\u0259ndirirl\u0259r"},"content":{"rendered":"<p>Milli M\u0259clisin \u018fm\u0259k v\u0259 sosial siyas\u0259t komit\u0259sinin \u00fczv\u00fc olan deputatlar\u0131n he\u00e7 biri populist \u00e7\u0131x\u0131\u015f etm\u0259yib.<\/p>\n<p><strong>ARANTV.AZ<\/strong>-\u0131n m\u0259lumat\u0131na g\u00f6r\u0259, bunu Milli M\u0259clisin \u018fm\u0259k v\u0259 sosial siyas\u0259t komit\u0259sinin iclas\u0131nda komit\u0259 s\u0259dri Hadi R\u0259c\u0259bli deyib.<\/p>\n<div id=\"AdviadNativeVideo0\" class=\"AdviadNativeVideo\"><\/div>\n<p>O bildirib ki, bununla bel\u0259 parlamentin b\u0259zi komit\u0259l\u0259rind\u0259 m\u00fc\u0259yy\u0259n deputatlar fantastik fikirl\u0259r s\u0259sl\u0259ndirirl\u0259r. oxu.az<\/p>\n","protected":false},"excerpt":{"rendered":"<p>Milli M\u0259clisin \u018fm\u0259k v\u0259 sosial siyas\u0259t komit\u0259sinin \u00fczv\u00fc olan deputatlar\u0131n he\u00e7 biri populist \u00e7\u0131x\u0131\u015f etm\u0259yib. ARANTV.AZ-\u0131n m\u0259lumat\u0131na g\u00f6r\u0259, bunu Milli M\u0259clisin \u018fm\u0259k v\u0259 sosial siyas\u0259t komit\u0259sinin iclas\u0131nda komit\u0259 s\u0259dri Hadi R\u0259c\u0259bli deyib. O bildirib ki, bununla bel\u0259 parlamentin b\u0259zi komit\u0259l\u0259rind\u0259 m\u00fc\u0259yy\u0259n deputatlar fantastik fikirl\u0259r s\u0259sl\u0259ndirirl\u0259r. oxu.az<\/p>\n","protected":false},"author":2,"featured_media":79838,"comment_status":"closed","ping_status":"closed","sticky":false,"template":"","format":"standard","meta":{"om_disable_all_campaigns":false,"_monsterinsights_skip_tracking":false,"_monsterinsights_sitenote_active":false,"_monsterinsights_sitenote_note":"","_monsterinsights_sitenote_category":0},"categories":[1],"tags":[],"aioseo_notices":[],"gutentor_comment":0,"rttpg_featured_image_url":{"full":["https:\/\/arantv.az\/wp-content\/uploads\/2019\/09\/65171486_2492079440824150_4138706399972556800_n.jpg",620,413,false],"landscape":["https:\/\/arantv.az\/wp-content\/uploads\/2019\/09\/65171486_2492079440824150_4138706399972556800_n.jpg",620,413,false],"portraits":["https:\/\/arantv.az\/wp-content\/uploads\/2019\/09\/65171486_2492079440824150_4138706399972556800_n.jpg",620,413,false],"thumbnail":["https:\/\/arantv.az\/wp-content\/uploads\/2019\/09\/65171486_2492079440824150_4138706399972556800_n-150x150.jpg",150,150,true],"medium":["https:\/\/arantv.az\/wp-content\/uploads\/2019\/09\/65171486_2492079440824150_4138706399972556800_n-300x200.jpg",300,200,true],"large":["https:\/\/arantv.az\/wp-content\/uploads\/2019\/09\/65171486_2492079440824150_4138706399972556800_n.jpg",620,413,false],"1536x1536":["https:\/\/arantv.az\/wp-content\/uploads\/2019\/09\/65171486_2492079440824150_4138706399972556800_n.jpg",620,413,false],"2048x2048":["https:\/\/arantv.az\/wp-content\/uploads\/2019\/09\/65171486_2492079440824150_4138706399972556800_n.jpg",620,413,false],"post-thumbnail":["https:\/\/arantv.az\/wp-content\/uploads\/2019\/09\/65171486_2492079440824150_4138706399972556800_n-240x172.jpg",240,172,true],"advps-thumb-one":["https:\/\/arantv.az\/wp-content\/uploads\/2019\/09\/65171486_2492079440824150_4138706399972556800_n.jpg",620,413,false]},"rttpg_author":{"display_name":"V\u00fcsal Rafiqo\u011flu","author_link":"https:\/\/arantv.az\/?author=2"},"rttpg_comment":0,"rttpg_category":"<a href=\"https:\/\/arantv.az\/?cat=1\" rel=\"category\">C\u0259miyy\u0259t<\/a>","rttpg_excerpt":"Milli M\u0259clisin \u018fm\u0259k v\u0259 sosial siyas\u0259t komit\u0259sinin \u00fczv\u00fc olan deputatlar\u0131n he\u00e7 biri populist \u00e7\u0131x\u0131\u015f etm\u0259yib. ARANTV.AZ-\u0131n m\u0259lumat\u0131na g\u00f6r\u0259, bunu Milli M\u0259clisin \u018fm\u0259k v\u0259 sosial siyas\u0259t komit\u0259sinin iclas\u0131nda komit\u0259 s\u0259dri Hadi R\u0259c\u0259bli deyib. O bildirib ki, bununla bel\u0259 parlamentin b\u0259zi komit\u0259l\u0259rind\u0259 m\u00fc\u0259yy\u0259n deputatlar fantastik fikirl\u0259r s\u0259sl\u0259ndirirl\u0259r. oxu.az","_links":{"self":[{"href":"https:\/\/arantv.az\/index.php?rest_route=\/wp\/v2\/posts\/79837"}],"collection":[{"href":"https:\/\/arantv.az\/index.php?rest_route=\/wp\/v2\/posts"}],"about":[{"href":"https:\/\/arantv.az\/index.php?rest_route=\/wp\/v2\/types\/post"}],"author":[{"embeddable":true,"href":"https:\/\/arantv.az\/index.php?rest_route=\/wp\/v2\/users\/2"}],"replies":[{"embeddable":true,"href":"https:\/\/arantv.az\/index.php?rest_route=%2Fwp%2Fv2%2Fcomments&post=79837"}],"version-history":[{"count":0,"href":"https:\/\/arantv.az\/index.php?rest_route=\/wp\/v2\/posts\/79837\/revisions"}],"wp:featuredmedia":[{"embeddable":true,"href":"https:\/\/arantv.az\/index.php?rest_route=\/wp\/v2\/media\/79838"}],"wp:attachment":[{"href":"https:\/\/arantv.az\/index.php?rest_route=%2Fwp%2Fv2%2Fmedia&parent=79837"}],"wp:term":[{"taxonomy":"category","embeddable":true,"href":"https:\/\/arantv.az\/index.php?rest_route=%2Fwp%2Fv2%2Fcategories&post=79837"},{"taxonomy":"post_tag","embeddable":true,"href":"https:\/\/arantv.az\/index.php?rest_route=%2Fwp%2Fv2%2Ftags&post=79837"}],"curies":[{"name":"wp","href":"https:\/\/api.w.org\/{rel}","templated":true}]}}