{"id":79849,"date":"2019-09-18T14:38:29","date_gmt":"2019-09-18T11:38:29","guid":{"rendered":"http:\/\/arantv.az\/?p=79849"},"modified":"2019-09-18T14:38:29","modified_gmt":"2019-09-18T11:38:29","slug":"deputatlarin-pensiyasi-artirildi","status":"publish","type":"post","link":"https:\/\/arantv.az\/?p=79849","title":{"rendered":"Deputatlar\u0131n pensiyas\u0131 art\u0131r\u0131ld\u0131"},"content":{"rendered":"<p>Pensiyada olan deputatlar\u0131n pensiya m\u0259bl\u0259\u011fi art\u0131r\u0131l\u0131b.<\/p>\n<p><b>ARANTV.AZ<\/b>-\u0131n m\u0259lumat\u0131na g\u00f6r\u0259, bunu Milli M\u0259clisin \u018fm\u0259k v\u0259 sosial siyas\u0259t komit\u0259sinin s\u0259dri Hadi R\u0259c\u0259bli komit\u0259nin iclas\u0131nda deyib.<\/p>\n<p>O bildirib ki, qanunla pensiyada ya\u015f\u0131nda olan deputatlar\u0131n pensiyas\u0131 artsa da, bu, faktiki olaraq h\u0259yata ke\u00e7m\u0259yib.<\/p>\n<div id=\"AdviadNativeVideo0\" class=\"AdviadNativeVideo\"><\/div>\n<p>\u201cSentyabr\u0131n 25-d\u0259n etibar\u0259n is\u0259 pensiyada olan deputatlar\u0131n pensiya m\u0259bl\u0259\u011finin artmas\u0131 \u00fc\u00e7\u00fcn \u00f6d\u0259m\u0259l\u0259r\u0259 ba\u015flan\u0131lacaq.<\/p>\n<p>Onlar da yanvar ay\u0131n\u0131n 1-d\u0259n etibar\u0259n pensiyalar\u0131n\u0131 art\u0131mla alacaqlar. Bizim \u0259m\u0259khaqq\u0131nda olan art\u0131m onlar\u0131n da pensiyas\u0131nda \u00f6z\u00fcn\u00fc g\u00f6st\u0259r\u0259c\u0259k\u201d. oxu.az<\/p>\n","protected":false},"excerpt":{"rendered":"<p>Pensiyada olan deputatlar\u0131n pensiya m\u0259bl\u0259\u011fi art\u0131r\u0131l\u0131b. ARANTV.AZ-\u0131n m\u0259lumat\u0131na g\u00f6r\u0259, bunu Milli M\u0259clisin \u018fm\u0259k v\u0259 sosial siyas\u0259t komit\u0259sinin s\u0259dri Hadi R\u0259c\u0259bli komit\u0259nin iclas\u0131nda deyib. O bildirib ki, qanunla pensiyada ya\u015f\u0131nda olan deputatlar\u0131n pensiyas\u0131 artsa da, bu, faktiki olaraq h\u0259yata ke\u00e7m\u0259yib. \u201cSentyabr\u0131n 25-d\u0259n etibar\u0259n is\u0259 pensiyada olan deputatlar\u0131n pensiya m\u0259bl\u0259\u011finin artmas\u0131 \u00fc\u00e7\u00fcn \u00f6d\u0259m\u0259l\u0259r\u0259 ba\u015flan\u0131lacaq. Onlar da yanvar ay\u0131n\u0131n 1-d\u0259n etibar\u0259n pensiyalar\u0131n\u0131 art\u0131mla alacaqlar. Bizim \u0259m\u0259khaqq\u0131nda olan art\u0131m onlar\u0131n da pensiyas\u0131nda \u00f6z\u00fcn\u00fc g\u00f6st\u0259r\u0259c\u0259k\u201d. oxu.az<\/p>\n","protected":false},"author":2,"featured_media":79850,"comment_status":"closed","ping_status":"closed","sticky":false,"template":"","format":"standard","meta":{"om_disable_all_campaigns":false,"_monsterinsights_skip_tracking":false,"_monsterinsights_sitenote_active":false,"_monsterinsights_sitenote_note":"","_monsterinsights_sitenote_category":0},"categories":[1],"tags":[],"aioseo_notices":[],"gutentor_comment":0,"rttpg_featured_image_url":{"full":["https:\/\/arantv.az\/wp-content\/uploads\/2019\/09\/milli-2.jpg",620,438,false],"landscape":["https:\/\/arantv.az\/wp-content\/uploads\/2019\/09\/milli-2.jpg",620,438,false],"portraits":["https:\/\/arantv.az\/wp-content\/uploads\/2019\/09\/milli-2.jpg",620,438,false],"thumbnail":["https:\/\/arantv.az\/wp-content\/uploads\/2019\/09\/milli-2-150x150.jpg",150,150,true],"medium":["https:\/\/arantv.az\/wp-content\/uploads\/2019\/09\/milli-2-300x212.jpg",300,212,true],"large":["https:\/\/arantv.az\/wp-content\/uploads\/2019\/09\/milli-2.jpg",620,438,false],"1536x1536":["https:\/\/arantv.az\/wp-content\/uploads\/2019\/09\/milli-2.jpg",620,438,false],"2048x2048":["https:\/\/arantv.az\/wp-content\/uploads\/2019\/09\/milli-2.jpg",620,438,false],"post-thumbnail":["https:\/\/arantv.az\/wp-content\/uploads\/2019\/09\/milli-2-240x172.jpg",240,172,true],"advps-thumb-one":["https:\/\/arantv.az\/wp-content\/uploads\/2019\/09\/milli-2.jpg",620,438,false]},"rttpg_author":{"display_name":"V\u00fcsal Rafiqo\u011flu","author_link":"https:\/\/arantv.az\/?author=2"},"rttpg_comment":0,"rttpg_category":"<a href=\"https:\/\/arantv.az\/?cat=1\" rel=\"category\">C\u0259miyy\u0259t<\/a>","rttpg_excerpt":"Pensiyada olan deputatlar\u0131n pensiya m\u0259bl\u0259\u011fi art\u0131r\u0131l\u0131b. ARANTV.AZ-\u0131n m\u0259lumat\u0131na g\u00f6r\u0259, bunu Milli M\u0259clisin \u018fm\u0259k v\u0259 sosial siyas\u0259t komit\u0259sinin s\u0259dri Hadi R\u0259c\u0259bli komit\u0259nin iclas\u0131nda deyib. O bildirib ki, qanunla pensiyada ya\u015f\u0131nda olan deputatlar\u0131n pensiyas\u0131 artsa da, bu, faktiki olaraq h\u0259yata ke\u00e7m\u0259yib. \u201cSentyabr\u0131n 25-d\u0259n etibar\u0259n is\u0259 pensiyada olan deputatlar\u0131n pensiya m\u0259bl\u0259\u011finin artmas\u0131 \u00fc\u00e7\u00fcn \u00f6d\u0259m\u0259l\u0259r\u0259 ba\u015flan\u0131lacaq. Onlar da yanvar&hellip;","_links":{"self":[{"href":"https:\/\/arantv.az\/index.php?rest_route=\/wp\/v2\/posts\/79849"}],"collection":[{"href":"https:\/\/arantv.az\/index.php?rest_route=\/wp\/v2\/posts"}],"about":[{"href":"https:\/\/arantv.az\/index.php?rest_route=\/wp\/v2\/types\/post"}],"author":[{"embeddable":true,"href":"https:\/\/arantv.az\/index.php?rest_route=\/wp\/v2\/users\/2"}],"replies":[{"embeddable":true,"href":"https:\/\/arantv.az\/index.php?rest_route=%2Fwp%2Fv2%2Fcomments&post=79849"}],"version-history":[{"count":0,"href":"https:\/\/arantv.az\/index.php?rest_route=\/wp\/v2\/posts\/79849\/revisions"}],"wp:featuredmedia":[{"embeddable":true,"href":"https:\/\/arantv.az\/index.php?rest_route=\/wp\/v2\/media\/79850"}],"wp:attachment":[{"href":"https:\/\/arantv.az\/index.php?rest_route=%2Fwp%2Fv2%2Fmedia&parent=79849"}],"wp:term":[{"taxonomy":"category","embeddable":true,"href":"https:\/\/arantv.az\/index.php?rest_route=%2Fwp%2Fv2%2Fcategories&post=79849"},{"taxonomy":"post_tag","embeddable":true,"href":"https:\/\/arantv.az\/index.php?rest_route=%2Fwp%2Fv2%2Ftags&post=79849"}],"curies":[{"name":"wp","href":"https:\/\/api.w.org\/{rel}","templated":true}]}}