{"id":798522,"date":"2025-04-09T12:12:52","date_gmt":"2025-04-09T08:12:52","guid":{"rendered":"https:\/\/arantv.az\/?p=798522"},"modified":"2025-04-09T12:12:52","modified_gmt":"2025-04-09T08:12:52","slug":"prezident-ilham-%c9%99liyev-ilk-d%c9%99f%c9%99-aciqladi-turkiy%c9%99-il%c9%99-israili-az%c9%99rbaycan-barisdirdi-indi-d%c9%99-video","status":"publish","type":"post","link":"https:\/\/arantv.az\/?p=798522","title":{"rendered":"Prezident \u0130lham \u018fliyev ilk d\u0259f\u0259 a\u00e7\u0131qlad\u0131: T\u00fcrkiy\u0259 il\u0259 \u0130sraili Az\u0259rbaycan bar\u0131\u015fd\u0131rd\u0131, indi d\u0259&#8230; &#8211; V\u0130DEO"},"content":{"rendered":"<p><strong>ARANTV.AZ x\u0259b\u0259r verir ki, Bak\u0131da \u201cYeni d\u00fcnya nizam\u0131na do\u011fru\u201d m\u00f6vzusunda ke\u00e7iril\u0259n beyn\u0259lxalq forum \u00e7\u0259r\u00e7iv\u0259sind\u0259 Az\u0259rbaycan Prezidenti \u0130lham \u018fliyevin \u00e7\u0131x\u0131\u015f\u0131 bir s\u0131ra maraql\u0131 v\u0259 \u0259h\u0259miyy\u0259tli m\u0259qamlarla yadda qal\u0131b.<\/strong><\/p>\n<p>ADA Universitetind\u0259 t\u0259\u015fkil olunan t\u0259dbird\u0259 Prezident \u0130lham \u018fliyev regional v\u0259 qlobal prosesl\u0259r\u0259 dair m\u00fch\u00fcm fikirl\u0259rini b\u00f6l\u00fc\u015f\u00fcb.<\/p>\n<p>Prezident \u018fliyev ilk d\u0259f\u0259 olaraq iki il \u0259vv\u0259l T\u00fcrkiy\u0259 il\u0259 \u0130srail aras\u0131nda ya\u015fanan diplomatik b\u00f6hran zaman\u0131 Az\u0259rbaycan\u0131n vasit\u0259\u00e7i rolunu r\u0259smi \u015f\u0259kild\u0259 a\u00e7\u0131qlay\u0131b. D\u00f6vl\u0259t ba\u015f\u00e7\u0131s\u0131 bildirib ki, h\u0259min d\u00f6vrd\u0259 iki dost v\u0259 t\u0259r\u0259fda\u015f \u00f6lk\u0259 aras\u0131nda m\u00fcnasib\u0259tl\u0259r g\u0259rgin m\u0259rh\u0259l\u0259y\u0259 daxil olmu\u015fdu v\u0259 Az\u0259rbaycan p\u0259rd\u0259arxas\u0131 diplomatik kanallar vasit\u0259sil\u0259 bu m\u00fcnasib\u0259tl\u0259rin normalla\u015fmas\u0131 \u00fc\u00e7\u00fcn f\u0259al \u015f\u0259kild\u0259 \u00e7al\u0131\u015f\u0131b.<\/p>\n<p>\u201cBiz bu missiyan\u0131 reklam etm\u0259dik, \u00f6y\u00fcnm\u0259dik. Sad\u0259c\u0259 olaraq p\u0259rd\u0259arxas\u0131nda f\u0259aliyy\u0259t g\u00f6st\u0259rdik. H\u0259d\u0259fimiz iki dost \u00f6lk\u0259 aras\u0131nda m\u00fcnasib\u0259tl\u0259rin b\u0259rpas\u0131na nail olmaq idi\u201d, \u2013 dey\u0259 Prezident \u018fliyev qeyd edib.<\/p>\n<p>O vur\u011fulay\u0131b ki, h\u0259min proses n\u0259tic\u0259sind\u0259 \u0130srail Prezidenti Yitzhak Hersoq T\u00fcrkiy\u0259y\u0259 r\u0259smi s\u0259f\u0259r edib, daha sonra Ba\u015f nazir Benyamin Netanyahu v\u0259 T\u00fcrkiy\u0259 Prezidenti R\u0259c\u0259b Tayyib \u018frdo\u011fan aras\u0131nda birba\u015fa AB\u015e -da g\u00f6r\u00fc\u015f ba\u015f tutub. Bu diplomatik ir\u0259lil\u0259yi\u015fin fonunda iki \u00f6lk\u0259 aras\u0131nda m\u00fcnasib\u0259tl\u0259r o zaman yenid\u0259n normalla\u015f\u0131b.<\/p>\n<p>Haz\u0131rda is\u0259 b\u00f6lg\u0259d\u0259 ba\u015f ver\u0259n yeni g\u0259rginlik fonunda Az\u0259rbaycan yenid\u0259n ox\u015far t\u0259\u015f\u0259bb\u00fcsl\u0259rl\u0259 \u00e7\u0131x\u0131\u015f edir. \u0130lham \u018fliyev bildirib ki, indi ikinci d\u0259f\u0259 ox\u015far b\u00f6hran ya\u015fan\u0131r v\u0259 Az\u0259rbaycan yen\u0259 d\u0259 \u00fcz\u0259rin\u0259 d\u00fc\u015f\u0259ni edir: \u201cDejav\u00fc ya\u015fay\u0131r\u0131q, amma bizim alqoritmimiz b\u0259llidir&#8230; \u0130ndi d\u0259 \u0259limizd\u0259n g\u0259l\u0259ni edirik ki, T\u00fcrkiy\u0259 il\u0259 \u0130srail aras\u0131nda m\u00fcnasib\u0259tl\u0259r normalla\u015fs\u0131n. \u018flb\u0259tt\u0259, bu, onlar\u0131n suveren q\u0259rar\u0131d\u0131r. Amma biz inan\u0131r\u0131q ki, bu m\u00fcnasib\u0259tl\u0259rin pisl\u0259\u015fm\u0259si n\u0259 bizim, n\u0259 d\u0259 regionun xeyrin\u0259dir.\u201d<\/p>\n<p><strong>Musavat.com oxucular\u0131na h\u0259min \u00e7\u0131x\u0131\u015f\u0131n video ba\u011flant\u0131s\u0131n\u0131 t\u0259qdim edir.<\/strong><\/p>\n<p><iframe title=\"Prezident \u018fliyev ilk d\u0259f\u0259 a\u00e7\u0131qlad\u0131: &quot;T\u00fcrkiy\u0259 il\u0259 \u0130sraili biz bar\u0131\u015fd\u0131rd\u0131q&quot;\" src=\"https:\/\/www.youtube.com\/embed\/sKJfaI_F7ik\" frameborder=\"0\" allowfullscreen=\"allowfullscreen\" data-mce-fragment=\"1\"><\/iframe><\/p>\n","protected":false},"excerpt":{"rendered":"<p>ARANTV.AZ x\u0259b\u0259r verir ki, Bak\u0131da \u201cYeni d\u00fcnya nizam\u0131na do\u011fru\u201d m\u00f6vzusunda ke\u00e7iril\u0259n beyn\u0259lxalq forum \u00e7\u0259r\u00e7iv\u0259sind\u0259 Az\u0259rbaycan Prezidenti \u0130lham \u018fliyevin \u00e7\u0131x\u0131\u015f\u0131 bir s\u0131ra maraql\u0131 v\u0259 \u0259h\u0259miyy\u0259tli m\u0259qamlarla yadda qal\u0131b. ADA Universitetind\u0259 t\u0259\u015fkil olunan t\u0259dbird\u0259 Prezident \u0130lham \u018fliyev regional v\u0259 qlobal prosesl\u0259r\u0259 dair m\u00fch\u00fcm fikirl\u0259rini b\u00f6l\u00fc\u015f\u00fcb. Prezident \u018fliyev ilk d\u0259f\u0259 olaraq iki il \u0259vv\u0259l T\u00fcrkiy\u0259 il\u0259 \u0130srail aras\u0131nda ya\u015fanan diplomatik b\u00f6hran zaman\u0131 Az\u0259rbaycan\u0131n vasit\u0259\u00e7i rolunu r\u0259smi \u015f\u0259kild\u0259 a\u00e7\u0131qlay\u0131b. D\u00f6vl\u0259t ba\u015f\u00e7\u0131s\u0131 bildirib ki, h\u0259min d\u00f6vrd\u0259 iki dost v\u0259 t\u0259r\u0259fda\u015f \u00f6lk\u0259 aras\u0131nda m\u00fcnasib\u0259tl\u0259r g\u0259rgin m\u0259rh\u0259l\u0259y\u0259 daxil olmu\u015fdu v\u0259 Az\u0259rbaycan p\u0259rd\u0259arxas\u0131 diplomatik kanallar vasit\u0259sil\u0259 bu m\u00fcnasib\u0259tl\u0259rin&hellip;<\/p>\n","protected":false},"author":2,"featured_media":798523,"comment_status":"closed","ping_status":"closed","sticky":false,"template":"","format":"standard","meta":{"om_disable_all_campaigns":false,"_monsterinsights_skip_tracking":false,"_monsterinsights_sitenote_active":false,"_monsterinsights_sitenote_note":"","_monsterinsights_sitenote_category":0},"categories":[4],"tags":[],"aioseo_notices":[],"gutentor_comment":0,"rttpg_featured_image_url":{"full":["https:\/\/arantv.az\/wp-content\/uploads\/2025\/04\/74f25d7d528a4a158ca6810ae4205616.jpg",870,500,false],"landscape":["https:\/\/arantv.az\/wp-content\/uploads\/2025\/04\/74f25d7d528a4a158ca6810ae4205616.jpg",870,500,false],"portraits":["https:\/\/arantv.az\/wp-content\/uploads\/2025\/04\/74f25d7d528a4a158ca6810ae4205616.jpg",870,500,false],"thumbnail":["https:\/\/arantv.az\/wp-content\/uploads\/2025\/04\/74f25d7d528a4a158ca6810ae4205616-500x280.jpg",500,280,true],"medium":["https:\/\/arantv.az\/wp-content\/uploads\/2025\/04\/74f25d7d528a4a158ca6810ae4205616-635x365.jpg",635,365,true],"large":["https:\/\/arantv.az\/wp-content\/uploads\/2025\/04\/74f25d7d528a4a158ca6810ae4205616-840x483.jpg",640,368,true],"1536x1536":["https:\/\/arantv.az\/wp-content\/uploads\/2025\/04\/74f25d7d528a4a158ca6810ae4205616.jpg",870,500,false],"2048x2048":["https:\/\/arantv.az\/wp-content\/uploads\/2025\/04\/74f25d7d528a4a158ca6810ae4205616.jpg",870,500,false],"post-thumbnail":["https:\/\/arantv.az\/wp-content\/uploads\/2025\/04\/74f25d7d528a4a158ca6810ae4205616-240x172.jpg",240,172,true],"advps-thumb-one":["https:\/\/arantv.az\/wp-content\/uploads\/2025\/04\/74f25d7d528a4a158ca6810ae4205616.jpg",870,500,false]},"rttpg_author":{"display_name":"V\u00fcsal Rafiqo\u011flu","author_link":"https:\/\/arantv.az\/?author=2"},"rttpg_comment":0,"rttpg_category":"<a href=\"https:\/\/arantv.az\/?cat=4\" rel=\"category\">Siyas\u0259t<\/a>","rttpg_excerpt":"ARANTV.AZ x\u0259b\u0259r verir ki, Bak\u0131da \u201cYeni d\u00fcnya nizam\u0131na do\u011fru\u201d m\u00f6vzusunda ke\u00e7iril\u0259n beyn\u0259lxalq forum \u00e7\u0259r\u00e7iv\u0259sind\u0259 Az\u0259rbaycan Prezidenti \u0130lham \u018fliyevin \u00e7\u0131x\u0131\u015f\u0131 bir s\u0131ra maraql\u0131 v\u0259 \u0259h\u0259miyy\u0259tli m\u0259qamlarla yadda qal\u0131b. ADA Universitetind\u0259 t\u0259\u015fkil olunan t\u0259dbird\u0259 Prezident \u0130lham \u018fliyev regional v\u0259 qlobal prosesl\u0259r\u0259 dair m\u00fch\u00fcm fikirl\u0259rini b\u00f6l\u00fc\u015f\u00fcb. Prezident \u018fliyev ilk d\u0259f\u0259 olaraq iki il \u0259vv\u0259l T\u00fcrkiy\u0259 il\u0259 \u0130srail aras\u0131nda&hellip;","_links":{"self":[{"href":"https:\/\/arantv.az\/index.php?rest_route=\/wp\/v2\/posts\/798522"}],"collection":[{"href":"https:\/\/arantv.az\/index.php?rest_route=\/wp\/v2\/posts"}],"about":[{"href":"https:\/\/arantv.az\/index.php?rest_route=\/wp\/v2\/types\/post"}],"author":[{"embeddable":true,"href":"https:\/\/arantv.az\/index.php?rest_route=\/wp\/v2\/users\/2"}],"replies":[{"embeddable":true,"href":"https:\/\/arantv.az\/index.php?rest_route=%2Fwp%2Fv2%2Fcomments&post=798522"}],"version-history":[{"count":2,"href":"https:\/\/arantv.az\/index.php?rest_route=\/wp\/v2\/posts\/798522\/revisions"}],"predecessor-version":[{"id":798525,"href":"https:\/\/arantv.az\/index.php?rest_route=\/wp\/v2\/posts\/798522\/revisions\/798525"}],"wp:featuredmedia":[{"embeddable":true,"href":"https:\/\/arantv.az\/index.php?rest_route=\/wp\/v2\/media\/798523"}],"wp:attachment":[{"href":"https:\/\/arantv.az\/index.php?rest_route=%2Fwp%2Fv2%2Fmedia&parent=798522"}],"wp:term":[{"taxonomy":"category","embeddable":true,"href":"https:\/\/arantv.az\/index.php?rest_route=%2Fwp%2Fv2%2Fcategories&post=798522"},{"taxonomy":"post_tag","embeddable":true,"href":"https:\/\/arantv.az\/index.php?rest_route=%2Fwp%2Fv2%2Ftags&post=798522"}],"curies":[{"name":"wp","href":"https:\/\/api.w.org\/{rel}","templated":true}]}}