{"id":798527,"date":"2025-04-09T12:14:00","date_gmt":"2025-04-09T08:14:00","guid":{"rendered":"https:\/\/arantv.az\/?p=798527"},"modified":"2025-04-09T12:14:00","modified_gmt":"2025-04-09T08:14:00","slug":"prezident-erm%c9%99nistan-araz-cayini-cirkl%c9%99ndirir","status":"publish","type":"post","link":"https:\/\/arantv.az\/?p=798527","title":{"rendered":"Prezident: Erm\u0259nistan Araz \u00e7ay\u0131n\u0131 \u00e7irkl\u0259ndirir"},"content":{"rendered":"<p><strong>Jurnalistl\u0259rin, h\u0259m\u00e7inin ziyal\u0131lar\u0131n s\u0259f\u0259rl\u0259ri t\u0259\u015fkil edil\u0259, b\u0259lk\u0259 d\u0259 transs\u0259rh\u0259d \u00e7aylarla ba\u011fl\u0131 birg\u0259 t\u0259dbirl\u0259r ke\u00e7iril\u0259 bil\u0259r. Biz bununla ba\u011fl\u0131 m\u00f6vqeyimizi d\u0259f\u0259l\u0259rl\u0259 bildirmi\u015fik, \u00e7\u00fcnki Erm\u0259nistan Araz \u00e7ay\u0131n\u0131 \u00e7irkl\u0259ndirir.<\/strong><\/p>\n<p><strong>ARANTV.AZ\u00a0 <\/strong>x\u0259b\u0259r verir ki, bunu Prezident \u0130lham \u018fliyev ADA Universitetind\u0259 ke\u00e7iril\u0259n &#8220;Yeni d\u00fcnya nizam\u0131na do\u011fru&#8221; m\u00f6vzusunda beyn\u0259lxalq forumda \u00e7\u0131x\u0131\u015f\u0131 zaman\u0131 bildirib.<\/p>\n<p>D\u00f6vl\u0259timizin ba\u015f\u00e7\u0131s\u0131 deyib: \u201c\u018fg\u0259r biz Az\u0259rbaycan istiqam\u0259tind\u0259 bu m\u0259s\u0259l\u0259l\u0259ri m\u00fczakir\u0259 ed\u0259 bils\u0259k, yax\u015f\u0131 olar. Bu, praktiki add\u0131mlar\u0131 g\u00f6st\u0259rir v\u0259 etimad\u0131n olmamas\u0131n\u0131 bel\u0259 ki\u00e7ik add\u0131mlarla t\u0259dric\u0259n azalda bil\u0259rik. Bu, ill\u0259r t\u0259l\u0259b ed\u0259c\u0259k, lakin biz bununla azalda bil\u0259rik\u201d.<\/p>\n","protected":false},"excerpt":{"rendered":"<p>Jurnalistl\u0259rin, h\u0259m\u00e7inin ziyal\u0131lar\u0131n s\u0259f\u0259rl\u0259ri t\u0259\u015fkil edil\u0259, b\u0259lk\u0259 d\u0259 transs\u0259rh\u0259d \u00e7aylarla ba\u011fl\u0131 birg\u0259 t\u0259dbirl\u0259r ke\u00e7iril\u0259 bil\u0259r. Biz bununla ba\u011fl\u0131 m\u00f6vqeyimizi d\u0259f\u0259l\u0259rl\u0259 bildirmi\u015fik, \u00e7\u00fcnki Erm\u0259nistan Araz \u00e7ay\u0131n\u0131 \u00e7irkl\u0259ndirir. ARANTV.AZ\u00a0 x\u0259b\u0259r verir ki, bunu Prezident \u0130lham \u018fliyev ADA Universitetind\u0259 ke\u00e7iril\u0259n &#8220;Yeni d\u00fcnya nizam\u0131na do\u011fru&#8221; m\u00f6vzusunda beyn\u0259lxalq forumda \u00e7\u0131x\u0131\u015f\u0131 zaman\u0131 bildirib. D\u00f6vl\u0259timizin ba\u015f\u00e7\u0131s\u0131 deyib: \u201c\u018fg\u0259r biz Az\u0259rbaycan istiqam\u0259tind\u0259 bu m\u0259s\u0259l\u0259l\u0259ri m\u00fczakir\u0259 ed\u0259 bils\u0259k, yax\u015f\u0131 olar. Bu, praktiki add\u0131mlar\u0131 g\u00f6st\u0259rir v\u0259 etimad\u0131n olmamas\u0131n\u0131 bel\u0259 ki\u00e7ik add\u0131mlarla t\u0259dric\u0259n azalda bil\u0259rik. Bu, ill\u0259r t\u0259l\u0259b ed\u0259c\u0259k, lakin biz bununla azalda bil\u0259rik\u201d.<\/p>\n","protected":false},"author":2,"featured_media":798528,"comment_status":"closed","ping_status":"closed","sticky":false,"template":"","format":"standard","meta":{"om_disable_all_campaigns":false,"_monsterinsights_skip_tracking":false,"_monsterinsights_sitenote_active":false,"_monsterinsights_sitenote_note":"","_monsterinsights_sitenote_category":0},"categories":[4],"tags":[],"aioseo_notices":[],"gutentor_comment":0,"rttpg_featured_image_url":{"full":["https:\/\/arantv.az\/wp-content\/uploads\/2025\/04\/aa4644b448c39eccaf59d4cd2046e1f1.jpg",870,500,false],"landscape":["https:\/\/arantv.az\/wp-content\/uploads\/2025\/04\/aa4644b448c39eccaf59d4cd2046e1f1.jpg",870,500,false],"portraits":["https:\/\/arantv.az\/wp-content\/uploads\/2025\/04\/aa4644b448c39eccaf59d4cd2046e1f1.jpg",870,500,false],"thumbnail":["https:\/\/arantv.az\/wp-content\/uploads\/2025\/04\/aa4644b448c39eccaf59d4cd2046e1f1-500x280.jpg",500,280,true],"medium":["https:\/\/arantv.az\/wp-content\/uploads\/2025\/04\/aa4644b448c39eccaf59d4cd2046e1f1-635x365.jpg",635,365,true],"large":["https:\/\/arantv.az\/wp-content\/uploads\/2025\/04\/aa4644b448c39eccaf59d4cd2046e1f1-840x483.jpg",640,368,true],"1536x1536":["https:\/\/arantv.az\/wp-content\/uploads\/2025\/04\/aa4644b448c39eccaf59d4cd2046e1f1.jpg",870,500,false],"2048x2048":["https:\/\/arantv.az\/wp-content\/uploads\/2025\/04\/aa4644b448c39eccaf59d4cd2046e1f1.jpg",870,500,false],"post-thumbnail":["https:\/\/arantv.az\/wp-content\/uploads\/2025\/04\/aa4644b448c39eccaf59d4cd2046e1f1-240x172.jpg",240,172,true],"advps-thumb-one":["https:\/\/arantv.az\/wp-content\/uploads\/2025\/04\/aa4644b448c39eccaf59d4cd2046e1f1.jpg",870,500,false]},"rttpg_author":{"display_name":"V\u00fcsal Rafiqo\u011flu","author_link":"https:\/\/arantv.az\/?author=2"},"rttpg_comment":0,"rttpg_category":"<a href=\"https:\/\/arantv.az\/?cat=4\" rel=\"category\">Siyas\u0259t<\/a>","rttpg_excerpt":"Jurnalistl\u0259rin, h\u0259m\u00e7inin ziyal\u0131lar\u0131n s\u0259f\u0259rl\u0259ri t\u0259\u015fkil edil\u0259, b\u0259lk\u0259 d\u0259 transs\u0259rh\u0259d \u00e7aylarla ba\u011fl\u0131 birg\u0259 t\u0259dbirl\u0259r ke\u00e7iril\u0259 bil\u0259r. Biz bununla ba\u011fl\u0131 m\u00f6vqeyimizi d\u0259f\u0259l\u0259rl\u0259 bildirmi\u015fik, \u00e7\u00fcnki Erm\u0259nistan Araz \u00e7ay\u0131n\u0131 \u00e7irkl\u0259ndirir. ARANTV.AZ\u00a0 x\u0259b\u0259r verir ki, bunu Prezident \u0130lham \u018fliyev ADA Universitetind\u0259 ke\u00e7iril\u0259n &#8220;Yeni d\u00fcnya nizam\u0131na do\u011fru&#8221; m\u00f6vzusunda beyn\u0259lxalq forumda \u00e7\u0131x\u0131\u015f\u0131 zaman\u0131 bildirib. D\u00f6vl\u0259timizin ba\u015f\u00e7\u0131s\u0131 deyib: \u201c\u018fg\u0259r biz Az\u0259rbaycan istiqam\u0259tind\u0259 bu&hellip;","_links":{"self":[{"href":"https:\/\/arantv.az\/index.php?rest_route=\/wp\/v2\/posts\/798527"}],"collection":[{"href":"https:\/\/arantv.az\/index.php?rest_route=\/wp\/v2\/posts"}],"about":[{"href":"https:\/\/arantv.az\/index.php?rest_route=\/wp\/v2\/types\/post"}],"author":[{"embeddable":true,"href":"https:\/\/arantv.az\/index.php?rest_route=\/wp\/v2\/users\/2"}],"replies":[{"embeddable":true,"href":"https:\/\/arantv.az\/index.php?rest_route=%2Fwp%2Fv2%2Fcomments&post=798527"}],"version-history":[{"count":1,"href":"https:\/\/arantv.az\/index.php?rest_route=\/wp\/v2\/posts\/798527\/revisions"}],"predecessor-version":[{"id":798529,"href":"https:\/\/arantv.az\/index.php?rest_route=\/wp\/v2\/posts\/798527\/revisions\/798529"}],"wp:featuredmedia":[{"embeddable":true,"href":"https:\/\/arantv.az\/index.php?rest_route=\/wp\/v2\/media\/798528"}],"wp:attachment":[{"href":"https:\/\/arantv.az\/index.php?rest_route=%2Fwp%2Fv2%2Fmedia&parent=798527"}],"wp:term":[{"taxonomy":"category","embeddable":true,"href":"https:\/\/arantv.az\/index.php?rest_route=%2Fwp%2Fv2%2Fcategories&post=798527"},{"taxonomy":"post_tag","embeddable":true,"href":"https:\/\/arantv.az\/index.php?rest_route=%2Fwp%2Fv2%2Ftags&post=798527"}],"curies":[{"name":"wp","href":"https:\/\/api.w.org\/{rel}","templated":true}]}}