{"id":79861,"date":"2019-09-18T15:05:20","date_gmt":"2019-09-18T12:05:20","guid":{"rendered":"http:\/\/arantv.az\/?p=79861"},"modified":"2019-09-18T15:05:20","modified_gmt":"2019-09-18T12:05:20","slug":"yeni-rektor-onlari-ozun%c9%99-musavir-t%c9%99yin-etdi","status":"publish","type":"post","link":"https:\/\/arantv.az\/?p=79861","title":{"rendered":"Yeni rektor onlar\u0131 \u00f6z\u00fcn\u0259 m\u00fc\u015favir T\u018fY\u0130N ETD\u0130"},"content":{"rendered":"<p>Az\u0259rbaycan Texniki Universitetinin rektoru Vilay\u0259t V\u0259liyev \u00f6z\u00fcn\u0259 iki m\u00fc\u015favir t\u0259yin edib.<\/p>\n<p><b>ARANTV.AZ<\/b>-\u0131n m\u0259lumata g\u00f6r\u0259, V.V\u0259liyevin \u0259mri il\u0259, Nigar Sultanova ATU rektorunun Beyn\u0259lxalq \u018flaq\u0259l\u0259r \u00fczr\u0259, Malik Mehdiyev is\u0259 \u0130qtisadiyyat \u00fczr\u0259 m\u00fc\u015faviri t\u0259yin edilib.<\/p>\n<p>Rektorun dig\u0259r \u0259mri il\u0259, Z\u0259kay \u015eayev T\u0259dris Hiss\u0259sinin m\u00fcdiri v\u0259zif\u0259sind\u0259n azad edil\u0259r\u0259k, N\u0259qliyyat fak\u00fclt\u0259sin\u0259 m\u00fcv\u0259qq\u0259ti dekan t\u0259yin edilib. Onun yerin\u0259 is\u0259 dossent \u0130mran Yol\u00e7uyev T\u0259dris Hiss\u0259sinin m\u00fcdiri v\u0259zif\u0259sin\u0259 t\u0259yinat al\u0131b.<\/p>\n<p>X\u0259b\u0259ri Az\u0259rbaycan Texniki Universitetinin (AzTU) \u0130ctimaiyy\u0259tl\u0259 \u0259laq\u0259l\u0259r \u015f\u00f6b\u0259sinin m\u00fcdiri Q\u0259z\u0259nf\u0259r Bayramov Unikal.org-a t\u0259sdiql\u0259yib.Sonxeber.az<\/p>\n","protected":false},"excerpt":{"rendered":"<p>Az\u0259rbaycan Texniki Universitetinin rektoru Vilay\u0259t V\u0259liyev \u00f6z\u00fcn\u0259 iki m\u00fc\u015favir t\u0259yin edib. ARANTV.AZ-\u0131n m\u0259lumata g\u00f6r\u0259, V.V\u0259liyevin \u0259mri il\u0259, Nigar Sultanova ATU rektorunun Beyn\u0259lxalq \u018flaq\u0259l\u0259r \u00fczr\u0259, Malik Mehdiyev is\u0259 \u0130qtisadiyyat \u00fczr\u0259 m\u00fc\u015faviri t\u0259yin edilib. Rektorun dig\u0259r \u0259mri il\u0259, Z\u0259kay \u015eayev T\u0259dris Hiss\u0259sinin m\u00fcdiri v\u0259zif\u0259sind\u0259n azad edil\u0259r\u0259k, N\u0259qliyyat fak\u00fclt\u0259sin\u0259 m\u00fcv\u0259qq\u0259ti dekan t\u0259yin edilib. Onun yerin\u0259 is\u0259 dossent \u0130mran Yol\u00e7uyev T\u0259dris Hiss\u0259sinin m\u00fcdiri v\u0259zif\u0259sin\u0259 t\u0259yinat al\u0131b. X\u0259b\u0259ri Az\u0259rbaycan Texniki Universitetinin (AzTU) \u0130ctimaiyy\u0259tl\u0259 \u0259laq\u0259l\u0259r \u015f\u00f6b\u0259sinin m\u00fcdiri Q\u0259z\u0259nf\u0259r Bayramov Unikal.org-a t\u0259sdiql\u0259yib.Sonxeber.az<\/p>\n","protected":false},"author":2,"featured_media":79862,"comment_status":"closed","ping_status":"closed","sticky":false,"template":"","format":"standard","meta":{"om_disable_all_campaigns":false,"_monsterinsights_skip_tracking":false,"_monsterinsights_sitenote_active":false,"_monsterinsights_sitenote_note":"","_monsterinsights_sitenote_category":0},"categories":[1],"tags":[],"aioseo_notices":[],"gutentor_comment":0,"rttpg_featured_image_url":{"full":["https:\/\/arantv.az\/wp-content\/uploads\/2019\/09\/1568806304.05-01.08.19-6.jpg",549,366,false],"landscape":["https:\/\/arantv.az\/wp-content\/uploads\/2019\/09\/1568806304.05-01.08.19-6.jpg",549,366,false],"portraits":["https:\/\/arantv.az\/wp-content\/uploads\/2019\/09\/1568806304.05-01.08.19-6.jpg",549,366,false],"thumbnail":["https:\/\/arantv.az\/wp-content\/uploads\/2019\/09\/1568806304.05-01.08.19-6-150x150.jpg",150,150,true],"medium":["https:\/\/arantv.az\/wp-content\/uploads\/2019\/09\/1568806304.05-01.08.19-6-300x200.jpg",300,200,true],"large":["https:\/\/arantv.az\/wp-content\/uploads\/2019\/09\/1568806304.05-01.08.19-6.jpg",549,366,false],"1536x1536":["https:\/\/arantv.az\/wp-content\/uploads\/2019\/09\/1568806304.05-01.08.19-6.jpg",549,366,false],"2048x2048":["https:\/\/arantv.az\/wp-content\/uploads\/2019\/09\/1568806304.05-01.08.19-6.jpg",549,366,false],"post-thumbnail":["https:\/\/arantv.az\/wp-content\/uploads\/2019\/09\/1568806304.05-01.08.19-6-240x172.jpg",240,172,true],"advps-thumb-one":["https:\/\/arantv.az\/wp-content\/uploads\/2019\/09\/1568806304.05-01.08.19-6.jpg",549,366,false]},"rttpg_author":{"display_name":"V\u00fcsal Rafiqo\u011flu","author_link":"https:\/\/arantv.az\/?author=2"},"rttpg_comment":0,"rttpg_category":"<a href=\"https:\/\/arantv.az\/?cat=1\" rel=\"category\">C\u0259miyy\u0259t<\/a>","rttpg_excerpt":"Az\u0259rbaycan Texniki Universitetinin rektoru Vilay\u0259t V\u0259liyev \u00f6z\u00fcn\u0259 iki m\u00fc\u015favir t\u0259yin edib. ARANTV.AZ-\u0131n m\u0259lumata g\u00f6r\u0259, V.V\u0259liyevin \u0259mri il\u0259, Nigar Sultanova ATU rektorunun Beyn\u0259lxalq \u018flaq\u0259l\u0259r \u00fczr\u0259, Malik Mehdiyev is\u0259 \u0130qtisadiyyat \u00fczr\u0259 m\u00fc\u015faviri t\u0259yin edilib. Rektorun dig\u0259r \u0259mri il\u0259, Z\u0259kay \u015eayev T\u0259dris Hiss\u0259sinin m\u00fcdiri v\u0259zif\u0259sind\u0259n azad edil\u0259r\u0259k, N\u0259qliyyat fak\u00fclt\u0259sin\u0259 m\u00fcv\u0259qq\u0259ti dekan t\u0259yin edilib. Onun yerin\u0259 is\u0259 dossent \u0130mran&hellip;","_links":{"self":[{"href":"https:\/\/arantv.az\/index.php?rest_route=\/wp\/v2\/posts\/79861"}],"collection":[{"href":"https:\/\/arantv.az\/index.php?rest_route=\/wp\/v2\/posts"}],"about":[{"href":"https:\/\/arantv.az\/index.php?rest_route=\/wp\/v2\/types\/post"}],"author":[{"embeddable":true,"href":"https:\/\/arantv.az\/index.php?rest_route=\/wp\/v2\/users\/2"}],"replies":[{"embeddable":true,"href":"https:\/\/arantv.az\/index.php?rest_route=%2Fwp%2Fv2%2Fcomments&post=79861"}],"version-history":[{"count":0,"href":"https:\/\/arantv.az\/index.php?rest_route=\/wp\/v2\/posts\/79861\/revisions"}],"wp:featuredmedia":[{"embeddable":true,"href":"https:\/\/arantv.az\/index.php?rest_route=\/wp\/v2\/media\/79862"}],"wp:attachment":[{"href":"https:\/\/arantv.az\/index.php?rest_route=%2Fwp%2Fv2%2Fmedia&parent=79861"}],"wp:term":[{"taxonomy":"category","embeddable":true,"href":"https:\/\/arantv.az\/index.php?rest_route=%2Fwp%2Fv2%2Fcategories&post=79861"},{"taxonomy":"post_tag","embeddable":true,"href":"https:\/\/arantv.az\/index.php?rest_route=%2Fwp%2Fv2%2Ftags&post=79861"}],"curies":[{"name":"wp","href":"https:\/\/api.w.org\/{rel}","templated":true}]}}