{"id":798656,"date":"2025-04-09T15:04:20","date_gmt":"2025-04-09T11:04:20","guid":{"rendered":"https:\/\/arantv.az\/?p=798656"},"modified":"2025-04-09T15:04:20","modified_gmt":"2025-04-09T11:04:20","slug":"prezident-pezeskianin-az%c9%99rbaycana-s%c9%99f%c9%99rinin-tarixini-aciqladi-olk%c9%99-bascisindan-d%c9%99hliz-mesaji","status":"publish","type":"post","link":"https:\/\/arantv.az\/?p=798656","title":{"rendered":"Prezident Peze\u015fkian\u0131n Az\u0259rbaycana s\u0259f\u0259rinin TAR\u0130X\u0130N\u0130 A\u00c7IQLADI: \u00f6lk\u0259 ba\u015f\u00e7\u0131s\u0131ndan &#8220;d\u0259hliz&#8221; mesaj\u0131"},"content":{"rendered":"<div class=\"text-content\" data-id=\"\" data-url=\"\">\n<p><strong>Biz \u0130ran Prezidentinin bu ay Az\u0259rbaycana s\u0259f\u0259r ed\u0259c\u0259yini g\u00f6zl\u0259yirik. Bu, ikit\u0259r\u0259fli m\u00fcnasib\u0259tl\u0259rin v\u0259 regional hadis\u0259l\u0259rin inki\u015faf\u0131 bax\u0131m\u0131ndan vacib s\u0259f\u0259r olacaq.<\/strong><\/p>\n<p><b>ARANTV.AZ <\/b>x\u0259b\u0259r verir ki, bu bar\u0259d\u0259 Prezident \u0130lham \u018fliyev ADA Universitetind\u0259 ke\u00e7iril\u0259n \u201cYeni d\u00fcnya nizam\u0131na do\u011fru\u201d m\u00f6vzusunda beyn\u0259lxalq forumda \u00e7\u0131x\u0131\u015f\u0131 zaman\u0131 bildirib.<\/p>\n<p>Son aylar \u0259rzind\u0259 iki \u00f6lk\u0259nin y\u00fcks\u0259ks\u0259viyy\u0259li n\u00fcmay\u0259nd\u0259l\u0259rinin qar\u015f\u0131l\u0131ql\u0131 s\u0259f\u0259rl\u0259r etdikl\u0259rini dey\u0259n d\u00f6vl\u0259timizin ba\u015f\u00e7\u0131s\u0131 vur\u011fulay\u0131b: \u201cSe\u00e7ki prosesi zaman\u0131 \u0130randa ba\u015f ver\u0259n prosesl\u0259r bizi m\u0259mnun etdi. Biz \u0130randan m\u00fcsb\u0259t mesajlar e\u015fitdik. Biz b\u00fct\u00fcn qon\u015fular\u0131m\u0131zla, o c\u00fcml\u0259d\u0259n \u0130ranla yax\u015f\u0131 m\u00fcnasib\u0259tl\u0259r\u0259 malik olmaq ist\u0259yirik. \u0130ranla geni\u015f n\u0259qliyyat v\u0259 iqtisadi g\u00fcnd\u0259liyimiz var\u201d.<\/p>\n<p><iframe title=\"Prezident Peze\u015fkian\u0131n Az\u0259rbaycana s\u0259f\u0259rinin TAR\u0130X\u0130N\u0130 A\u00c7IQLADI: \u00f6lk\u0259 ba\u015f\u00e7\u0131s\u0131ndan &quot;d\u0259hliz&quot; mesaj\u0131\" src=\"https:\/\/www.youtube.com\/embed\/PqtjEadZ6_g\" frameborder=\"0\" allowfullscreen=\"allowfullscreen\" data-mce-fragment=\"1\"><\/iframe><\/p>\n<\/div>\n<div><\/div>\n<div><\/div>\n<div class=\"inner-social-box\">\n<div class=\"subs-in-social subs-whatsapp\"><\/div>\n<\/div>\n","protected":false},"excerpt":{"rendered":"<p>Biz \u0130ran Prezidentinin bu ay Az\u0259rbaycana s\u0259f\u0259r ed\u0259c\u0259yini g\u00f6zl\u0259yirik. Bu, ikit\u0259r\u0259fli m\u00fcnasib\u0259tl\u0259rin v\u0259 regional hadis\u0259l\u0259rin inki\u015faf\u0131 bax\u0131m\u0131ndan vacib s\u0259f\u0259r olacaq. ARANTV.AZ x\u0259b\u0259r verir ki, bu bar\u0259d\u0259 Prezident \u0130lham \u018fliyev ADA Universitetind\u0259 ke\u00e7iril\u0259n \u201cYeni d\u00fcnya nizam\u0131na do\u011fru\u201d m\u00f6vzusunda beyn\u0259lxalq forumda \u00e7\u0131x\u0131\u015f\u0131 zaman\u0131 bildirib. Son aylar \u0259rzind\u0259 iki \u00f6lk\u0259nin y\u00fcks\u0259ks\u0259viyy\u0259li n\u00fcmay\u0259nd\u0259l\u0259rinin qar\u015f\u0131l\u0131ql\u0131 s\u0259f\u0259rl\u0259r etdikl\u0259rini dey\u0259n d\u00f6vl\u0259timizin ba\u015f\u00e7\u0131s\u0131 vur\u011fulay\u0131b: \u201cSe\u00e7ki prosesi zaman\u0131 \u0130randa ba\u015f ver\u0259n prosesl\u0259r bizi m\u0259mnun etdi. Biz \u0130randan m\u00fcsb\u0259t mesajlar e\u015fitdik. Biz b\u00fct\u00fcn qon\u015fular\u0131m\u0131zla, o c\u00fcml\u0259d\u0259n \u0130ranla yax\u015f\u0131 m\u00fcnasib\u0259tl\u0259r\u0259 malik olmaq ist\u0259yirik. \u0130ranla geni\u015f n\u0259qliyyat v\u0259 iqtisadi g\u00fcnd\u0259liyimiz var\u201d.<\/p>\n","protected":false},"author":2,"featured_media":798657,"comment_status":"closed","ping_status":"closed","sticky":false,"template":"","format":"standard","meta":{"om_disable_all_campaigns":false,"_monsterinsights_skip_tracking":false,"_monsterinsights_sitenote_active":false,"_monsterinsights_sitenote_note":"","_monsterinsights_sitenote_category":0},"categories":[4],"tags":[],"aioseo_notices":[],"gutentor_comment":0,"rttpg_featured_image_url":{"full":["https:\/\/arantv.az\/wp-content\/uploads\/2025\/04\/fd3f6548237199b337bc6a8c5331bbfb.jpg",850,500,false],"landscape":["https:\/\/arantv.az\/wp-content\/uploads\/2025\/04\/fd3f6548237199b337bc6a8c5331bbfb.jpg",850,500,false],"portraits":["https:\/\/arantv.az\/wp-content\/uploads\/2025\/04\/fd3f6548237199b337bc6a8c5331bbfb.jpg",850,500,false],"thumbnail":["https:\/\/arantv.az\/wp-content\/uploads\/2025\/04\/fd3f6548237199b337bc6a8c5331bbfb-500x280.jpg",500,280,true],"medium":["https:\/\/arantv.az\/wp-content\/uploads\/2025\/04\/fd3f6548237199b337bc6a8c5331bbfb-621x365.jpg",621,365,true],"large":["https:\/\/arantv.az\/wp-content\/uploads\/2025\/04\/fd3f6548237199b337bc6a8c5331bbfb-840x494.jpg",640,376,true],"1536x1536":["https:\/\/arantv.az\/wp-content\/uploads\/2025\/04\/fd3f6548237199b337bc6a8c5331bbfb.jpg",850,500,false],"2048x2048":["https:\/\/arantv.az\/wp-content\/uploads\/2025\/04\/fd3f6548237199b337bc6a8c5331bbfb.jpg",850,500,false],"post-thumbnail":["https:\/\/arantv.az\/wp-content\/uploads\/2025\/04\/fd3f6548237199b337bc6a8c5331bbfb-240x172.jpg",240,172,true],"advps-thumb-one":["https:\/\/arantv.az\/wp-content\/uploads\/2025\/04\/fd3f6548237199b337bc6a8c5331bbfb.jpg",850,500,false]},"rttpg_author":{"display_name":"V\u00fcsal Rafiqo\u011flu","author_link":"https:\/\/arantv.az\/?author=2"},"rttpg_comment":0,"rttpg_category":"<a href=\"https:\/\/arantv.az\/?cat=4\" rel=\"category\">Siyas\u0259t<\/a>","rttpg_excerpt":"Biz \u0130ran Prezidentinin bu ay Az\u0259rbaycana s\u0259f\u0259r ed\u0259c\u0259yini g\u00f6zl\u0259yirik. Bu, ikit\u0259r\u0259fli m\u00fcnasib\u0259tl\u0259rin v\u0259 regional hadis\u0259l\u0259rin inki\u015faf\u0131 bax\u0131m\u0131ndan vacib s\u0259f\u0259r olacaq. ARANTV.AZ x\u0259b\u0259r verir ki, bu bar\u0259d\u0259 Prezident \u0130lham \u018fliyev ADA Universitetind\u0259 ke\u00e7iril\u0259n \u201cYeni d\u00fcnya nizam\u0131na do\u011fru\u201d m\u00f6vzusunda beyn\u0259lxalq forumda \u00e7\u0131x\u0131\u015f\u0131 zaman\u0131 bildirib. Son aylar \u0259rzind\u0259 iki \u00f6lk\u0259nin y\u00fcks\u0259ks\u0259viyy\u0259li n\u00fcmay\u0259nd\u0259l\u0259rinin qar\u015f\u0131l\u0131ql\u0131 s\u0259f\u0259rl\u0259r etdikl\u0259rini dey\u0259n d\u00f6vl\u0259timizin ba\u015f\u00e7\u0131s\u0131&hellip;","_links":{"self":[{"href":"https:\/\/arantv.az\/index.php?rest_route=\/wp\/v2\/posts\/798656"}],"collection":[{"href":"https:\/\/arantv.az\/index.php?rest_route=\/wp\/v2\/posts"}],"about":[{"href":"https:\/\/arantv.az\/index.php?rest_route=\/wp\/v2\/types\/post"}],"author":[{"embeddable":true,"href":"https:\/\/arantv.az\/index.php?rest_route=\/wp\/v2\/users\/2"}],"replies":[{"embeddable":true,"href":"https:\/\/arantv.az\/index.php?rest_route=%2Fwp%2Fv2%2Fcomments&post=798656"}],"version-history":[{"count":1,"href":"https:\/\/arantv.az\/index.php?rest_route=\/wp\/v2\/posts\/798656\/revisions"}],"predecessor-version":[{"id":798658,"href":"https:\/\/arantv.az\/index.php?rest_route=\/wp\/v2\/posts\/798656\/revisions\/798658"}],"wp:featuredmedia":[{"embeddable":true,"href":"https:\/\/arantv.az\/index.php?rest_route=\/wp\/v2\/media\/798657"}],"wp:attachment":[{"href":"https:\/\/arantv.az\/index.php?rest_route=%2Fwp%2Fv2%2Fmedia&parent=798656"}],"wp:term":[{"taxonomy":"category","embeddable":true,"href":"https:\/\/arantv.az\/index.php?rest_route=%2Fwp%2Fv2%2Fcategories&post=798656"},{"taxonomy":"post_tag","embeddable":true,"href":"https:\/\/arantv.az\/index.php?rest_route=%2Fwp%2Fv2%2Ftags&post=798656"}],"curies":[{"name":"wp","href":"https:\/\/api.w.org\/{rel}","templated":true}]}}