{"id":798766,"date":"2025-04-10T09:45:32","date_gmt":"2025-04-10T05:45:32","guid":{"rendered":"https:\/\/arantv.az\/?p=798766"},"modified":"2025-04-10T09:45:32","modified_gmt":"2025-04-10T05:45:32","slug":"avropa-surasindan-anti-az%c9%99rbaycan-cagirisi-bakidan-s%c9%99rt-reaksiya","status":"publish","type":"post","link":"https:\/\/arantv.az\/?p=798766","title":{"rendered":"Avropa \u015euras\u0131ndan anti-Az\u0259rbaycan \u00e7a\u011f\u0131r\u0131\u015f\u0131 &#8211; Bak\u0131dan s\u0259rt reaksiya"},"content":{"rendered":"<p><strong>Komissar Maykl O\u2019Flaherti m\u00fchakim\u0259 edil\u0259n erm\u0259ni canil\u0259r\u0259 azadl\u0131q ist\u0259yib; onun ittihamlar\u0131na a\u011f\u0131r cavablar g\u0259ldi<\/strong><\/p>\n<p><em>Avropa \u015euras\u0131n\u0131n insan haqlar\u0131 \u00fczr\u0259 komissar\u0131 Maykl O\u2019Flaherti Avropa \u015euras\u0131 Parlament Assambleyas\u0131n\u0131n (A\u015e PA) yaz sessiyas\u0131nda Bak\u0131da m\u0259hk\u0259m\u0259si ged\u0259n xunta\u00e7\u0131larla ba\u011fl\u0131 dan\u0131\u015f\u0131b. Komissar deyib ki, m\u0259hk\u0259m\u0259ni diqq\u0259td\u0259 izl\u0259yir. O, A\u015e PA ad\u0131ndan qeyd edib ki, regionda h\u0259r bir insan\u0131n h\u00fcquqlar\u0131na diqq\u0259t yetirm\u0259k, el\u0259c\u0259 d\u0259 Qaraba\u011fa qay\u0131tmaq ist\u0259y\u0259nl\u0259rin qay\u0131d\u0131\u015f\u0131n\u0131 t\u0259min etm\u0259k laz\u0131md\u0131r.<\/em><\/p>\n<p><strong>\u201cM\u0259n h\u0259m\u00e7inin Erm\u0259nistan\u0131 Da\u011fl\u0131q Qaraba\u011fdan (? &#8211; red.) q\u0259bul etdiyi insanlara qar\u015f\u0131 isti m\u00fcnasib\u0259tini davam etdirm\u0259y\u0259 \u00e7a\u011f\u0131r\u0131ram\u201d, &#8211; O\u2019Flaherti Erm\u0259nistan\u0131n A\u015e PA-dak\u0131 n\u00fcmay\u0259nd\u0259 hey\u0259tinin \u00fczv\u00fc, revan\u015fist Arusyak Culhakyan\u0131n Bak\u0131da saxlan\u0131lan erm\u0259ni m\u0259hbuslarla ba\u011fl\u0131 t\u0259xribat\u00e7\u0131 sual\u0131n\u0131 cavabland\u0131rark\u0259n s\u00f6yl\u0259yib.<\/strong><\/p>\n<p>Bundan \u0259lav\u0259, o, separat\u00e7\u0131lar\u0131n m\u0259hk\u0259m\u0259si il\u0259 ba\u011fl\u0131 Bak\u0131ya g\u0259lm\u0259k \u00fc\u00e7\u00fcn iki d\u0259f\u0259 c\u0259hd etdiyini, lakin c\u0259hdl\u0259rinin bo\u015fa \u00e7\u0131xd\u0131\u011f\u0131n\u0131 bildirib. Bununla bel\u0259, c\u0259hdl\u0259rin\u0259 davam ed\u0259c\u0259yini d\u0259 s\u00f6zl\u0259rin\u0259 \u0259lav\u0259 edib. Erm\u0259ni medias\u0131n\u0131n yazd\u0131\u011f\u0131na g\u00f6r\u0259, komissar Bak\u0131da a\u011f\u0131r cinay\u0259tl\u0259rd\u0259 ittiham olunan erm\u0259nil\u0259r\u0259 azadl\u0131q da ist\u0259yib&#8230;<\/p>\n<p>\u018flb\u0259tt\u0259, Az\u0259rbaycana xo\u015f, s\u0259mimi niyy\u0259tl\u0259 t\u0259\u015frif buyurmaq ist\u0259y\u0259n xarici \u00f6lk\u0259 yetkil\u0259l\u0259rin\u0259, avropal\u0131lara qap\u0131m\u0131z h\u0259mi\u015f\u0259 a\u00e7\u0131qd\u0131r. Ancaq \u00f6nc\u0259 \u00f6lk\u0259mizin \u0259razi b\u00fct\u00f6vl\u00fcy\u00fc v\u0259 suverenliyin\u0259 say\u011f\u0131 g\u00f6st\u0259rm\u0259k \u015f\u0259rtdir. O s\u0131rada Avropa \u015euras\u0131 komissar\u0131 bilm\u0259lidir ki, Az\u0259rbaycanda \u201cDa\u011fl\u0131q Qaraba\u011f\u201d ad\u0131nda \u0259razi yoxdur, Qaraba\u011f iqtisadi zonas\u0131 var. \u0130kinci yandan, Az\u0259rbaycanla normal m\u00fcnasib\u0259tl\u0259r, o c\u00fcml\u0259d\u0259n insani-humanitar \u0259laq\u0259l\u0259r \u00fc\u00e7\u00fcn \u00f6lk\u0259mizin A\u015e PA-da s\u0259s h\u00fcququ b\u0259rpa olunmal\u0131d\u0131r.<\/p>\n<p><strong>Yada salaq ki, \u00f6rt\u0259n ilin yanvar\u0131ndan &#8211; Qaraba\u011fda bir g\u00fcnl\u00fck antiterror \u0259m\u0259liyyat\u0131ndan az sonra Az\u0259rbaycan\u0131n A\u015e PA-da s\u0259s h\u00fcququ dondurulub. Bundan \u0259lav\u0259, qurum saxlan\u0131lan separat\u00e7\u0131 quldurlarla ba\u011fl\u0131 Bak\u0131ya \u0259sass\u0131z \u00e7a\u011f\u0131r\u0131\u015f edib. Ard\u0131nca bir s\u0131ra A\u015e PA deputatlar\u0131na \u00f6lk\u0259miz\u0259 giri\u015f qada\u011fas\u0131 qoyulub.<\/strong><\/p>\n<p>Maraql\u0131d\u0131r, \u201cregionda h\u0259r bir insan\u0131n h\u00fcquqlar\u0131na diqq\u0259t yetirm\u0259li\u201d oldu\u011funu b\u0259yan ed\u0259n A\u015e komissar\u0131 n\u0259d\u0259n y\u00fcz minl\u0259rl\u0259 q\u0259rbi az\u0259rbaycanl\u0131 qa\u00e7q\u0131n\u0131n elementar h\u00fcququndan dan\u0131\u015fm\u0131r? Avropa \u015euras\u0131 komissar\u0131 Bak\u0131ya hans\u0131 \u015f\u0259rtl\u0259rl\u0259 burax\u0131la bil\u0259r? \u00dcmumiyy\u0259tl\u0259, Az\u0259rbaycan \u0259leyhin\u0259 bu kampaniyan\u0131n t\u0259sirl\u0259ri varm\u0131?<\/p>\n<p>Onu da dey\u0259k ki, Bak\u0131da h\u0259rbi v\u0259 insanl\u0131\u011fa qar\u015f\u0131 cinay\u0259tl\u0259rd\u0259 ittiham edil\u0259n ke\u00e7mi\u015f v\u0259 qondarma \u201cdqr r\u0259hb\u0259r\u201dl\u0259ri i\u00e7\u0259risind\u0259n Ruben Vardanyan\u0131n \u201cm\u00fcdafi\u0259 qrupu\u201d x\u00fcsusi canf\u0259\u015fanl\u0131q edir, el\u0259 b\u0259zi Q\u0259rb media qruplar\u0131 da \u0259sas\u0259n bu erm\u0259ni milyarderin \u00fcz\u0259rind\u0259 manipulyasiyalar apar\u0131rlar: ondan \u201csiyasi m\u0259hbus\u201d d\u00fcz\u0259ltm\u0259k \u00fc\u00e7\u00fcn \u0259ld\u0259n-ayaqdan gedirl\u0259r. Vardanyan\u0131n h\u0259bsind\u0259n bir ne\u00e7\u0259 ay sonra Q\u0259rbd\u0259 \u201cErm\u0259ni m\u0259hbuslar\u0131 azad et\u201d adl\u0131 petisiya ba\u015flad\u0131ld\u0131. \u018fslind\u0259 petisiyan\u0131n ad\u0131 erm\u0259ni m\u0259hbuslar\u0131 il\u0259 ba\u011fl\u0131 olsa da, \u0259sas ideyas\u0131 Ruben Vardanyan\u0131n azadl\u0131\u011f\u0131na nail olmaqd\u0131r. Ekspertl\u0259rin fikirl\u0259rin\u0259 g\u00f6r\u0259, burada pul amili \u0259sas rol oynay\u0131r. Vardanyan\u0131n 5 milyard h\u0259cmind\u0259 v\u0259saitinin oldu\u011fu bar\u0259d\u0259 tez-tez x\u0259b\u0259rl\u0259r yay\u0131l\u0131r. Vaxt\u0131 il\u0259 o, Fransa Prezidenti Emmanuel Makronun se\u00e7ki kampaniyas\u0131na da ciddi d\u0259st\u0259k verib.<\/p>\n<p><img src=\"https:\/\/meclis.gov.az\/photos\/MM\/6\/Razi_Nurullayev.jpg\" alt=\"NURULLAYEV Razi Qulam\u0259li o\u011flu\" \/><\/p>\n<p><strong>Razi Nurullayev<\/strong><\/p>\n<p><strong>Parlamentin \u0130nsan h\u00fcquqlar\u0131 komit\u0259sinin \u00fczv\u00fc Razi Nurullayev \u201cYeni M\u00fcsavat\u201da bildirdi ki, Az\u0259rbaycan hakimiyy\u0259tinin onun m\u0259hz erm\u0259ni canil\u0259ri m\u00fcdafi\u0259 etdiyin\u0259 g\u00f6r\u0259 \u00f6lk\u0259y\u0259 buraxmamas\u0131 t\u0259biidir:<\/strong>\u00a0\u201cBu \u015f\u0259xsl\u0259r h\u0259rbi cinay\u0259tkarlard\u0131r. \u018fg\u0259r avropal\u0131 komissar separatizmi v\u0259 i\u015f\u011fal\u0131 pisl\u0259s\u0259ydi, 1 milyon az\u0259rbaycanl\u0131 qa\u00e7q\u0131n\u0131n oldu\u011funu des\u0259ydi, xunta rejiminin vurdu\u011fu z\u0259r\u0259ri dil\u0259 g\u0259tirs\u0259ydi, sonra humanizm c\u0259h\u0259td\u0259n onlara ba\u015f \u00e7\u0259km\u0259si \u00fc\u00e7\u00fcn xahi\u015fin\u0259 baxmaq olard\u0131\u201d.<\/p>\n<p>Deputat qeyd etdi ki, ancaq burada birm\u0259nal\u0131 \u015f\u0259kild\u0259 Az\u0259rbaycan\u0131n \u0259razi b\u00fct\u00f6vl\u00fcy\u00fcn\u00fc dan\u0131r, separatizmi d\u0259st\u0259kl\u0259y\u0259n m\u00f6vqed\u0259n \u00e7\u0131x\u0131\u015f edir: \u201cOna g\u00f6r\u0259 m\u0259n d\u0259 hakimiyy\u0259tin yerind\u0259 olsam, onu Az\u0259rbaycana buraxmazd\u0131m\u201d.<\/p>\n<p><img src=\"https:\/\/olaylar.az\/media\/2023\/11\/29\/zuriye-qarayeva.jpg9799c2621.jpg\" alt=\"\u0130kit\u0259r\u0259fli format\u0131n q\u0259bul edilm\u0259si vacibdir-Z\u00fcriy\u0259 Qarayeva \u00bb www.Bia.Az\" \/><\/p>\n<p><strong>\u00a0Z\u00fcriy\u0259 Qarayeva\u00a0<\/strong><\/p>\n<p><strong>Siyasi ekspert Z\u00fcriy\u0259 Qarayeva bildirdi ki, erm\u0259nip\u0259r\u0259st komissar\u0131n Az\u0259rbaycana burax\u0131lmamas\u0131 do\u011fru add\u0131md\u0131r. Onun fikrinc\u0259, h\u0259m h\u0259rbi canil\u0259r\u0259 azadl\u0131q ist\u0259, separatizm\u0259 d\u0259st\u0259yini ifad\u0259 et, h\u0259m d\u0259 Bak\u0131ya g\u0259lm\u0259y\u0259 \u00e7al\u0131\u015f, bunun ad\u0131 m\u00fc\u015ft\u0259behlikdir:<\/strong>\u00a0\u201c\u018ffsuslar olsun ki, t\u0259kc\u0259 h\u0259min komissar deyil, b\u0259zi konqresmenl\u0259r, avropal\u0131 deputatlar bu kampaniyada i\u015ftirak edirl\u0259r. Onlar erm\u0259ni lobbisinin, Vardanyana yax\u0131n qruplar\u0131n maliyy\u0259sinin hesab\u0131na bu xidm\u0259ti g\u00f6st\u0259rirl\u0259r. T\u0259bii ki, m\u0259qs\u0259d Az\u0259rbaycana t\u0259zyiq etm\u0259k, beyn\u0259lxalq ictimaiyy\u0259tin g\u00f6z\u00fcnd\u0259 erm\u0259ni canil\u0259ri siyasi m\u0259hbus kimi q\u0259l\u0259m\u0259 verm\u0259kdir. Ancaq diqq\u0259t edirsinizs\u0259, he\u00e7 bir \u00f6lk\u0259nin r\u0259smi s\u0259viyy\u0259d\u0259 m\u00f6vqeyi yoxdur. Sad\u0259c\u0259, Avropa \u015euras\u0131 kimi Az\u0259rbaycana d\u00fc\u015fm\u0259n k\u0259sil\u0259n beyn\u0259lxalq t\u0259sisatlar\u0131n tribunas\u0131ndan ayr\u0131-ayr\u0131 \u015f\u0259xsl\u0259rin bel\u0259 q\u0259r\u0259zli \u00e7\u0131x\u0131\u015flar\u0131na rast g\u0259lm\u0259k olar. Bununla yana\u015f\u0131, Az\u0259rbaycan bel\u0259 \u00e7a\u011f\u0131r\u0131\u015flarla geri \u00e7\u0259kilm\u0259y\u0259c\u0259k. H\u0259min \u015f\u0259xsl\u0259r cinay\u0259t t\u00f6r\u0259dibl\u0259r, \u00f6zl\u0259ri d\u0259 h\u0259r m\u0259hk\u0259m\u0259 prosesind\u0259 etiraf edirl\u0259r. O ki qald\u0131 erm\u0259nil\u0259rin Qaraba\u011fa qay\u0131d\u0131\u015f\u0131 il\u0259 ba\u011fl\u0131 avropal\u0131 komissar\u0131n \u00e7a\u011f\u0131r\u0131\u015f\u0131na, Az\u0259rbaycan zaman\u0131nda onlar\u0131 qalma\u011fa d\u0259v\u0259t etdi, v\u0259t\u0259nda\u015fl\u0131q veril\u0259c\u0259yi a\u00e7\u0131qland\u0131. Haz\u0131rda is\u0259 Erm\u0259nistan bel\u0259 onlar\u0131n qay\u0131d\u0131\u015f\u0131n\u0131 ist\u0259mir v\u0259 v\u0259t\u0259nda\u015fl\u0131q verm\u0259y\u0259 ba\u015flay\u0131b\u201d.<\/p>\n","protected":false},"excerpt":{"rendered":"<p>Komissar Maykl O\u2019Flaherti m\u00fchakim\u0259 edil\u0259n erm\u0259ni canil\u0259r\u0259 azadl\u0131q ist\u0259yib; onun ittihamlar\u0131na a\u011f\u0131r cavablar g\u0259ldi Avropa \u015euras\u0131n\u0131n insan haqlar\u0131 \u00fczr\u0259 komissar\u0131 Maykl O\u2019Flaherti Avropa \u015euras\u0131 Parlament Assambleyas\u0131n\u0131n (A\u015e PA) yaz sessiyas\u0131nda Bak\u0131da m\u0259hk\u0259m\u0259si ged\u0259n xunta\u00e7\u0131larla ba\u011fl\u0131 dan\u0131\u015f\u0131b. Komissar deyib ki, m\u0259hk\u0259m\u0259ni diqq\u0259td\u0259 izl\u0259yir. O, A\u015e PA ad\u0131ndan qeyd edib ki, regionda h\u0259r bir insan\u0131n h\u00fcquqlar\u0131na diqq\u0259t yetirm\u0259k, el\u0259c\u0259 d\u0259 Qaraba\u011fa qay\u0131tmaq ist\u0259y\u0259nl\u0259rin qay\u0131d\u0131\u015f\u0131n\u0131 t\u0259min etm\u0259k laz\u0131md\u0131r. \u201cM\u0259n h\u0259m\u00e7inin Erm\u0259nistan\u0131 Da\u011fl\u0131q Qaraba\u011fdan (? &#8211; red.) q\u0259bul etdiyi insanlara qar\u015f\u0131 isti m\u00fcnasib\u0259tini davam etdirm\u0259y\u0259 \u00e7a\u011f\u0131r\u0131ram\u201d, &#8211; O\u2019Flaherti Erm\u0259nistan\u0131n A\u015e PA-dak\u0131 n\u00fcmay\u0259nd\u0259 hey\u0259tinin \u00fczv\u00fc,&hellip;<\/p>\n","protected":false},"author":2,"featured_media":798767,"comment_status":"closed","ping_status":"closed","sticky":false,"template":"","format":"standard","meta":{"om_disable_all_campaigns":false,"_monsterinsights_skip_tracking":false,"_monsterinsights_sitenote_active":false,"_monsterinsights_sitenote_note":"","_monsterinsights_sitenote_category":0},"categories":[19],"tags":[],"aioseo_notices":[],"gutentor_comment":0,"rttpg_featured_image_url":{"full":["https:\/\/arantv.az\/wp-content\/uploads\/2025\/04\/5db11b5d4aaa4381fa3914f380b06674.jpg",750,500,false],"landscape":["https:\/\/arantv.az\/wp-content\/uploads\/2025\/04\/5db11b5d4aaa4381fa3914f380b06674.jpg",750,500,false],"portraits":["https:\/\/arantv.az\/wp-content\/uploads\/2025\/04\/5db11b5d4aaa4381fa3914f380b06674.jpg",750,500,false],"thumbnail":["https:\/\/arantv.az\/wp-content\/uploads\/2025\/04\/5db11b5d4aaa4381fa3914f380b06674-500x280.jpg",500,280,true],"medium":["https:\/\/arantv.az\/wp-content\/uploads\/2025\/04\/5db11b5d4aaa4381fa3914f380b06674-548x365.jpg",548,365,true],"large":["https:\/\/arantv.az\/wp-content\/uploads\/2025\/04\/5db11b5d4aaa4381fa3914f380b06674.jpg",640,427,false],"1536x1536":["https:\/\/arantv.az\/wp-content\/uploads\/2025\/04\/5db11b5d4aaa4381fa3914f380b06674.jpg",750,500,false],"2048x2048":["https:\/\/arantv.az\/wp-content\/uploads\/2025\/04\/5db11b5d4aaa4381fa3914f380b06674.jpg",750,500,false],"post-thumbnail":["https:\/\/arantv.az\/wp-content\/uploads\/2025\/04\/5db11b5d4aaa4381fa3914f380b06674-240x172.jpg",240,172,true],"advps-thumb-one":["https:\/\/arantv.az\/wp-content\/uploads\/2025\/04\/5db11b5d4aaa4381fa3914f380b06674.jpg",750,500,false]},"rttpg_author":{"display_name":"V\u00fcsal Rafiqo\u011flu","author_link":"https:\/\/arantv.az\/?author=2"},"rttpg_comment":0,"rttpg_category":"<a href=\"https:\/\/arantv.az\/?cat=19\" rel=\"category\">G\u00fcnd\u0259m<\/a>","rttpg_excerpt":"Komissar Maykl O\u2019Flaherti m\u00fchakim\u0259 edil\u0259n erm\u0259ni canil\u0259r\u0259 azadl\u0131q ist\u0259yib; onun ittihamlar\u0131na a\u011f\u0131r cavablar g\u0259ldi Avropa \u015euras\u0131n\u0131n insan haqlar\u0131 \u00fczr\u0259 komissar\u0131 Maykl O\u2019Flaherti Avropa \u015euras\u0131 Parlament Assambleyas\u0131n\u0131n (A\u015e PA) yaz sessiyas\u0131nda Bak\u0131da m\u0259hk\u0259m\u0259si ged\u0259n xunta\u00e7\u0131larla ba\u011fl\u0131 dan\u0131\u015f\u0131b. Komissar deyib ki, m\u0259hk\u0259m\u0259ni diqq\u0259td\u0259 izl\u0259yir. O, A\u015e PA ad\u0131ndan qeyd edib ki, regionda h\u0259r bir insan\u0131n h\u00fcquqlar\u0131na diqq\u0259t&hellip;","_links":{"self":[{"href":"https:\/\/arantv.az\/index.php?rest_route=\/wp\/v2\/posts\/798766"}],"collection":[{"href":"https:\/\/arantv.az\/index.php?rest_route=\/wp\/v2\/posts"}],"about":[{"href":"https:\/\/arantv.az\/index.php?rest_route=\/wp\/v2\/types\/post"}],"author":[{"embeddable":true,"href":"https:\/\/arantv.az\/index.php?rest_route=\/wp\/v2\/users\/2"}],"replies":[{"embeddable":true,"href":"https:\/\/arantv.az\/index.php?rest_route=%2Fwp%2Fv2%2Fcomments&post=798766"}],"version-history":[{"count":1,"href":"https:\/\/arantv.az\/index.php?rest_route=\/wp\/v2\/posts\/798766\/revisions"}],"predecessor-version":[{"id":798768,"href":"https:\/\/arantv.az\/index.php?rest_route=\/wp\/v2\/posts\/798766\/revisions\/798768"}],"wp:featuredmedia":[{"embeddable":true,"href":"https:\/\/arantv.az\/index.php?rest_route=\/wp\/v2\/media\/798767"}],"wp:attachment":[{"href":"https:\/\/arantv.az\/index.php?rest_route=%2Fwp%2Fv2%2Fmedia&parent=798766"}],"wp:term":[{"taxonomy":"category","embeddable":true,"href":"https:\/\/arantv.az\/index.php?rest_route=%2Fwp%2Fv2%2Fcategories&post=798766"},{"taxonomy":"post_tag","embeddable":true,"href":"https:\/\/arantv.az\/index.php?rest_route=%2Fwp%2Fv2%2Ftags&post=798766"}],"curies":[{"name":"wp","href":"https:\/\/api.w.org\/{rel}","templated":true}]}}