{"id":798769,"date":"2025-04-10T09:48:06","date_gmt":"2025-04-10T05:48:06","guid":{"rendered":"https:\/\/arantv.az\/?p=798769"},"modified":"2025-04-10T09:48:06","modified_gmt":"2025-04-10T05:48:06","slug":"az%c9%99rbaycanin-innovativ-idar%c9%99etm%c9%99-modeli-bmt-d%c9%99-numun%c9%99-kimi-t%c9%99qdim-olunub","status":"publish","type":"post","link":"https:\/\/arantv.az\/?p=798769","title":{"rendered":"Az\u0259rbaycan\u0131n innovativ idar\u0259etm\u0259 modeli BMT-d\u0259 n\u00fcmun\u0259 kimi t\u0259qdim olunub"},"content":{"rendered":"<div class=\"text-content\" data-id=\"\" data-url=\"\">\n<p>Az\u0259rbaycan Respublikas\u0131n\u0131n Prezidenti yan\u0131nda V\u0259t\u0259nda\u015flara Xidm\u0259t v\u0259 Sosial \u0130nnovasiyalar \u00fczr\u0259 D\u00f6vl\u0259t Agentliyinin s\u0259dri \u00dclvi Mehdiyev BMT-nin Nyu-Yorkdak\u0131 Ba\u015f Q\u0259rargah\u0131nda ke\u00e7iril\u0259n D\u00f6vl\u0259t \u0130dar\u0259\u00e7iliyi \u00fczr\u0259 Ekspertl\u0259r Komit\u0259sinin (CEPA) 24-c\u00fc sessiyas\u0131nda \u00e7\u0131x\u0131\u015f edib.<\/p>\n<p>\u201cReport\u201dun AB\u015e b\u00fcrosu x\u0259b\u0259r verir ki, sessiya \u201cDayan\u0131ql\u0131 \u0130nki\u015faf M\u0259qs\u0259dl\u0259rin\u0259 (D\u0130M) nail olmaq \u00fc\u00e7\u00fcn dayan\u0131ql\u0131, inkl\u00fcziv, elmi v\u0259 s\u00fcbuta \u0259saslanan h\u0259ll yollar\u0131n\u0131n ir\u0259lil\u0259dilm\u0259sind\u0259 idar\u0259etm\u0259 v\u0259 institusional yana\u015fmalar\u201d m\u00f6vzusuna h\u0259sr olunub.<\/p>\n<p>\u00dc.Mehdiyev bildirib ki, Az\u0259rbaycan son ill\u0259r d\u00f6vl\u0259t xidm\u0259tl\u0259rinin inki\u015faf\u0131 v\u0259 r\u0259q\u0259msal transformasiyas\u0131 sah\u0259sind\u0259 beyn\u0259lxalq miqyasda n\u00fcmun\u0259vi t\u0259cr\u00fcb\u0259 formala\u015fd\u0131r\u0131b. 2012-ci ild\u0259 Prezident \u0130lham \u018fliyevin t\u0259\u015f\u0259bb\u00fcs\u00fc il\u0259 yarad\u0131lan ASAN xidm\u0259t q\u0131sa m\u00fcdd\u0259t \u0259rzind\u0259 regionda v\u0259 d\u00fcnyada innovativ idar\u0259etm\u0259 modeli kimi tan\u0131n\u0131b: \u201cASAN xidm\u0259t v\u0259t\u0259nda\u015f m\u0259rk\u0259zli idar\u0259etm\u0259 prinsipl\u0259rin\u0259 \u0259saslan\u0131r v\u0259 bu model &#8220;He\u00e7 kimi arxada qoymamaq&#8221; f\u0259ls\u0259f\u0259sini t\u0259c\u0259ss\u00fcm etdirir,\u201d &#8211; o vur\u011fulay\u0131b.<\/p>\n<p>\u00dc.Mehdiyev \u0259lav\u0259 edib ki, ASAN xidm\u0259t 2015-ci ild\u0259 BMT-nin D\u00f6vl\u0259t Xidm\u0259ti M\u00fckafat\u0131na, 2019-cu ild\u0259 is\u0259 BMT-nin r\u0259q\u0259msal idar\u0259etm\u0259nin t\u0259tbiqi il\u0259 d\u00f6vl\u0259t xidm\u0259tl\u0259rinin inki\u015faf\u0131 sah\u0259sind\u0259 x\u00fcsusi m\u00fckafata layiq g\u00f6r\u00fcl\u00fcb. Bu g\u00fcn ASAN modeli 30-dan \u00e7ox \u00f6lk\u0259y\u0259 ixrac olunur v\u0259 dig\u0259r d\u00f6vl\u0259tl\u0259r t\u0259r\u0259find\u0259n \u00f6yr\u0259nilir: \u201cAz\u0259rbaycan\u0131n d\u00f6vl\u0259t xidm\u0259tl\u0259ri sah\u0259sind\u0259 \u0259ld\u0259 etdiyi nailiyy\u0259tl\u0259r t\u0259kc\u0259 \u00f6lk\u0259 daxilind\u0259 deyil, beyn\u0259lxalq m\u00fcst\u0259vid\u0259 d\u0259 geni\u015f maraq do\u011furur. Bu bax\u0131mdan, COP29 zaman\u0131 BMT il\u0259 birg\u0259 yarad\u0131lm\u0131\u015f Etimad Fondu (UN Trust Fund) m\u00fch\u00fcm t\u0259\u015f\u0259bb\u00fcsl\u0259rd\u0259n biridir. Fond vasit\u0259sil\u0259 Az\u0259rbaycan az inki\u015faf etmi\u015f \u00f6lk\u0259l\u0259r\u0259, ki\u00e7ik ada inki\u015faf etm\u0259kd\u0259 olan d\u00f6vl\u0259tl\u0259r\u0259, d\u0259niz\u0259 \u00e7\u0131x\u0131\u015f\u0131 olmayan \u00f6lk\u0259l\u0259r\u0259 v\u0259 dig\u0259r inki\u015faf etm\u0259kd\u0259 olan \u00f6lk\u0259l\u0259r\u0259 texniki d\u0259st\u0259k, t\u0259liml\u0259r v\u0259 resurslar t\u0259qdim etm\u0259y\u0259 haz\u0131rd\u0131r. Bu fond d\u00f6vl\u0259t idar\u0259\u00e7iliyind\u0259 innovasiya v\u0259 potensial\u0131n art\u0131r\u0131lmas\u0131na xidm\u0259t ed\u0259c\u0259k, institusional dayan\u0131ql\u0131\u011f\u0131n g\u00fccl\u0259ndirilm\u0259sind\u0259 v\u0259 D\u0130M-l\u0259rin realla\u015fd\u0131r\u0131lmas\u0131nda m\u00fch\u00fcm vasit\u0259y\u0259 \u00e7evril\u0259c\u0259k\u201d.<\/p>\n<p>\u00dc.Mehdiyev BMT il\u0259 Az\u0259rbaycan aras\u0131nda imzalan \u201cT\u00f6hf\u0259 sazi\u015fi\u201d il\u0259 ba\u011fl\u0131 \u00fczv \u00f6lk\u0259l\u0259l\u0259rin n\u00fcmay\u0259nd\u0259l\u0259rini m\u0259lumatland\u0131r\u0131b. O, sessiya i\u015ftirak\u00e7\u0131lar\u0131n\u0131 sazi\u015f \u00e7\u0259r\u00e7iv\u0259sind\u0259 Az\u0259rbaycan\u0131n intelektual brendi olan &#8220;ASAN xidm\u0259t&#8221; modelini BMT x\u0259tti il\u0259 d\u00fcnya \u00f6lk\u0259l\u0259l\u0259rin\u0259 \u00e7\u0131x\u0131\u015f\u0131n\u0131n t\u0259min olunmas\u0131n\u0131 n\u0259z\u0259rd\u0259 tutan qar\u015f\u0131dak\u0131 iki il \u0259rzind\u0259 d\u00f6rd m\u00fcxt\u0259lif qit\u0259d\u0259 ke\u00e7iril\u0259c\u0259k regional forumlara d\u0259v\u0259t edib. O bildirib ki, bu t\u0259\u015f\u0259bb\u00fcsl\u0259r birg\u0259 t\u0259cr\u00fcb\u0259 v\u0259 bilik m\u00fcbadil\u0259si \u00fc\u00e7\u00fcn vacib platforma rolunu oynayacaq v\u0259 d\u00f6vl\u0259t xidm\u0259tl\u0259rind\u0259 qlobal standartlar\u0131n formala\u015fmas\u0131na t\u0259kan ver\u0259c\u0259k: \u201c\u0130nnovasiya insanlar\u0131n d\u0259yi\u015f\u0259n ehtiyaclar\u0131na cavab verm\u0259lidir. D\u00f6vl\u0259t xidm\u0259tl\u0259rin\u0259 \u00e7\u0131x\u0131\u015f imtiyaz deyil, h\u0259r insan\u0131n fundamental h\u00fcququdur\u201d.<\/p>\n<\/div>\n<div><\/div>\n<div><\/div>\n<div class=\"inner-social-box\">\n<div class=\"subs-in-social subs-whatsapp\"><\/div>\n<\/div>\n","protected":false},"excerpt":{"rendered":"<p>Az\u0259rbaycan Respublikas\u0131n\u0131n Prezidenti yan\u0131nda V\u0259t\u0259nda\u015flara Xidm\u0259t v\u0259 Sosial \u0130nnovasiyalar \u00fczr\u0259 D\u00f6vl\u0259t Agentliyinin s\u0259dri \u00dclvi Mehdiyev BMT-nin Nyu-Yorkdak\u0131 Ba\u015f Q\u0259rargah\u0131nda ke\u00e7iril\u0259n D\u00f6vl\u0259t \u0130dar\u0259\u00e7iliyi \u00fczr\u0259 Ekspertl\u0259r Komit\u0259sinin (CEPA) 24-c\u00fc sessiyas\u0131nda \u00e7\u0131x\u0131\u015f edib. \u201cReport\u201dun AB\u015e b\u00fcrosu x\u0259b\u0259r verir ki, sessiya \u201cDayan\u0131ql\u0131 \u0130nki\u015faf M\u0259qs\u0259dl\u0259rin\u0259 (D\u0130M) nail olmaq \u00fc\u00e7\u00fcn dayan\u0131ql\u0131, inkl\u00fcziv, elmi v\u0259 s\u00fcbuta \u0259saslanan h\u0259ll yollar\u0131n\u0131n ir\u0259lil\u0259dilm\u0259sind\u0259 idar\u0259etm\u0259 v\u0259 institusional yana\u015fmalar\u201d m\u00f6vzusuna h\u0259sr olunub. \u00dc.Mehdiyev bildirib ki, Az\u0259rbaycan son ill\u0259r d\u00f6vl\u0259t xidm\u0259tl\u0259rinin inki\u015faf\u0131 v\u0259 r\u0259q\u0259msal transformasiyas\u0131 sah\u0259sind\u0259 beyn\u0259lxalq miqyasda n\u00fcmun\u0259vi t\u0259cr\u00fcb\u0259 formala\u015fd\u0131r\u0131b. 2012-ci ild\u0259 Prezident \u0130lham \u018fliyevin t\u0259\u015f\u0259bb\u00fcs\u00fc il\u0259 yarad\u0131lan ASAN xidm\u0259t q\u0131sa m\u00fcdd\u0259t&hellip;<\/p>\n","protected":false},"author":2,"featured_media":798770,"comment_status":"closed","ping_status":"closed","sticky":false,"template":"","format":"standard","meta":{"om_disable_all_campaigns":false,"_monsterinsights_skip_tracking":false,"_monsterinsights_sitenote_active":false,"_monsterinsights_sitenote_note":"","_monsterinsights_sitenote_category":0},"categories":[19],"tags":[],"aioseo_notices":[],"gutentor_comment":0,"rttpg_featured_image_url":{"full":["https:\/\/arantv.az\/wp-content\/uploads\/2025\/04\/514521a85af8d5d25b2976ac54e1f8e8.png",817,500,false],"landscape":["https:\/\/arantv.az\/wp-content\/uploads\/2025\/04\/514521a85af8d5d25b2976ac54e1f8e8.png",817,500,false],"portraits":["https:\/\/arantv.az\/wp-content\/uploads\/2025\/04\/514521a85af8d5d25b2976ac54e1f8e8.png",817,500,false],"thumbnail":["https:\/\/arantv.az\/wp-content\/uploads\/2025\/04\/514521a85af8d5d25b2976ac54e1f8e8-500x280.png",500,280,true],"medium":["https:\/\/arantv.az\/wp-content\/uploads\/2025\/04\/514521a85af8d5d25b2976ac54e1f8e8-596x365.png",596,365,true],"large":["https:\/\/arantv.az\/wp-content\/uploads\/2025\/04\/514521a85af8d5d25b2976ac54e1f8e8.png",640,392,false],"1536x1536":["https:\/\/arantv.az\/wp-content\/uploads\/2025\/04\/514521a85af8d5d25b2976ac54e1f8e8.png",817,500,false],"2048x2048":["https:\/\/arantv.az\/wp-content\/uploads\/2025\/04\/514521a85af8d5d25b2976ac54e1f8e8.png",817,500,false],"post-thumbnail":["https:\/\/arantv.az\/wp-content\/uploads\/2025\/04\/514521a85af8d5d25b2976ac54e1f8e8-240x172.png",240,172,true],"advps-thumb-one":["https:\/\/arantv.az\/wp-content\/uploads\/2025\/04\/514521a85af8d5d25b2976ac54e1f8e8.png",817,500,false]},"rttpg_author":{"display_name":"V\u00fcsal Rafiqo\u011flu","author_link":"https:\/\/arantv.az\/?author=2"},"rttpg_comment":0,"rttpg_category":"<a href=\"https:\/\/arantv.az\/?cat=19\" rel=\"category\">G\u00fcnd\u0259m<\/a>","rttpg_excerpt":"Az\u0259rbaycan Respublikas\u0131n\u0131n Prezidenti yan\u0131nda V\u0259t\u0259nda\u015flara Xidm\u0259t v\u0259 Sosial \u0130nnovasiyalar \u00fczr\u0259 D\u00f6vl\u0259t Agentliyinin s\u0259dri \u00dclvi Mehdiyev BMT-nin Nyu-Yorkdak\u0131 Ba\u015f Q\u0259rargah\u0131nda ke\u00e7iril\u0259n D\u00f6vl\u0259t \u0130dar\u0259\u00e7iliyi \u00fczr\u0259 Ekspertl\u0259r Komit\u0259sinin (CEPA) 24-c\u00fc sessiyas\u0131nda \u00e7\u0131x\u0131\u015f edib. \u201cReport\u201dun AB\u015e b\u00fcrosu x\u0259b\u0259r verir ki, sessiya \u201cDayan\u0131ql\u0131 \u0130nki\u015faf M\u0259qs\u0259dl\u0259rin\u0259 (D\u0130M) nail olmaq \u00fc\u00e7\u00fcn dayan\u0131ql\u0131, inkl\u00fcziv, elmi v\u0259 s\u00fcbuta \u0259saslanan h\u0259ll yollar\u0131n\u0131n ir\u0259lil\u0259dilm\u0259sind\u0259 idar\u0259etm\u0259 v\u0259&hellip;","_links":{"self":[{"href":"https:\/\/arantv.az\/index.php?rest_route=\/wp\/v2\/posts\/798769"}],"collection":[{"href":"https:\/\/arantv.az\/index.php?rest_route=\/wp\/v2\/posts"}],"about":[{"href":"https:\/\/arantv.az\/index.php?rest_route=\/wp\/v2\/types\/post"}],"author":[{"embeddable":true,"href":"https:\/\/arantv.az\/index.php?rest_route=\/wp\/v2\/users\/2"}],"replies":[{"embeddable":true,"href":"https:\/\/arantv.az\/index.php?rest_route=%2Fwp%2Fv2%2Fcomments&post=798769"}],"version-history":[{"count":1,"href":"https:\/\/arantv.az\/index.php?rest_route=\/wp\/v2\/posts\/798769\/revisions"}],"predecessor-version":[{"id":798771,"href":"https:\/\/arantv.az\/index.php?rest_route=\/wp\/v2\/posts\/798769\/revisions\/798771"}],"wp:featuredmedia":[{"embeddable":true,"href":"https:\/\/arantv.az\/index.php?rest_route=\/wp\/v2\/media\/798770"}],"wp:attachment":[{"href":"https:\/\/arantv.az\/index.php?rest_route=%2Fwp%2Fv2%2Fmedia&parent=798769"}],"wp:term":[{"taxonomy":"category","embeddable":true,"href":"https:\/\/arantv.az\/index.php?rest_route=%2Fwp%2Fv2%2Fcategories&post=798769"},{"taxonomy":"post_tag","embeddable":true,"href":"https:\/\/arantv.az\/index.php?rest_route=%2Fwp%2Fv2%2Ftags&post=798769"}],"curies":[{"name":"wp","href":"https:\/\/api.w.org\/{rel}","templated":true}]}}