{"id":79877,"date":"2019-09-18T15:10:29","date_gmt":"2019-09-18T12:10:29","guid":{"rendered":"http:\/\/arantv.az\/?p=79877"},"modified":"2019-09-18T15:10:29","modified_gmt":"2019-09-18T12:10:29","slug":"fazil-mustafadan-s%c9%99rt-cixis-nazirl%c9%99r-kabineti-bu-qanunu-mutl%c9%99q-d%c9%99yisdirm%c9%99lidir","status":"publish","type":"post","link":"https:\/\/arantv.az\/?p=79877","title":{"rendered":"Fazil Mustafadan S\u018fRT \u00c7IXI\u015e: &#8220;Nazirl\u0259r Kabineti bu qanunu m\u00fctl\u0259q d\u0259yi\u015fdirm\u0259lidir&#8221;"},"content":{"rendered":"<p><strong>Milli M\u0259clisin \u00fczv\u00fc Fazil Mustafa ictimai n\u0259qliyyatda m\u0259kt\u0259blil\u0259rd\u0259n gedi\u015fhaqq\u0131 t\u0259l\u0259b olunmas\u0131 il\u0259 ba\u011fl\u0131 hadis\u0259y\u0259 s\u0259rt reaksiya verib.<\/strong><\/p>\n<p><b>ARANTV.AZ\u00a0\u00a0<\/b>x\u0259b\u0259r verir ki, deputat m\u0259s\u0259l\u0259 il\u0259 ba\u011fl\u0131 bunlar\u0131 yaz\u0131b: \u201cBu g\u00fcn ac\u0131nacaql\u0131, a\u011f\u0131r v\u0259 b\u0259lk\u0259 d\u0259 ba\u011f\u0131\u015flanmas\u0131 \u00e7\u0259tin olan bir hadis\u0259 ba\u015f verib. \u201cBakuBus\u201d s\u00fcr\u00fcc\u00fcs\u00fc ana v\u0259 onunla birlikd\u0259 olan 3 \u00f6vlad\u0131ndan gedi\u015fhaqq\u0131 t\u0259l\u0259b edib, \u0259ks halda, avtobusu s\u00fcrm\u0259y\u0259c\u0259yini deyib. Do\u011frudur, h\u00fcquq bax\u0131m\u0131ndan s\u00fcr\u00fcc\u00fc haql\u0131d\u0131r, \u00e7\u00fcnki 5 ya\u015fdan yuxar\u0131 u\u015faqlar\u0131n n\u0259qliyyat x\u0259rcinin \u00f6d\u0259nilm\u0259si Nazirl\u0259r Kabinetinin q\u0259rar\u0131 il\u0259 m\u00fc\u0259yy\u0259nl\u0259\u015fib. Ancaq d\u00fc\u015f\u00fcn\u00fcn, h\u0259min ana \u00f6d\u0259ni\u015f imkan\u0131 olmad\u0131\u011f\u0131na g\u00f6r\u0259 s\u00fcr\u00fcc\u00fcn\u00fcn israr\u0131 il\u0259 \u00fc\u00e7 \u00f6vlad\u0131n\u0131 avtobusdan d\u00fc\u015f\u00fcr\u00fcb v\u0259 ev\u0259 d\u00f6n\u00fcb. Dem\u0259k ki, 3 Az\u0259rbaycan \u00f6vlad\u0131 imkans\u0131zl\u0131\u011fa g\u00f6r\u0259 m\u0259kt\u0259b\u0259 ged\u0259 bilm\u0259yib. Burada \u00e7\u0131x\u0131\u015f yolu n\u0259dir? Nazirl\u0259r Kabineti bu q\u0259rar\u0131 m\u00fctl\u0259q d\u0259yi\u015fm\u0259lidir. M\u0259kt\u0259bli formas\u0131nda olan ist\u0259nil\u0259n u\u015faqdan ictimai n\u0259qliyyatda v\u0259sait al\u0131nmamal\u0131d\u0131r. H\u00f6kum\u0259t bunun kompensasiya yolunu tapa bil\u0259r. \u018fsas h\u0259d\u0259fimiz m\u0259kt\u0259bd\u0259n k\u0259narda he\u00e7 bir u\u015fa\u011f\u0131n qalmamas\u0131d\u0131r. Bak\u0131 N\u0259qliyyat Agentliyi v\u0259 \u201cMetropoliten\u201d h\u0259ft\u0259i\u00e7i m\u0259kt\u0259bli geyimind\u0259 olan u\u015fa\u011f\u0131 m\u0259kt\u0259b\u0259 pulsuz da\u015f\u0131mal\u0131d\u0131r. U\u015faq pul qazanm\u0131rsa, valideynin d\u0259 n\u0259qliyyat \u00fc\u00e7\u00fcn \u00f6d\u0259m\u0259y\u0259 pulu yoxdursa, u\u015faq oxumamal\u0131d\u0131r?\u201dPublika.az<\/p>\n","protected":false},"excerpt":{"rendered":"<p>Milli M\u0259clisin \u00fczv\u00fc Fazil Mustafa ictimai n\u0259qliyyatda m\u0259kt\u0259blil\u0259rd\u0259n gedi\u015fhaqq\u0131 t\u0259l\u0259b olunmas\u0131 il\u0259 ba\u011fl\u0131 hadis\u0259y\u0259 s\u0259rt reaksiya verib. ARANTV.AZ\u00a0\u00a0x\u0259b\u0259r verir ki, deputat m\u0259s\u0259l\u0259 il\u0259 ba\u011fl\u0131 bunlar\u0131 yaz\u0131b: \u201cBu g\u00fcn ac\u0131nacaql\u0131, a\u011f\u0131r v\u0259 b\u0259lk\u0259 d\u0259 ba\u011f\u0131\u015flanmas\u0131 \u00e7\u0259tin olan bir hadis\u0259 ba\u015f verib. \u201cBakuBus\u201d s\u00fcr\u00fcc\u00fcs\u00fc ana v\u0259 onunla birlikd\u0259 olan 3 \u00f6vlad\u0131ndan gedi\u015fhaqq\u0131 t\u0259l\u0259b edib, \u0259ks halda, avtobusu s\u00fcrm\u0259y\u0259c\u0259yini deyib. Do\u011frudur, h\u00fcquq bax\u0131m\u0131ndan s\u00fcr\u00fcc\u00fc haql\u0131d\u0131r, \u00e7\u00fcnki 5 ya\u015fdan yuxar\u0131 u\u015faqlar\u0131n n\u0259qliyyat x\u0259rcinin \u00f6d\u0259nilm\u0259si Nazirl\u0259r Kabinetinin q\u0259rar\u0131 il\u0259 m\u00fc\u0259yy\u0259nl\u0259\u015fib. Ancaq d\u00fc\u015f\u00fcn\u00fcn, h\u0259min ana \u00f6d\u0259ni\u015f imkan\u0131 olmad\u0131\u011f\u0131na g\u00f6r\u0259 s\u00fcr\u00fcc\u00fcn\u00fcn israr\u0131 il\u0259 \u00fc\u00e7 \u00f6vlad\u0131n\u0131 avtobusdan d\u00fc\u015f\u00fcr\u00fcb&hellip;<\/p>\n","protected":false},"author":2,"featured_media":79878,"comment_status":"closed","ping_status":"closed","sticky":false,"template":"","format":"standard","meta":{"om_disable_all_campaigns":false,"_monsterinsights_skip_tracking":false,"_monsterinsights_sitenote_active":false,"_monsterinsights_sitenote_note":"","_monsterinsights_sitenote_category":0},"categories":[1],"tags":[],"aioseo_notices":[],"gutentor_comment":0,"rttpg_featured_image_url":{"full":["https:\/\/arantv.az\/wp-content\/uploads\/2019\/09\/fazil-mustafa-4.jpg",800,450,false],"landscape":["https:\/\/arantv.az\/wp-content\/uploads\/2019\/09\/fazil-mustafa-4.jpg",800,450,false],"portraits":["https:\/\/arantv.az\/wp-content\/uploads\/2019\/09\/fazil-mustafa-4.jpg",800,450,false],"thumbnail":["https:\/\/arantv.az\/wp-content\/uploads\/2019\/09\/fazil-mustafa-4-150x150.jpg",150,150,true],"medium":["https:\/\/arantv.az\/wp-content\/uploads\/2019\/09\/fazil-mustafa-4-300x169.jpg",300,169,true],"large":["https:\/\/arantv.az\/wp-content\/uploads\/2019\/09\/fazil-mustafa-4.jpg",640,360,false],"1536x1536":["https:\/\/arantv.az\/wp-content\/uploads\/2019\/09\/fazil-mustafa-4.jpg",800,450,false],"2048x2048":["https:\/\/arantv.az\/wp-content\/uploads\/2019\/09\/fazil-mustafa-4.jpg",800,450,false],"post-thumbnail":["https:\/\/arantv.az\/wp-content\/uploads\/2019\/09\/fazil-mustafa-4-240x172.jpg",240,172,true],"advps-thumb-one":["https:\/\/arantv.az\/wp-content\/uploads\/2019\/09\/fazil-mustafa-4.jpg",800,450,false]},"rttpg_author":{"display_name":"V\u00fcsal Rafiqo\u011flu","author_link":"https:\/\/arantv.az\/?author=2"},"rttpg_comment":0,"rttpg_category":"<a href=\"https:\/\/arantv.az\/?cat=1\" rel=\"category\">C\u0259miyy\u0259t<\/a>","rttpg_excerpt":"Milli M\u0259clisin \u00fczv\u00fc Fazil Mustafa ictimai n\u0259qliyyatda m\u0259kt\u0259blil\u0259rd\u0259n gedi\u015fhaqq\u0131 t\u0259l\u0259b olunmas\u0131 il\u0259 ba\u011fl\u0131 hadis\u0259y\u0259 s\u0259rt reaksiya verib. ARANTV.AZ\u00a0\u00a0x\u0259b\u0259r verir ki, deputat m\u0259s\u0259l\u0259 il\u0259 ba\u011fl\u0131 bunlar\u0131 yaz\u0131b: \u201cBu g\u00fcn ac\u0131nacaql\u0131, a\u011f\u0131r v\u0259 b\u0259lk\u0259 d\u0259 ba\u011f\u0131\u015flanmas\u0131 \u00e7\u0259tin olan bir hadis\u0259 ba\u015f verib. \u201cBakuBus\u201d s\u00fcr\u00fcc\u00fcs\u00fc ana v\u0259 onunla birlikd\u0259 olan 3 \u00f6vlad\u0131ndan gedi\u015fhaqq\u0131 t\u0259l\u0259b edib, \u0259ks halda, avtobusu&hellip;","_links":{"self":[{"href":"https:\/\/arantv.az\/index.php?rest_route=\/wp\/v2\/posts\/79877"}],"collection":[{"href":"https:\/\/arantv.az\/index.php?rest_route=\/wp\/v2\/posts"}],"about":[{"href":"https:\/\/arantv.az\/index.php?rest_route=\/wp\/v2\/types\/post"}],"author":[{"embeddable":true,"href":"https:\/\/arantv.az\/index.php?rest_route=\/wp\/v2\/users\/2"}],"replies":[{"embeddable":true,"href":"https:\/\/arantv.az\/index.php?rest_route=%2Fwp%2Fv2%2Fcomments&post=79877"}],"version-history":[{"count":0,"href":"https:\/\/arantv.az\/index.php?rest_route=\/wp\/v2\/posts\/79877\/revisions"}],"wp:featuredmedia":[{"embeddable":true,"href":"https:\/\/arantv.az\/index.php?rest_route=\/wp\/v2\/media\/79878"}],"wp:attachment":[{"href":"https:\/\/arantv.az\/index.php?rest_route=%2Fwp%2Fv2%2Fmedia&parent=79877"}],"wp:term":[{"taxonomy":"category","embeddable":true,"href":"https:\/\/arantv.az\/index.php?rest_route=%2Fwp%2Fv2%2Fcategories&post=79877"},{"taxonomy":"post_tag","embeddable":true,"href":"https:\/\/arantv.az\/index.php?rest_route=%2Fwp%2Fv2%2Ftags&post=79877"}],"curies":[{"name":"wp","href":"https:\/\/api.w.org\/{rel}","templated":true}]}}