{"id":799622,"date":"2025-04-13T22:06:30","date_gmt":"2025-04-13T18:06:30","guid":{"rendered":"https:\/\/arantv.az\/?p=799622"},"modified":"2025-04-13T22:06:30","modified_gmt":"2025-04-13T18:06:30","slug":"1990-ci-ild%c9%99-axc-v%c9%99-ter-petrosyan-riqada-qarabagla-bagli-n%c9%99l%c9%99ri-muzakir%c9%99-edib-fotoxronika","status":"publish","type":"post","link":"https:\/\/arantv.az\/?p=799622","title":{"rendered":"1990-c\u0131 ild\u0259 AXC v\u0259 Ter-Petrosyan Riqada Qaraba\u011fla ba\u011fl\u0131 n\u0259l\u0259ri m\u00fczakir\u0259 edib? \u2013 FOTOXRON\u0130KA"},"content":{"rendered":"<p><strong>SSR\u0130-d\u0259 \u201cQorba\u00e7ov era\u201ds\u0131nda ba\u015flanm\u0131\u015f demokratik h\u0259r\u0259kat\u0131n avanqard q\u00fcvv\u0259si Pribaltika olub. Baltik \u00f6lk\u0259l\u0259rind\u0259 yaranan Xalq C\u0259bh\u0259si modeli\u00a0 b\u00fct\u00fcn \u00f6lk\u0259 boyu yay\u0131laraq sovet respublikalar\u0131nda alternativ q\u00fcvv\u0259ni t\u0259\u015fkil ed\u0259n \u0259sas t\u0259\u015fkilata \u00e7evrildi.<\/strong><\/p>\n<p>Az\u0259rbaycanda t\u0259\u015f\u0259kk\u00fcl tapan demokratik q\u00fcvv\u0259l\u0259rin 1990-c\u0131 ill\u0259rin \u0259vv\u0259l\u0259rind\u0259 Pribaltika \u00f6lk\u0259l\u0259rind\u0259 f\u0259aliyy\u0259t g\u00f6st\u0259r\u0259n ictimai-siyasi qurumlarla \u0259laq\u0259si olub.<\/p>\n<p><strong>Baltik \u00f6lk\u0259l\u0259ri h\u0259tta o zaman Qaraba\u011f m\u00fcnaqi\u015f\u0259sinin h\u0259lli yollar\u0131n\u0131 m\u00fczakir\u0259 etm\u0259k \u00fc\u00e7\u00fcn Erm\u0259nistan v\u0259 Az\u0259rbaycandak\u0131 siyasi q\u00fcvv\u0259l\u0259ri aras\u0131nda g\u00f6r\u00fc\u015f t\u0259\u015fkil edibl\u0259r. \u00a0<\/strong><\/p>\n<p>1990-c\u0131 ilin fevral\u0131n 3-4-d\u0259 Lativiyan\u0131n paytaxt\u0131 Riqa \u015f\u0259h\u0259rind\u0259\u00a0<strong>Az\u0259rbaycan Xalq C\u0259bh\u0259sinin<\/strong>\u00a0v\u0259\u00a0<strong>Levon Ter-Petrosyan\u0131n r\u0259hb\u0259rlik etdiyi Erm\u0259nistan \u00dcmumillli H\u0259r\u0259kat\u0131n\u0131n<\/strong>\u00a0n\u00fcmay\u0259nd\u0259l\u0259ri aras\u0131nda bel\u0259 dan\u0131\u015f\u0131qlar apar\u0131l\u0131b.<\/p>\n<p>Siyasi m\u0259sl\u0259h\u0259tl\u0259\u015fm\u0259l\u0259r Baltik \u015euras\u0131n\u0131n vasit\u0259\u00e7iliyi ke\u00e7irilib. Burada erm\u0259ni-az\u0259rbaycanl\u0131 konfliktinin dinc yolla h\u0259lli il\u0259 ba\u011fl\u0131 m\u00fczakir\u0259l\u0259r apar\u0131l\u0131b.<\/p>\n<p>Dan\u0131\u015f\u0131qlarda Latviya Xalq C\u0259bh\u0259sinin s\u0259dri Daynis \u0130vans moderatorluq edib.<\/p>\n<p>&nbsp;<\/p>\n<p><img loading=\"lazy\" class=\"alignnone size-full wp-image-105321\" src=\"https:\/\/azpost.info\/wp-content\/uploads\/2021\/11\/axc-ermen-latviya-1990.png\" sizes=\"(max-width: 609px) 100vw, 609px\" srcset=\"https:\/\/azpost.info\/wp-content\/uploads\/2021\/11\/axc-ermen-latviya-1990.png 609w, https:\/\/azpost.info\/wp-content\/uploads\/2021\/11\/axc-ermen-latviya-1990-300x198.png 300w\" alt=\"\" width=\"609\" height=\"402\" \/><\/p>\n<p><strong>FOTO: Lativiya Xalq C\u0259bh\u0259sinin s\u0259dri Daynis \u0130vans g\u00f6r\u00fc\u015f\u00fc a\u00e7\u0131r<\/strong><\/p>\n<p>Az\u0259rbaycan\u0131 bu dan\u0131\u015f\u0131qlarda\u00a0<a href=\"https:\/\/azpost.info\/k%c9%99lb%c9%99c%c9%99rin-isgal-altina-dusm%c9%99si-az%c9%99rbaycan-xalq-c%c9%99bh%c9%99sinin-birbasa-m%c9%99suliyy%c9%99tidir\/\" target=\"_blank\" rel=\"noopener\">Xalq C\u0259bh\u0259sinin<\/a>\u00a0\u0130dar\u0259 Hey\u0259tinin \u00fczvl\u0259ri\u00a0<strong>Sabit Ba\u011f\u0131rov<\/strong>\u00a0v\u0259\u00a0<strong>Hikm\u0259t Hac\u0131zad\u0259<\/strong>\u00a0t\u0259msil edib.<\/p>\n<p>H\u0259min ill\u0259rd\u0259 \u0259sas siyasi q\u00fcvv\u0259 say\u0131lan Az\u0259rbaycan Xalq C\u0259bh\u0259si Qaraba\u011f m\u00fcnaqi\u015f\u0259sind\u0259 SSR\u0130 r\u0259hb\u0259rliyinin tutdu\u011fu birt\u0259r\u0259fli v\u0259 q\u0259r\u0259zli siyas\u0259t\u0259 etiraz edib v\u0259 ke\u00e7iril\u0259n \u00e7ox milyonlu aksiyalar\u0131n t\u0259\u015fkilat\u00e7\u0131s\u0131 olub.<\/p>\n<p>Riqada ke\u00e7iril\u0259n g\u00f6r\u00fc\u015f 20 yanvar faci\u0259sind\u0259n 14 g\u00fcn sonra ba\u015f tutub. Bu bax\u0131mdan Erm\u0259nistan n\u00fcmay\u0259nd\u0259l\u0259ri il\u0259 t\u0259maslar maraql\u0131d\u0131r. G\u00f6r\u00fc\u015fd\u0259 AXC n\u00fcmay\u0259nd\u0259l\u0259ri Yerevan\u0131n Da\u011fl\u0131q Qarba\u011fa olan \u0259razi iddialar\u0131n\u0131 q\u0259bul etm\u0259dikl\u0259rini bildiribl\u0259r v\u0259 bu m\u00fcnaqi\u015f\u0259nin \u00fcmumi Qafqaz evinin qurulmas\u0131na ciddi problem yaratd\u0131\u011f\u0131n\u0131 a\u00e7\u0131qlay\u0131blar.<\/p>\n<p>Maraql\u0131d\u0131r ki, Erm\u0259nistan \u00dcmummilli H\u0259r\u0259kat\u0131 1990-c\u0131 ilin yanvar\u0131nda Bak\u0131ya sovet ordusunun yeridilm\u0259sini pisl\u0259y\u0259n b\u0259yanat verib.<\/p>\n<p><img loading=\"lazy\" class=\"alignnone size-full wp-image-105324\" src=\"https:\/\/azpost.info\/wp-content\/uploads\/2021\/11\/axc-latviya-1990.png\" sizes=\"(max-width: 605px) 100vw, 605px\" srcset=\"https:\/\/azpost.info\/wp-content\/uploads\/2021\/11\/axc-latviya-1990.png 605w, https:\/\/azpost.info\/wp-content\/uploads\/2021\/11\/axc-latviya-1990-300x206.png 300w, https:\/\/azpost.info\/wp-content\/uploads\/2021\/11\/axc-latviya-1990-100x70.png 100w, https:\/\/azpost.info\/wp-content\/uploads\/2021\/11\/axc-latviya-1990-218x150.png 218w\" alt=\"\" width=\"605\" height=\"416\" \/><\/p>\n<p><strong>FOTO: G\u00f6r\u00fc\u015fd\u0259n sonra AXC n\u00fcmay\u0259nd\u0259si Hikm\u0259t Hac\u0131zad\u0259 jurnalistl\u0259rin suallar\u0131n\u0131 cavabland\u0131r\u0131r<\/strong><\/p>\n<p>E\u00dcH h\u0259min b\u0259yanat\u0131nda deyilir ki, M\u0259rk\u0259zi hakimiyy\u0259t Az\u0259rbaycanda radikal t\u0259dbirl\u0259r\u0259 \u0259l at\u0131b:\u00a0<strong>\u201cBu q\u0259rar respublikan\u0131n erm\u0259ni \u0259halisinin t\u0259hl\u00fck\u0259sizliyini t\u0259min etm\u0259k m\u0259qs\u0259di il\u0259 deyil, yaln\u0131z sovet hakimiyy\u0259ti \u00fc\u00e7\u00fcn yaranm\u0131\u015f ciddi t\u0259hl\u00fck\u0259nin qar\u015f\u0131s\u0131n\u0131 almaq \u00fc\u00e7\u00fcn q\u0259bul edilib. Biz hesab edirik ki, ba\u015f vermi\u015f hadis\u0259 Az\u0259rbaycan respulikas\u0131n\u0131n suveren h\u00fcquqlar\u0131n\u0131n pozulmas\u0131 kimi qiym\u0259tl\u0259ndirilm\u0259lidir. Bu, g\u0259l\u0259c\u0259kd\u0259 dig\u0259r ittifaq respublikalar\u0131n\u0131n taleyind\u0259 m\u0259nfi \u0259ksini tapacaq\u201d.<\/strong><\/p>\n<p>Bu B\u0259yanat o zaman ciddi rezonans do\u011furmu\u015f, sovet r\u0259hb\u0259rliyi \u00fc\u00e7\u00fcn d\u0259 g\u00f6zl\u0259nilm\u0259z olmu\u015fdu.<\/p>\n<p>22 yanvar 1990-c\u0131 ild\u0259 Az\u0259rbaycan\u0131n Moskvadak\u0131 daimi n\u00fcmay\u0259nd\u0259liyind\u0259 Bak\u0131da ba\u015f vermi\u015f qanl\u0131 hadis\u0259l\u0259rl\u0259r ba\u011fl\u0131 sovet v\u0259 xarici jurnalistl\u0259ri \u00fc\u00e7\u00fcn m\u0259tbuat konfrasn\u0131 ke\u00e7ir\u0259n AXC \u0130dar\u0259 Hey\u0259tinin \u00fczv\u00fc Etibar M\u0259mm\u0259dov \u201cErm\u0259ni \u00dcmumilli H\u0259r\u0259kat\u0131n\u0131n bu b\u0259yanat\u0131n\u0131 nec\u0259 qiym\u0259tl\u0259ndirirsiniz?\u201d sual\u0131na cavab\u0131nda \u201c\u00e7ox m\u00fcsb\u0259t\u201d cavab\u0131n\u0131 vermi\u015fdi:\u00a0<strong>\u201cM\u0259n sa\u011flam d\u00fc\u015f\u00fcnc\u0259nin emosiyaya qalib g\u0259l\u0259c\u0259yini g\u00f6zl\u0259mirdim\u201d.<\/strong><\/p>\n<p>G\u00f6r\u00fcn\u00fcr E\u00dcH-\u00fcn b\u0259yanat\u0131 Riqada ke\u00e7iril\u0259n bu g\u00f6r\u00fc\u015f\u00fcn bir s\u0259b\u0259bi olub.<\/p>\n<p><img loading=\"lazy\" class=\"alignnone size-full wp-image-105323\" src=\"https:\/\/azpost.info\/wp-content\/uploads\/2021\/11\/axc-latviya-1990-02.png\" sizes=\"auto, (max-width: 607px) 100vw, 607px\" srcset=\"https:\/\/azpost.info\/wp-content\/uploads\/2021\/11\/axc-latviya-1990-02.png 607w, https:\/\/azpost.info\/wp-content\/uploads\/2021\/11\/axc-latviya-1990-02-300x195.png 300w\" alt=\"\" width=\"607\" height=\"395\" \/><\/p>\n<p><strong>FOTO: AXC \u0130dar\u0259 Hey\u0259tinin \u00fczvl\u0259ri Sabit Ba\u011f\u0131rov v\u0259 Hikm\u0259t Hac\u0131zad\u0259 g\u00f6r\u00fc\u015f zaman\u0131<\/strong><\/p>\n<p>Lakin bu t\u0259maslar u\u011furlu olmay\u0131b. 1990-c\u0131 ilin mart ay\u0131nda SSR\u0130 respublikalar\u0131nda Ali Sovetl\u0259r\u0259 se\u00e7kil\u0259r ke\u00e7irilm\u0259li idi. 20 yanvar q\u0131r\u011f\u0131n\u0131 il\u0259 se\u00e7kil\u0259rd\u0259 qalibiyy\u0259ti \u015f\u00fcbh\u0259 do\u011furmayan AXC SSR\u0130-nin g\u00fcc strukturlar\u0131 t\u0259r\u0259find\u0259n amans\u0131z t\u0259qibl\u0259r\u0259 m\u0259ruz qald\u0131, r\u0259hb\u0259rlik h\u0259bs edildi, t\u0259\u015fkilat qeyri-leqal f\u0259aliyy\u0259t\u0259 ke\u00e7m\u0259y\u0259 m\u0259cbur oldu. Bel\u0259likl\u0259 AXC-nin se\u00e7kil\u0259r\u0259 qat\u0131lmaq imkanlar\u0131n\u0131n qar\u015f\u0131s\u0131 al\u0131nd\u0131. Erm\u0259nistanda is\u0259 \u0259ksin\u0259 Erm\u0259ni \u00dcmumilli H\u0259r\u0259kat\u0131 se\u00e7kil\u0259rd\u0259 parlaq q\u0259l\u0259b\u0259 qazand\u0131 v\u0259 Levon Ter-Petrosyan m\u00fcxalif\u0259t r\u0259hb\u0259ri kimi Erm\u0259nistan Ali Sovetinin s\u0259dri se\u00e7ildi. M\u0259hz h\u0259min ild\u0259n ba\u015flayaraq Da\u011fl\u0131q Qaraba\u011fda erm\u0259ni silahl\u0131 d\u0259st\u0259l\u0259rinin f\u0259all\u0131\u011f\u0131 artd\u0131 v\u0259 Qaraba\u011f m\u00fcnaqi\u015f\u0259sinin aktiv silahl\u0131 m\u0259rhl\u0259si ba\u015flad\u0131.\/\/azpost.az<\/p>\n<p><img loading=\"lazy\" class=\"alignnone size-full wp-image-105322\" src=\"https:\/\/azpost.info\/wp-content\/uploads\/2021\/11\/axc-ermeni-latviya-1990.png\" sizes=\"auto, (max-width: 608px) 100vw, 608px\" srcset=\"https:\/\/azpost.info\/wp-content\/uploads\/2021\/11\/axc-ermeni-latviya-1990.png 608w, https:\/\/azpost.info\/wp-content\/uploads\/2021\/11\/axc-ermeni-latviya-1990-300x202.png 300w\" alt=\"\" width=\"608\" height=\"410\" \/><\/p>\n<p>&nbsp;<\/p>\n","protected":false},"excerpt":{"rendered":"<p>SSR\u0130-d\u0259 \u201cQorba\u00e7ov era\u201ds\u0131nda ba\u015flanm\u0131\u015f demokratik h\u0259r\u0259kat\u0131n avanqard q\u00fcvv\u0259si Pribaltika olub. Baltik \u00f6lk\u0259l\u0259rind\u0259 yaranan Xalq C\u0259bh\u0259si modeli\u00a0 b\u00fct\u00fcn \u00f6lk\u0259 boyu yay\u0131laraq sovet respublikalar\u0131nda alternativ q\u00fcvv\u0259ni t\u0259\u015fkil ed\u0259n \u0259sas t\u0259\u015fkilata \u00e7evrildi. Az\u0259rbaycanda t\u0259\u015f\u0259kk\u00fcl tapan demokratik q\u00fcvv\u0259l\u0259rin 1990-c\u0131 ill\u0259rin \u0259vv\u0259l\u0259rind\u0259 Pribaltika \u00f6lk\u0259l\u0259rind\u0259 f\u0259aliyy\u0259t g\u00f6st\u0259r\u0259n ictimai-siyasi qurumlarla \u0259laq\u0259si olub. Baltik \u00f6lk\u0259l\u0259ri h\u0259tta o zaman Qaraba\u011f m\u00fcnaqi\u015f\u0259sinin h\u0259lli yollar\u0131n\u0131 m\u00fczakir\u0259 etm\u0259k \u00fc\u00e7\u00fcn Erm\u0259nistan v\u0259 Az\u0259rbaycandak\u0131 siyasi q\u00fcvv\u0259l\u0259ri aras\u0131nda g\u00f6r\u00fc\u015f t\u0259\u015fkil edibl\u0259r. \u00a0 1990-c\u0131 ilin fevral\u0131n 3-4-d\u0259 Lativiyan\u0131n paytaxt\u0131 Riqa \u015f\u0259h\u0259rind\u0259\u00a0Az\u0259rbaycan Xalq C\u0259bh\u0259sinin\u00a0v\u0259\u00a0Levon Ter-Petrosyan\u0131n r\u0259hb\u0259rlik etdiyi Erm\u0259nistan \u00dcmumillli H\u0259r\u0259kat\u0131n\u0131n\u00a0n\u00fcmay\u0259nd\u0259l\u0259ri aras\u0131nda bel\u0259 dan\u0131\u015f\u0131qlar apar\u0131l\u0131b. Siyasi m\u0259sl\u0259h\u0259tl\u0259\u015fm\u0259l\u0259r Baltik&hellip;<\/p>\n","protected":false},"author":2,"featured_media":799623,"comment_status":"closed","ping_status":"closed","sticky":false,"template":"","format":"standard","meta":{"om_disable_all_campaigns":false,"_monsterinsights_skip_tracking":false,"_monsterinsights_sitenote_active":false,"_monsterinsights_sitenote_note":"","_monsterinsights_sitenote_category":0},"categories":[4],"tags":[],"aioseo_notices":[],"gutentor_comment":0,"rttpg_featured_image_url":{"full":["https:\/\/arantv.az\/wp-content\/uploads\/2025\/04\/3169802076749eaaf9a021be035f4194.jpg",870,500,false],"landscape":["https:\/\/arantv.az\/wp-content\/uploads\/2025\/04\/3169802076749eaaf9a021be035f4194.jpg",870,500,false],"portraits":["https:\/\/arantv.az\/wp-content\/uploads\/2025\/04\/3169802076749eaaf9a021be035f4194.jpg",870,500,false],"thumbnail":["https:\/\/arantv.az\/wp-content\/uploads\/2025\/04\/3169802076749eaaf9a021be035f4194-500x280.jpg",500,280,true],"medium":["https:\/\/arantv.az\/wp-content\/uploads\/2025\/04\/3169802076749eaaf9a021be035f4194-635x365.jpg",635,365,true],"large":["https:\/\/arantv.az\/wp-content\/uploads\/2025\/04\/3169802076749eaaf9a021be035f4194-840x483.jpg",640,368,true],"1536x1536":["https:\/\/arantv.az\/wp-content\/uploads\/2025\/04\/3169802076749eaaf9a021be035f4194.jpg",870,500,false],"2048x2048":["https:\/\/arantv.az\/wp-content\/uploads\/2025\/04\/3169802076749eaaf9a021be035f4194.jpg",870,500,false],"post-thumbnail":["https:\/\/arantv.az\/wp-content\/uploads\/2025\/04\/3169802076749eaaf9a021be035f4194-240x172.jpg",240,172,true],"advps-thumb-one":["https:\/\/arantv.az\/wp-content\/uploads\/2025\/04\/3169802076749eaaf9a021be035f4194.jpg",870,500,false]},"rttpg_author":{"display_name":"V\u00fcsal Rafiqo\u011flu","author_link":"https:\/\/arantv.az\/?author=2"},"rttpg_comment":0,"rttpg_category":"<a href=\"https:\/\/arantv.az\/?cat=4\" rel=\"category\">Siyas\u0259t<\/a>","rttpg_excerpt":"SSR\u0130-d\u0259 \u201cQorba\u00e7ov era\u201ds\u0131nda ba\u015flanm\u0131\u015f demokratik h\u0259r\u0259kat\u0131n avanqard q\u00fcvv\u0259si Pribaltika olub. Baltik \u00f6lk\u0259l\u0259rind\u0259 yaranan Xalq C\u0259bh\u0259si modeli\u00a0 b\u00fct\u00fcn \u00f6lk\u0259 boyu yay\u0131laraq sovet respublikalar\u0131nda alternativ q\u00fcvv\u0259ni t\u0259\u015fkil ed\u0259n \u0259sas t\u0259\u015fkilata \u00e7evrildi. Az\u0259rbaycanda t\u0259\u015f\u0259kk\u00fcl tapan demokratik q\u00fcvv\u0259l\u0259rin 1990-c\u0131 ill\u0259rin \u0259vv\u0259l\u0259rind\u0259 Pribaltika \u00f6lk\u0259l\u0259rind\u0259 f\u0259aliyy\u0259t g\u00f6st\u0259r\u0259n ictimai-siyasi qurumlarla \u0259laq\u0259si olub. Baltik \u00f6lk\u0259l\u0259ri h\u0259tta o zaman Qaraba\u011f m\u00fcnaqi\u015f\u0259sinin h\u0259lli yollar\u0131n\u0131 m\u00fczakir\u0259&hellip;","_links":{"self":[{"href":"https:\/\/arantv.az\/index.php?rest_route=\/wp\/v2\/posts\/799622"}],"collection":[{"href":"https:\/\/arantv.az\/index.php?rest_route=\/wp\/v2\/posts"}],"about":[{"href":"https:\/\/arantv.az\/index.php?rest_route=\/wp\/v2\/types\/post"}],"author":[{"embeddable":true,"href":"https:\/\/arantv.az\/index.php?rest_route=\/wp\/v2\/users\/2"}],"replies":[{"embeddable":true,"href":"https:\/\/arantv.az\/index.php?rest_route=%2Fwp%2Fv2%2Fcomments&post=799622"}],"version-history":[{"count":1,"href":"https:\/\/arantv.az\/index.php?rest_route=\/wp\/v2\/posts\/799622\/revisions"}],"predecessor-version":[{"id":799624,"href":"https:\/\/arantv.az\/index.php?rest_route=\/wp\/v2\/posts\/799622\/revisions\/799624"}],"wp:featuredmedia":[{"embeddable":true,"href":"https:\/\/arantv.az\/index.php?rest_route=\/wp\/v2\/media\/799623"}],"wp:attachment":[{"href":"https:\/\/arantv.az\/index.php?rest_route=%2Fwp%2Fv2%2Fmedia&parent=799622"}],"wp:term":[{"taxonomy":"category","embeddable":true,"href":"https:\/\/arantv.az\/index.php?rest_route=%2Fwp%2Fv2%2Fcategories&post=799622"},{"taxonomy":"post_tag","embeddable":true,"href":"https:\/\/arantv.az\/index.php?rest_route=%2Fwp%2Fv2%2Ftags&post=799622"}],"curies":[{"name":"wp","href":"https:\/\/api.w.org\/{rel}","templated":true}]}}