{"id":799629,"date":"2025-04-13T22:48:16","date_gmt":"2025-04-13T18:48:16","guid":{"rendered":"https:\/\/arantv.az\/?p=799629"},"modified":"2025-04-13T22:48:16","modified_gmt":"2025-04-13T18:48:16","slug":"dusm%c9%99nl%c9%99ri-dosta-cevir%c9%99n-boyuk-siyas%c9%99ti-bunu-21-ci-%c9%99srin-az%c9%99rbaycani-bacardi-qururverici-faktlar","status":"publish","type":"post","link":"https:\/\/arantv.az\/?p=799629","title":{"rendered":"D\u00fc\u015fm\u0259nl\u0259ri dosta \u00e7evir\u0259n b\u00f6y\u00fck siyas\u0259ti: bunu 21-ci \u0259srin Az\u0259rbaycan\u0131 bacard\u0131-q\u00fcrurverici faktlar"},"content":{"rendered":"<h3><strong>Son h\u0259ft\u0259 boyunca Az\u0259rbaycan siyasi g\u00fcnd\u0259mi m\u00fc\u0259yy\u0259nl\u0259\u015fdir\u0259n azsayl\u0131 \u00f6lk\u0259l\u0259rd\u0259n oldu. ADA Universitetind\u0259 d\u00fcnyan\u0131n onlarla \u00f6lk\u0259sind\u0259n g\u0259lmi\u015f ekspertl\u0259rin i\u015ftirak\u0131 il\u0259 \u201cYeni d\u00fcnya nizam\u0131na do\u011fru\u201d m\u00f6vzusunda beyn\u0259lxalq forumda Prezident \u0130lham \u018fliyevin s\u0259sl\u0259ndirdiyi fikirl\u0259r xarici auditoriyada da geni\u015f \u0259ks-s\u0259da do\u011furdu.<\/strong><\/h3>\n<p><em>D\u00f6vl\u0259timizin ba\u015f\u00e7\u0131s\u0131 n\u00f6vb\u0259ti d\u0259f\u0259 Az\u0259rbaycan h\u0259qiq\u0259tl\u0259rini faktlarla, s\u00fcbutlarla, tarix\u0259 istinad ed\u0259r\u0259k t\u0259qdim etdi, Erm\u0259nistan adl\u0131 kadastr s\u0259n\u0259di olmayan \u00f6lk\u0259nin m\u00f6vcud oldu\u011fu Q\u0259rbi Az\u0259rbaycan \u0259razil\u0259rind\u0259n ba\u015flam\u0131\u015f, Qaraba\u011fad\u0259k, Z\u0259ng\u0259zur d\u0259hlizin\u0259d\u0259k&#8230;1923-c\u00fc ild\u0259 sovetl\u0259r t\u0259r\u0259find\u0259n yarad\u0131lan Da\u011fl\u0131q Qaraba\u011f Muxtar Vilay\u0259tind\u0259 k\u00f6k salm\u0131\u015f separatizmin son \u00e7\u0131rp\u0131nt\u0131lar\u0131n\u0131n Bak\u0131da, \u018fdal\u0259t M\u0259hk\u0259m\u0259sind\u0259 e\u015fidil\u0259n etiraflar\u0131 fonunda qalib \u00f6lk\u0259nin qalib Prezidentinin s\u0259sl\u0259ndirdiyi h\u0259qiq\u0259tl\u0259ri qula\u011f\u0131nda s\u0131r\u011fa etm\u0259li olanlar g\u0259r\u0259k ki, bundan sonra do\u011fru-d\u00fcr\u00fcst fikirl\u0259\u015fsinl\u0259r, n\u00f6vb\u0259ti s\u0259hvl\u0259r\u0259 yol verm\u0259sinl\u0259r! Erm\u0259nistanda yerl\u0259\u015fmi\u015f Avropa k\u0259\u015ffiyyat\u00e7\u0131lar\u0131 bu vaxtad\u0259k 5 min d\u0259f\u0259 posta \u00e7\u0131xd\u0131qlar\u0131 bar\u0259d\u0259 hesabat verm\u0259kl\u0259 \u00f6zl\u0259rinin destruktiv f\u0259aliyy\u0259tl\u0259rin\u0259 \u201cf\u00f6vq\u0259lad\u0259 don\u201d geyindirm\u0259y\u0259, b\u00f6lg\u0259d\u0259 m\u00f6vcudluqlar\u0131na \u0259saslar yaratma\u011fa \u00e7al\u0131\u015f\u0131rlar. G\u00fcnd\u00fczl\u0259r binokllarla \u0259razil\u0259rimiz\u0259 boylanan Avropa \u0130ttifaq\u0131n\u0131n c\u0259suslar\u0131 indi d\u0259 gec\u0259 n\u00f6vb\u0259sin\u0259 ke\u00e7dikl\u0259rini elan edibl\u0259r. Bir aya yax\u0131nd\u0131r Erm\u0259nistan t\u0259r\u0259fd\u0259n a\u00e7\u0131lan at\u0259\u015fl\u0259r\u0259 reaksiya verm\u0259y\u0259nl\u0259rin gec\u0259 n\u00f6vb\u0259l\u0259ri d\u0259 s\u00fclh\u0259 xidm\u0259t etm\u0259y\u0259c\u0259k, \u015f\u00fcbh\u0259siz. Amma Bak\u0131dan veril\u0259n x\u0259b\u0259rdarl\u0131lara \u0259m\u0259l etm\u0259s\u0259l\u0259r, uduzan t\u0259kc\u0259 Erm\u0259nistan olmayacaq&#8230;<\/em><\/p>\n<p><em><img src=\"https:\/\/static.president.az\/upload\/2360x1196\/2025\/04\/09\/2aae15a734214cbfb64aa5e9562b9b5d_9393414.jpg\" alt=\"ADA Universitetind\u0259 \u0130lham \u018fliyevin i\u015ftirak\u0131 il\u0259 &quot;Yeni d\u00fcnya nizam\u0131na do\u011fru&quot;  m\u00f6vzusunda beyn\u0259lxalq forum ke\u00e7irilib \u00bb Az\u0259rbaycan Prezidentinin R\u0259smi  internet s\u0259hif\u0259si\" \/><\/em><\/p>\n<p><strong>Prezident ADA Universitetind\u0259 Minsk Qrupu il\u0259 ba\u011fl\u0131 m\u00f6vqeyini bir daha a\u00e7\u0131q \u015f\u0259kild\u0259 b\u0259yan etdi. Bu m\u0259nas\u0131z qrup l\u0259\u011fv edilm\u0259lidir, onsuz da yoxdur, onun n\u00f6vb\u0259ti d\u0259f\u0259 bir araya g\u0259lm\u0259si m\u00fcmk\u00fcn deyil. Bu g\u00fcn t\u0259kc\u0259 Rusiya-Fransa soyuq sava\u015f\u0131 yoxdur. AB\u015e-Rusiya m\u00fcnasib\u0259tl\u0259ri d\u0259 b\u0259llidir, Tramp n\u0259 q\u0259d\u0259r loyal g\u00f6r\u00fcns\u0259 d\u0259. Bu g\u00fcn AB\u015e il\u0259 Fransa aras\u0131nda da soyuq k\u00fcl\u0259kl\u0259r \u0259sir. H\u0259r \u00fc\u00e7 h\u0259ms\u0259dr d\u00f6vl\u0259tin bir-birini g\u00f6rm\u0259y\u0259 g\u00f6z\u00fc yoxdur. H\u0259tta Mariya Zaxarova da Minsk Qrupunun olmad\u0131\u011f\u0131n\u0131 etiraf edir. B\u00fct\u00fcn bunlardan sonra \u00f6lm\u00fc\u015f bir qrupu nec\u0259 diriltm\u0259k olar? Erm\u0259nistan hakimiyy\u0259ti is\u0259 \u00f6l\u00fcn\u00fc diriltm\u0259k \u00fc\u00e7\u00fcn h\u00f6c\u0259t edir v\u0259 Q\u0259rbd\u0259ki havadarlar\u0131 da bu, m\u0259nas\u0131z iddialar\u0131 m\u00fcdafi\u0259 edir.<\/strong><\/p>\n<p><em>Prezident a\u00e7\u0131q dan\u0131\u015fd\u0131. S\u00fclh sazi\u015fi il\u0259 ba\u011fl\u0131 top Erm\u0259nistandad\u0131r. Amma bunun \u00fc\u00e7\u00fcn masadak\u0131 dig\u0259r \u015f\u0259rtl\u0259r d\u0259 icra olunmal\u0131d\u0131r. Minsk Qrupu il\u0259 ba\u011fl\u0131 m\u0259nas\u0131z iddialardan vaz ke\u00e7m\u0259k d\u0259 yet\u0259rli deyil. Erm\u0259nistan Konstitusiyas\u0131 d\u0259yi\u015fdirilm\u0259lidir! Bu konstitusiya il\u0259 s\u00fclh\u0259 getm\u0259k m\u00fcmk\u00fcn deyil! Avropa \u0130ttifaq\u0131n\u0131n h\u0259rbi d\u0259st\u0259yi, AB\u015e-nin strateji t\u0259r\u0259fda\u015fl\u0131\u011f\u0131 v\u0259 dig\u0259r erm\u0259nip\u0259r\u0259st \u00e7evr\u0259l\u0259rin oyunbazl\u0131\u011f\u0131, havadarl\u0131\u011f\u0131n\u0131n n\u0259tic\u0259sidir ki, Erm\u0259nistan X\u0130N-in ba\u015f\u00e7\u0131s\u0131 Ararat Mirzoyan Antalya Forumunda \u201cat kimi\u201d dir\u0259ndi ki, guya Erm\u0259nistan Konstitusiyas\u0131nda Az\u0259rbaycana qar\u015f\u0131 \u0259razi iddias\u0131 yoxdur. Bunlarla nec\u0259 s\u00fclh\u0259 nail olmaq olar? Erm\u0259nistan\u0131n apard\u0131\u011f\u0131 sava\u015f qeyd olunanlarla bitmir. Bu \u00f6lk\u0259 transs\u0259rh\u0259d\u00a0\u00e7aylar\u0131,\u00a0x\u00fcsusil\u0259\u00a0Araz\u00a0\u00e7ay\u0131n\u0131 \u00e7irkl\u0259ndiririr, bu, on ill\u0259rdir davam edir. Bel\u0259 qon\u015fuluqmu olar?<\/em><\/p>\n<p><em><img src=\"https:\/\/a-r.az\/uploads2\/2023\/yanvar\/274308360_1039659613291178_6997574682092611264_n.jpg\" alt=\"Az\u0259rbaycan ordusu d\u00fcnya miqyas\u0131nda \u2026\" \/><\/em><\/p>\n<p>\u018fg\u0259r indinin \u00f6z\u00fcnd\u0259 Erm\u0259nistan\u0131n x\u00fcsusi t\u0259yinatl\u0131 polis d\u0259st\u0259sinin veteranlar ittifaq\u0131n\u0131n s\u0259dri, polkovnik Qri\u015fa Sarqsyan Pa\u015finyan\u0131 Az\u0259rbaycana qar\u015f\u0131 yeni m\u00fcharib\u0259y\u0259 ba\u015flama\u011fa \u00e7a\u011f\u0131r\u0131rsa, neft v\u0259 qaz k\u0259m\u0259rl\u0259rin\u0259 z\u0259rb\u0259l\u0259r endirm\u0259sini t\u0259klif edirs\u0259, Ming\u0259\u00e7evir su anbar\u0131n\u0131 bombalama\u011f\u0131 z\u0259ruri say\u0131rsa, onda bu fa\u015fist t\u0259f\u0259kk\u00fcrl\u00fcl\u0259rl\u0259 nec\u0259 s\u00fclh \u015f\u0259raitind\u0259 ya\u015faya bil\u0259rik? T\u0259kc\u0259 Qri\u015fan\u0131n a\u011fl\u0131 deyil bu. Erm\u0259nistan hakimiyy\u0259ti b\u00fcdc\u0259sinin b\u00f6y\u00fck hiss\u0259sini silah-sursata ay\u0131r\u0131rsa, \u015f\u0259rti s\u0259rh\u0259dl\u0259rin d\u0259qiql\u0259\u015fdirilm\u0259sind\u0259ns\u0259, zaman\u0131n\u0131 s\u0259ng\u0259r, tunel qazma\u011fa, artilleriya qur\u011fular\u0131n\u0131 s\u0259rh\u0259dl\u0259rimiz\u0259 sar\u0131 tu\u015flay\u0131rsa, dem\u0259li, 44 g\u00fcnl\u00fck d\u0259rs yet\u0259rli olmay\u0131b. T\u0259sad\u00fcfi deyilki, Prezident ADA Forumunda bildirib ki, biz realistik v\u0259 d\u0259rhal Erm\u0259nistanla dost olaca\u011f\u0131m\u0131z\u0131 dey\u0259 bilm\u0259rik. Y\u0259ni Az\u0259rbaycan m\u00fcst\u0259qil d\u00f6vl\u0259tdir, prosesl\u0259ri o diqt\u0259 edir, kims\u0259 onunla diqt\u0259 dili il\u0259 dan\u0131\u015fa bilm\u0259z.<\/p>\n<p><img loading=\"lazy\" src=\"https:\/\/lh4.googleusercontent.com\/proxy\/KbhWdgDF8hdFYBbR3uEZ9dndArDJifxiNvM5TayNw-qHjRtF3pzuzHmODZxLW9i100Z8J-QYZK6GfVDyg2EjoRpIYyIo3rrNLk7EBoGn7dxLo7q6z03OyZyME2viNmLzJLE\" alt=\"M\u00fcz\u0259ff\u0259r Az\u0259rbaycan ordusu | Az\u0259rbaycan Respublikas\u0131 Bak\u0131 \u015f\u0259h\u0259ri Qarada\u011f  Rayon \u0130cra Hakimiyy\u0259ti\" width=\"799\" height=\"599\" \/><\/p>\n<p>Az\u0259rbaycan Prezidenti \u0130lham \u018fliyev Almaniya prezidentinin C\u0259nubi Qafqaza s\u0259f\u0259ri zaman\u0131 \u00f6lk\u0259miz\u0259 qar\u015f\u0131 yol veril\u0259n t\u0259xribat\u00e7\u0131 h\u0259r\u0259k\u0259t\u0259 d\u00f6vl\u0259timizin prinsipial m\u00f6vqe g\u00f6st\u0259rm\u0259sind\u0259n b\u0259hs ed\u0259rk\u0259n d\u0259 bir daha b\u00fct\u00fcn d\u00fcnya onun liderlik keyfiyy\u0259tl\u0259rin\u0259 \u015fahid oldu. T\u0259s\u0259vv\u00fcr edin, b\u0259zi \u00f6lk\u0259l\u0259r Almaniya prezidenti il\u0259 g\u00f6r\u00fc\u015fm\u0259k \u00fc\u00e7\u00fcn lobbi\u00e7ilik f\u0259aliyy\u0259tini i\u015f\u0259 sald\u0131\u011f\u0131 bir vaxtda Az\u0259rbaycan Prezidenti deyir ki, \u0259g\u0259r yol verilmi\u015f t\u0259xribata g\u00f6r\u0259 ictimai \u015f\u0259kild\u0259 \u00fczrxahl\u0131q edilm\u0259s\u0259ydi, alman h\u0259mkar\u0131n\u0131n s\u0259f\u0259rinin tarixi d\u0259yi\u015fdiril\u0259 bil\u0259rdi. Y\u0259ni Almaniya prezidenti Frank Valter \u015etaynmayer\u0259 \u201cstop\u201d qoyula bil\u0259rdi.<strong>\u00a0M\u00fcst\u0259qil siyas\u0259t budur! Az\u0259rbaycan\u0131n he\u00e7 bir \u00f6lk\u0259d\u0259n, he\u00e7 bir liderd\u0259n as\u0131l\u0131l\u0131\u011f\u0131n\u0131n olmamas\u0131n\u0131n, kims\u0259nin qar\u015f\u0131s\u0131nda \u00f6hd\u0259likl\u0259r g\u00f6t\u00fcrm\u0259m\u0259sinin m\u0259ntiqi n\u0259tic\u0259sidir!<\/strong>\u00a0\u018fksin\u0259, Avropan\u0131n 12 d\u00f6vl\u0259tinin Az\u0259rbaycan qaz\u0131na ehtiyac\u0131 var. D\u00fcnyan\u0131n bir s\u0131ra \u00f6lk\u0259l\u0259ri \u00fc\u00e7\u00fcn C\u0259nubi Qafqaz\u0131n a\u00e7ar d\u00f6vl\u0259ti olan Az\u0259rbaycan\u0131n s\u00f6z\u00fc h\u0259lledicidir! Bel\u0259 bir durumda c\u0131l\u0131z Erm\u0259nistandan n\u00f6vb\u0259ti d\u0259f\u0259 \u00f6lk\u0259miz\u0259 qar\u015f\u0131 istifad\u0259nin yaln\u0131z qar\u015f\u0131 t\u0259r\u0259f \u00fc\u00e7\u00fcn f\u0259lak\u0259tli olaca\u011f\u0131na \u015f\u00fcbh\u0259 yeri yoxdur. Erm\u0259nistan\u0131n\u00a0militarist\u00a0v\u0259\u00a0revan\u015fist\u00a0siyas\u0259ti onun \u00f6z\u00fcn\u00fcn ba\u015f\u0131nda \u00e7atlayacaq! Prezident h\u0259l\u0259 \u00e7ox \u0259vv\u0259ll\u0259r demi\u015fdi: pe\u015fman olacaqlar! ADA Forumunda da \u0130r\u0259vana x\u0259b\u0259rdarl\u0131q edildi. Az\u0259rbaycan d\u00f6vl\u0259tinin ba\u015f\u0131n\u0131 qatma\u011fa, vaxt\u0131n\u0131 alma\u011fa \u00e7al\u0131\u015f\u0131r b\u0259dxahlar\u0131m\u0131z. \u00c7ox t\u0259hl\u00fck\u0259li oyunun i\u00e7ind\u0259dirl\u0259r. Anlam\u0131rlar ki, \u00a0Az\u0259rbaycan d\u00f6vl\u0259ti v\u0259 onun Prezidenti qlobal \u0259h\u0259miyy\u0259tli m\u0259s\u0259l\u0259l\u0259rin h\u0259lli il\u0259 m\u0259\u015f\u011fuldur, regionda n\u00f6vb\u0259ti g\u0259rginlik yaratmaqla yaln\u0131z \u00f6zl\u0259rini b\u0259db\u0259xt ed\u0259c\u0259kl\u0259r.<\/p>\n<p><img loading=\"lazy\" src=\"https:\/\/cdn.axar.az\/2024\/11\/25\/xtq-telim.jpg\" alt=\"Az\u0259rbaycan Ordusu geri \u00e7\u0259kil\u0259c\u0259k? - Asryan\" width=\"792\" height=\"462\" \/><\/p>\n<p>Az\u0259rbaycan yoluna davam edir, qlobal miqyasl\u0131 m\u0259s\u0259l\u0259l\u0259r\u0259 t\u00f6hf\u0259sini \u0259sirg\u0259m\u0259y\u0259r\u0259k. El\u0259 eyni h\u0259ft\u0259d\u0259 Bak\u0131n\u0131n h\u0259m d\u0259 T\u00fcrkiy\u0259-\u0130srail dan\u0131\u015f\u0131qlar\u0131 \u00fc\u00e7\u00fcn m\u0259kan olmas\u0131, bundan \u0259vv\u0259lki Ankara-T\u0259l-\u018fviv g\u0259rginliyinin d\u0259 m\u0259hz Az\u0259rbaycan\u0131n vasit\u0259\u00e7iliyi il\u0259 ortadan qald\u0131r\u0131lmas\u0131n\u0131n a\u00e7\u0131qlanmas\u0131 d\u00f6vl\u0259timizin g\u00fcc\u00fcn\u00fc, q\u00fcvv\u0259sini, art\u0131q beyn\u0259lxalq s\u0259viyy\u0259d\u0259 b\u00f6hranlar\u0131n aradan qald\u0131r\u0131lmas\u0131nda s\u00f6z sahibi olmas\u0131ndan x\u0259b\u0259r verir. 30 il \u0259rzind\u0259 vasit\u0259\u00e7il\u0259rd\u0259n, h\u0259ms\u0259drl\u0259rd\u0259n yar\u0131mayan Az\u0259rbaycan t\u0259kc\u0259 \u00f6z probleml\u0259rini h\u0259ll etm\u0259kl\u0259 kifay\u0259tl\u0259nmir, h\u0259m d\u0259 dostlar\u0131, m\u00fctt\u0259fiql\u0259ri aras\u0131nda bar\u0131\u015f\u0131n \u0259ld\u0259 olunmas\u0131na nail olur, diplomatiya, b\u00f6y\u00fck siyas\u0259t, b\u0259\u015f\u0259riyy\u0259t\u0259 xidm\u0259t budur! B\u00f6y\u00fck siyas\u0259td\u0259ki ucla\u015fmaya diqq\u0259t edin: T\u00fcrkiy\u0259 il\u0259 \u0130srail diplomatlar\u0131 bir araya g\u0259tirildiyi g\u00fcn, \u0130srailin d\u00fc\u015fm\u0259ni \u0130ran\u0131n r\u0259smil\u0259ri il\u0259 \u00f6lk\u0259mizd\u0259 Araz \u00e7ay\u0131 \u00fcz\u0259rind\u0259ki dostluq k\u00f6rp\u00fcs\u00fc v\u0259 Z\u0259ngilan-Ordubad d\u0259mir yolu m\u00fczakir\u0259l\u0259ri apar\u0131l\u0131rd\u0131. Siyas\u0259t dostlar\u0131 d\u00fc\u015fm\u0259n etm\u0259k deyil, d\u00fc\u015fm\u0259nl\u0259ri dosta \u00e7evirm\u0259kdir!<\/p>\n<p><img src=\"https:\/\/static.president.az\/upload\/2360x1196\/2025\/04\/11\/9a9662160f1a78465d9af649e2acf6a8_5746721.jpg\" alt=\"Antalya \u015f\u0259h\u0259rind\u0259 \u201cAntalya Diplomatik Forumu\u201dnun a\u00e7\u0131l\u0131\u015f m\u0259rasimi ke\u00e7irilib  \u00bb Az\u0259rbaycan Prezidentinin R\u0259smi internet s\u0259hif\u0259si\" \/><\/p>\n<p><strong>Antalya Diplomatik Forumunda da Az\u0259rbaycan\u0131n varl\u0131\u011f\u0131n\u0131, g\u00fcc\u00fcn\u00fc, q\u00fcvv\u0259sini g\u00f6rd\u00fc.<\/strong>\u00a0\u201cPar\u00e7alanm\u0131\u015f d\u00fcnyada diplomatiyan\u0131n b\u0259rpas\u0131\u201d m\u00f6vzusunda ke\u00e7iril\u0259n Forumda i\u015ftirak etm\u0259y\u0259 haqq ed\u0259n h\u0259m d\u0259 \u00f6z \u0259m\u0259li il\u0259 qlobal miqyasda t\u00f6hf\u0259 ver\u0259n \u00f6lk\u0259miz, \u00f6lk\u0259mizin ba\u015f\u00e7\u0131s\u0131 idi. ADA Forumunda \u015eimali Kipr\u0259 \u201cbiz sizinl\u0259yik\u201d ismar\u0131c\u0131n\u0131 yollayaraq, beyn\u0259lxalq al\u0259m\u0259 \u0259dal\u0259tin bu T\u00fcrk C\u00fcmhuriyy\u0259ti il\u0259 ba\u011fl\u0131 da t\u0259min olunmas\u0131 z\u0259rur\u0259tini \u00e7atd\u0131ran Prezident \u0130lham \u018fliyevin Antalya Beyn\u0259lxalq Forumunda Quzey K\u0131pr\u0131s T\u00fcrk C\u00fcmhuriyy\u0259tinin lideri Ersin Tatarla g\u00f6r\u00fc\u015f\u00fc d\u0259 b\u00f6y\u00fck siyas\u0259tin davam idi. \u00c7\u00fcnki \u201cbizim bir ail\u0259miz var \u2013 T\u00fcrk D\u00f6vl\u0259tl\u0259ri ail\u0259si\u201d. H\u0259m\u00e7inin Az\u0259rbaycan v\u0259 T\u00fcrkiy\u0259nin Suriya b\u00f6hran\u0131n\u0131n aradan qald\u0131r\u0131lmas\u0131 il\u0259 ba\u011fl\u0131 anla\u015fman\u0131n n\u0259tic\u0259si olaraq Suriyan\u0131n ke\u00e7id d\u00f6vr prezidenti \u018fhm\u0259d \u018fl-\u015earaa il\u0259 g\u00f6r\u00fc\u015f\u00fc, onu \u00f6lk\u0259miz\u0259 d\u0259v\u0259t etm\u0259si fakt\u0131 da tarixin ilkl\u0259rind\u0259ndir! T\u0259kba\u015f\u0131na torpaqlar\u0131n\u0131 i\u015f\u011faldan azad ed\u0259n Az\u0259rbaycan Antalya Beyn\u0259lxalq Forumunda Q\u0259rbi Az\u0259rbaycandan did\u0259rgin sal\u0131nan insanlar\u0131n \u00f6z yurdlar\u0131na l\u0259yaq\u0259tli qay\u0131d\u0131\u015f h\u00fcququnun b\u0259rpas\u0131na \u00e7a\u011f\u0131r\u0131\u015f edir!<\/p>\n<p>\u0130lkl\u0259r yaz\u0131l\u0131r tarix\u0259. H\u0259l\u0259 davam\u0131 g\u0259l\u0259c\u0259k, buna z\u0259rr\u0259 q\u0259d\u0259r \u015f\u00fcbh\u0259miz yoxdur. B\u00fct\u00fcn bunlar\u0131 21-ci \u0259srin Az\u0259rbaycan\u0131, onun Qalib Prezidenti bacard\u0131! Var mill\u0259timizin, d\u00f6vl\u0259timizin imzas\u0131 imzalar i\u00e7ind\u0259!!! V\u0259t\u0259nda\u015f olaraq \u00e7ox q\u00fcrurluyuq!<\/p>\n<p><strong>El\u015fad Pa\u015fasoy,<\/strong><br \/>\n<strong>Musavat.com<\/strong><\/p>\n<div class=\"news-author text-left\"><a href=\"https:\/\/musavat.com\/author\/elsad-pasasoy_10\"><img class=\"img-responsive img-author\" src=\"https:\/\/cdn.musavat.com\/authors\/thumbnails\/efebc9e552e05242fb5c15b017367239.jpg\" \/>El\u015fad PA\u015eASOY<\/a><\/div>\n","protected":false},"excerpt":{"rendered":"<p>Son h\u0259ft\u0259 boyunca Az\u0259rbaycan siyasi g\u00fcnd\u0259mi m\u00fc\u0259yy\u0259nl\u0259\u015fdir\u0259n azsayl\u0131 \u00f6lk\u0259l\u0259rd\u0259n oldu. ADA Universitetind\u0259 d\u00fcnyan\u0131n onlarla \u00f6lk\u0259sind\u0259n g\u0259lmi\u015f ekspertl\u0259rin i\u015ftirak\u0131 il\u0259 \u201cYeni d\u00fcnya nizam\u0131na do\u011fru\u201d m\u00f6vzusunda beyn\u0259lxalq forumda Prezident \u0130lham \u018fliyevin s\u0259sl\u0259ndirdiyi fikirl\u0259r xarici auditoriyada da geni\u015f \u0259ks-s\u0259da do\u011furdu. D\u00f6vl\u0259timizin ba\u015f\u00e7\u0131s\u0131 n\u00f6vb\u0259ti d\u0259f\u0259 Az\u0259rbaycan h\u0259qiq\u0259tl\u0259rini faktlarla, s\u00fcbutlarla, tarix\u0259 istinad ed\u0259r\u0259k t\u0259qdim etdi, Erm\u0259nistan adl\u0131 kadastr s\u0259n\u0259di olmayan \u00f6lk\u0259nin m\u00f6vcud oldu\u011fu Q\u0259rbi Az\u0259rbaycan \u0259razil\u0259rind\u0259n ba\u015flam\u0131\u015f, Qaraba\u011fad\u0259k, Z\u0259ng\u0259zur d\u0259hlizin\u0259d\u0259k&#8230;1923-c\u00fc ild\u0259 sovetl\u0259r t\u0259r\u0259find\u0259n yarad\u0131lan Da\u011fl\u0131q Qaraba\u011f Muxtar Vilay\u0259tind\u0259 k\u00f6k salm\u0131\u015f separatizmin son \u00e7\u0131rp\u0131nt\u0131lar\u0131n\u0131n Bak\u0131da, \u018fdal\u0259t M\u0259hk\u0259m\u0259sind\u0259 e\u015fidil\u0259n etiraflar\u0131 fonunda qalib \u00f6lk\u0259nin qalib Prezidentinin s\u0259sl\u0259ndirdiyi h\u0259qiq\u0259tl\u0259ri&hellip;<\/p>\n","protected":false},"author":2,"featured_media":799630,"comment_status":"closed","ping_status":"closed","sticky":false,"template":"","format":"standard","meta":{"om_disable_all_campaigns":false,"_monsterinsights_skip_tracking":false,"_monsterinsights_sitenote_active":false,"_monsterinsights_sitenote_note":"","_monsterinsights_sitenote_category":0},"categories":[19],"tags":[],"aioseo_notices":[],"gutentor_comment":0,"rttpg_featured_image_url":{"full":["https:\/\/arantv.az\/wp-content\/uploads\/2025\/04\/c58e1fc0de36b33d3e0cb2854b30a6c7.jpg",800,500,false],"landscape":["https:\/\/arantv.az\/wp-content\/uploads\/2025\/04\/c58e1fc0de36b33d3e0cb2854b30a6c7.jpg",800,500,false],"portraits":["https:\/\/arantv.az\/wp-content\/uploads\/2025\/04\/c58e1fc0de36b33d3e0cb2854b30a6c7.jpg",800,500,false],"thumbnail":["https:\/\/arantv.az\/wp-content\/uploads\/2025\/04\/c58e1fc0de36b33d3e0cb2854b30a6c7-500x280.jpg",500,280,true],"medium":["https:\/\/arantv.az\/wp-content\/uploads\/2025\/04\/c58e1fc0de36b33d3e0cb2854b30a6c7-584x365.jpg",584,365,true],"large":["https:\/\/arantv.az\/wp-content\/uploads\/2025\/04\/c58e1fc0de36b33d3e0cb2854b30a6c7.jpg",640,400,false],"1536x1536":["https:\/\/arantv.az\/wp-content\/uploads\/2025\/04\/c58e1fc0de36b33d3e0cb2854b30a6c7.jpg",800,500,false],"2048x2048":["https:\/\/arantv.az\/wp-content\/uploads\/2025\/04\/c58e1fc0de36b33d3e0cb2854b30a6c7.jpg",800,500,false],"post-thumbnail":["https:\/\/arantv.az\/wp-content\/uploads\/2025\/04\/c58e1fc0de36b33d3e0cb2854b30a6c7-240x172.jpg",240,172,true],"advps-thumb-one":["https:\/\/arantv.az\/wp-content\/uploads\/2025\/04\/c58e1fc0de36b33d3e0cb2854b30a6c7.jpg",800,500,false]},"rttpg_author":{"display_name":"V\u00fcsal Rafiqo\u011flu","author_link":"https:\/\/arantv.az\/?author=2"},"rttpg_comment":0,"rttpg_category":"<a href=\"https:\/\/arantv.az\/?cat=19\" rel=\"category\">G\u00fcnd\u0259m<\/a>","rttpg_excerpt":"Son h\u0259ft\u0259 boyunca Az\u0259rbaycan siyasi g\u00fcnd\u0259mi m\u00fc\u0259yy\u0259nl\u0259\u015fdir\u0259n azsayl\u0131 \u00f6lk\u0259l\u0259rd\u0259n oldu. ADA Universitetind\u0259 d\u00fcnyan\u0131n onlarla \u00f6lk\u0259sind\u0259n g\u0259lmi\u015f ekspertl\u0259rin i\u015ftirak\u0131 il\u0259 \u201cYeni d\u00fcnya nizam\u0131na do\u011fru\u201d m\u00f6vzusunda beyn\u0259lxalq forumda Prezident \u0130lham \u018fliyevin s\u0259sl\u0259ndirdiyi fikirl\u0259r xarici auditoriyada da geni\u015f \u0259ks-s\u0259da do\u011furdu. D\u00f6vl\u0259timizin ba\u015f\u00e7\u0131s\u0131 n\u00f6vb\u0259ti d\u0259f\u0259 Az\u0259rbaycan h\u0259qiq\u0259tl\u0259rini faktlarla, s\u00fcbutlarla, tarix\u0259 istinad ed\u0259r\u0259k t\u0259qdim etdi, Erm\u0259nistan adl\u0131 kadastr s\u0259n\u0259di olmayan&hellip;","_links":{"self":[{"href":"https:\/\/arantv.az\/index.php?rest_route=\/wp\/v2\/posts\/799629"}],"collection":[{"href":"https:\/\/arantv.az\/index.php?rest_route=\/wp\/v2\/posts"}],"about":[{"href":"https:\/\/arantv.az\/index.php?rest_route=\/wp\/v2\/types\/post"}],"author":[{"embeddable":true,"href":"https:\/\/arantv.az\/index.php?rest_route=\/wp\/v2\/users\/2"}],"replies":[{"embeddable":true,"href":"https:\/\/arantv.az\/index.php?rest_route=%2Fwp%2Fv2%2Fcomments&post=799629"}],"version-history":[{"count":1,"href":"https:\/\/arantv.az\/index.php?rest_route=\/wp\/v2\/posts\/799629\/revisions"}],"predecessor-version":[{"id":799631,"href":"https:\/\/arantv.az\/index.php?rest_route=\/wp\/v2\/posts\/799629\/revisions\/799631"}],"wp:featuredmedia":[{"embeddable":true,"href":"https:\/\/arantv.az\/index.php?rest_route=\/wp\/v2\/media\/799630"}],"wp:attachment":[{"href":"https:\/\/arantv.az\/index.php?rest_route=%2Fwp%2Fv2%2Fmedia&parent=799629"}],"wp:term":[{"taxonomy":"category","embeddable":true,"href":"https:\/\/arantv.az\/index.php?rest_route=%2Fwp%2Fv2%2Fcategories&post=799629"},{"taxonomy":"post_tag","embeddable":true,"href":"https:\/\/arantv.az\/index.php?rest_route=%2Fwp%2Fv2%2Ftags&post=799629"}],"curies":[{"name":"wp","href":"https:\/\/api.w.org\/{rel}","templated":true}]}}