{"id":799836,"date":"2025-04-14T14:41:33","date_gmt":"2025-04-14T10:41:33","guid":{"rendered":"https:\/\/arantv.az\/?p=799836"},"modified":"2025-04-14T14:41:33","modified_gmt":"2025-04-14T10:41:33","slug":"xank%c9%99ndid%c9%99-konfrans-kecirilir","status":"publish","type":"post","link":"https:\/\/arantv.az\/?p=799836","title":{"rendered":"Xank\u0259ndid\u0259 konfrans ke\u00e7irilir"},"content":{"rendered":"<p>Aprelin 14-d\u0259 Ba\u015f Prokurorluq v\u0259 Elm v\u0259 T\u0259hsil Nazirliyinin birg\u0259 t\u0259\u015fkilat\u00e7\u0131l\u0131\u011f\u0131, Qaraba\u011f Universitetinin t\u0259r\u0259fda\u015fl\u0131\u011f\u0131 il\u0259 Xank\u0259ndi \u015f\u0259h\u0259rind\u0259 yerl\u0259\u015f\u0259n Qaraba\u011f Universitetind\u0259 \u201cHeyd\u0259r \u018fliyev v\u0259 Suveren Az\u0259rbaycan\u201d m\u00f6vzusunda konfrans t\u0259\u015fkil olunub. Konfransda Xank\u0259ndi \u015f\u0259h\u0259rind\u0259, A\u011fd\u0259r\u0259 v\u0259 Xocal\u0131 rayonlar\u0131nda Prezidentin x\u00fcsusi n\u00fcmay\u0259nd\u0259si El\u00e7in Yusubov, Ba\u015f prokuror Kamran \u018fliyev, elm v\u0259 t\u0259hsil naziri Emin \u018fmrullayev v\u0259 dig\u0259r d\u00f6vl\u0259t r\u0259smil\u0259ri i\u015ftirak edir. Onlar \u00e7\u0131x\u0131\u015flar\u0131nda Heyd\u0259r \u018fliyev v\u0259 onun davam\u00e7\u0131s\u0131 \u0130lham \u018fliyevin Az\u0259rbaycan d\u00f6vl\u0259t\u00e7iliyi qar\u015f\u0131s\u0131ndak\u0131 xidm\u0259tl\u0259rind\u0259n dan\u0131\u015f\u0131blar. Xank\u0259ndi \u015f\u0259h\u0259rind\u0259, A\u011fd\u0259r\u0259 v\u0259 Xocal\u0131 rayonlar\u0131nda Prezidentin x\u00fcsusi n\u00fcmay\u0259nd\u0259si El\u00e7in Yusubov, \u00e7\u0131x\u0131\u015f\u0131nda bildirib ki,d\u00fcnya v\u0259 b\u0259\u015f\u0259r tarixind\u0259 Az\u0259rbaycan adl\u0131 co\u011frafi m\u0259kan\u0131n milli m\u00fcst\u0259qil d\u00f6vl\u0259t institutu hal\u0131na g\u0259tirilm\u0259si, milli m\u00fcst\u0259qilliyimizin uzun ill\u0259rd\u0259n sonra yenid\u0259n b\u0259rpas\u0131 dahi \u015f\u0259xsiyy\u0259t Heyd\u0259r \u018fliyev\u0259 n\u0259sib olub. Az\u0259rbaycan\u0131n milli d\u00f6vl\u0259t m\u00fcst\u0259qilliyinin yenid\u0259n b\u0259rpa olunmas\u0131 missiyas\u0131 onun \u00fcz\u0259rin\u0259 d\u00fc\u015f\u00fcb. H\u0259l\u0259 1991-ci il 18 oktyabr tarixind\u0259 ulu \u00f6nd\u0259r Heyd\u0259r \u018fliyevin d\u0259 imza atd\u0131\u011f\u0131 \u201cAz\u0259rbaycan Respublikas\u0131n\u0131n D\u00f6vl\u0259t M\u00fcst\u0259qilliyi haqq\u0131nda Konstitusiya Akt\u0131\u201d d\u00f6vl\u0259timizi r\u0259smi olaraq 1918-ci il may\u0131n 28-d\u0259n 1920-ci il aprelin 28-d\u0259k m\u00f6vcud olmu\u015f Az\u0259rbaycan Demokratik Respublikas\u0131n\u0131n varisi v\u0259 m\u00fcst\u0259qil respublika elan etdi. Az\u0259rbaycanda m\u00fcst\u0259qil d\u00f6vl\u0259t t\u0259sisatlar\u0131n\u0131n qurulmas\u0131, beyn\u0259lxalq normalara s\u00f6yk\u0259n\u0259n demokratik, h\u00fcquqi d\u00f6vl\u0259tin yaranmas\u0131, milli, m\u0259n\u0259vi v\u0259 \u0259xlaqi d\u0259y\u0259rl\u0259rimizin qorunub saxlanmas\u0131, ilk Milli Konstitusiyam\u0131z\u0131n q\u0259bul edilm\u0259si, v\u0259t\u0259nda\u015f c\u0259miyy\u0259tinin formala\u015fd\u0131r\u0131lmas\u0131 v\u0259 yeni iqtisadi kursun m\u00fc\u0259yy\u0259nl\u0259\u015fdirilm\u0259si prosesinin m\u00fcv\u0259ff\u0259qiyy\u0259tli h\u0259lli m\u0259hz Heyd\u0259r \u018fliyevin xidm\u0259tl\u0259ridir. O, m\u00fcst\u0259qil Az\u0259rbaycan d\u00f6vl\u0259tini yaratm\u0131\u015fd\u0131r. Onun \u00f6z s\u00f6zl\u0259rini burda xat\u0131rlad\u0131ram.\u201c Biz azad, m\u00fcst\u0259qil, s\u0259rb\u0259stik. Biz he\u00e7 k\u0259sd\u0259n as\u0131l\u0131 deyilik. Biz \u00f6z taleyimizin sahibiyik. Bunun \u00fc\u00e7\u00fcn, yaln\u0131z bunun \u00fc\u00e7\u00fcn aylarla, ill\u0259rl\u0259 \u0259ziyy\u0259t \u00e7\u0259km\u0259k olar. \u00c7\u00fcnki \u0259srl\u0259r boyu Az\u0259rbaycan\u0131n m\u00fct\u0259f\u0259kkirl\u0259ri milli azadl\u0131q, m\u00fcst\u0259qillik \u00fc\u00e7\u00fcn vuru\u015fub, m\u00fcbariz\u0259 apar\u0131blar. Buna nail ola bilm\u0259yibl\u0259r.Amma biz m\u00fcst\u0259qilliy\u0259 nail olduq. \u201cM\u00fcst\u0259qilliyin \u0259ld\u0259 olunmas\u0131 n\u0259 q\u0259d\u0259r \u00e7\u0259tindirs\u0259, onun saxlan\u0131lmas\u0131, daimi, \u0259b\u0259di olmas\u0131 bundan da \u00e7\u0259tindir. H\u0259r birimiz h\u0259yat\u0131m\u0131zla, can\u0131m\u0131zla Az\u0259rbaycan\u0131n m\u00fcst\u0259qilliyini qorumal\u0131y\u0131q.\u201d Burda Prezident \u0130lham \u018fliyevin bir \u00e7\u0131x\u0131\u015f\u0131n\u0131 da xat\u0131rlatmaq yerin\u0259 d\u00fc\u015f\u0259r. O, bel\u0259 demi\u015fdi: \u00dcmumilli lider Heyd\u0259r \u018fliyev suveren Az\u0259rbaycan\u0131 Qaraba\u011fs\u0131z v\u0259 onun tac\u0131 olan \u015eu\u015fas\u0131z t\u0259s\u0259vv\u00fcr etmirdi. Ulu \u00f6nd\u0259rin b\u00f6y\u00fck co\u015fqu il\u0259 sevdiyi Qarab\u011fda v\u0259 \u015e\u0259rqi Z\u0259ng\u0259zurda bu g\u00fcn h\u0259yat yenid\u0259n canlan\u0131r. \u015e\u0259h\u0259rl\u0259r, k\u0259ndl\u0259r, q\u0259s\u0259b\u0259l\u0259r abadla\u015fd\u0131qca, bu torpaqlar\u0131n \u0259z\u0259li sahibl\u0259ri s\u00fclh \u015f\u0259raitind\u0259 \u0259b\u0259di ya\u015famaq \u00fc\u00e7\u00fcn dogma yurdlar\u0131na qay\u0131d\u0131rlar.Az\u0259rbaycan d\u00f6vl\u0259tinin suverenliyinin t\u0259mini Prezident \u0130lham \u018fliyevin liderlik qabiliyy\u0259tinin t\u0259zah\u00fcr\u00fcd\u00fcr. Bunu is\u0259 \u00e7\u0131x\u0131\u015f\u0131nda Ba\u015f prokuror Kamran \u018fliyev deyib. O, vur\u011fulay\u0131b ki, Ulu \u00d6nd\u0259r Heyd\u0259r \u018fliyevin t\u0259m\u0259lini qoydu\u011fu m\u00fcst\u0259qil Az\u0259rbaycan\u0131n inki\u015faf etdirilm\u0259si, iqtisadi v\u0259 h\u0259rbi g\u00fcc\u00fcn\u00fcn art\u0131r\u0131lmas\u0131, beyn\u0259lxalq al\u0259md\u0259 apar\u0131c\u0131 m\u00f6vqey\u0259 malik, regional v\u0259 bir s\u0131ra qlobal m\u0259s\u0259l\u0259l\u0259rin h\u0259llind\u0259 n\u00fcfuzlu t\u0259r\u0259fda\u015f v\u0259 s\u00f6z sahibi olan d\u00f6vl\u0259t kimi tan\u0131nmas\u0131, \u0259n \u0259sas\u0131 Az\u0259rbaycan d\u00f6vl\u0259tinin suverenliyinin t\u0259min olunmas\u0131 Prezident \u0130lham \u018fliyevin liderlik qabiliyy\u0259tinin t\u0259zah\u00fcr\u00fcd\u00fcr:&#8221;Ali Ba\u015f Komandan\u0131n r\u0259hb\u0259rliyi alt\u0131nda 2020-ci ild\u0259 Az\u0259rbaycan Ordusunun Erm\u0259nistan silahl\u0131 q\u00fcvv\u0259l\u0259rin\u0259 qar\u015f\u0131 \u0259ks-h\u00fccum h\u0259ml\u0259si il\u0259 ba\u015flad\u0131lm\u0131\u015f 44 g\u00fcnl\u00fck V\u0259t\u0259n m\u00fcharib\u0259sind\u0259 \u0259ld\u0259 edilmi\u015f tarixi q\u0259l\u0259b\u0259 30 il\u0259 yax\u0131n i\u015f\u011fal alt\u0131nda olan torpaqlar\u0131m\u0131z\u0131n azad edilm\u0259si v\u0259 d\u00f6vl\u0259timizin \u0259razi b\u00fct\u00f6vl\u00fcy\u00fcn\u00fcn tam b\u0259rpa olunmas\u0131 il\u0259 n\u0259tic\u0259l\u0259nib. 44 g\u00fcnl\u00fck V\u0259t\u0259n m\u00fcharib\u0259si milli q\u00fcrurumuzun b\u0259rpas\u0131 il\u0259 yana\u015f\u0131, h\u0259m d\u0259 d\u00fcnyaya \u0259dal\u0259tin gec ya da tez b\u0259rq\u0259rar oldu\u011funa dair bir mesaj kimi q\u0259bul edilm\u0259lidir&#8221;.<\/p>\n<p><img loading=\"lazy\" class=\"alignnone size-medium wp-image-799837\" src=\"https:\/\/arantv.az\/wp-content\/uploads\/2025\/04\/0c3bfd37-1935-4163-a7a6-1132b5b5d75e-484x365.jpg\" alt=\"\" width=\"484\" height=\"365\" \/> <img loading=\"lazy\" class=\"alignnone size-medium wp-image-799838\" src=\"https:\/\/arantv.az\/wp-content\/uploads\/2025\/04\/7d775d53-69b0-4b34-a566-f4a2ea09bf8c-548x365.jpg\" alt=\"\" width=\"548\" height=\"365\" \/> <img loading=\"lazy\" class=\"alignnone size-medium wp-image-799839\" src=\"https:\/\/arantv.az\/wp-content\/uploads\/2025\/04\/8f67b3cb-2ab2-4ab9-b396-c15e46c45042-548x365.jpg\" alt=\"\" width=\"548\" height=\"365\" \/> <img loading=\"lazy\" class=\"alignnone size-medium wp-image-799840\" src=\"https:\/\/arantv.az\/wp-content\/uploads\/2025\/04\/291acbcc-c2af-422e-b6aa-6f36c23f7e37-548x365.jpg\" alt=\"\" width=\"548\" height=\"365\" \/> <img loading=\"lazy\" class=\"alignnone size-medium wp-image-799841\" src=\"https:\/\/arantv.az\/wp-content\/uploads\/2025\/04\/72329838-c0f9-4eac-8a64-e331b708e4d9-548x365.jpg\" alt=\"\" width=\"548\" height=\"365\" \/> <img loading=\"lazy\" class=\"alignnone size-medium wp-image-799842\" src=\"https:\/\/arantv.az\/wp-content\/uploads\/2025\/04\/759d710f-74a7-437c-b15c-2024e1486905-500x365.jpg\" alt=\"\" width=\"500\" height=\"365\" \/> <img loading=\"lazy\" class=\"alignnone size-medium wp-image-799843\" src=\"https:\/\/arantv.az\/wp-content\/uploads\/2025\/04\/350faa6c-c83a-4904-8593-5623d8ebfa24-481x365.jpg\" alt=\"\" width=\"481\" height=\"365\" \/> <img loading=\"lazy\" class=\"alignnone size-medium wp-image-799844\" src=\"https:\/\/arantv.az\/wp-content\/uploads\/2025\/04\/8872c519-87f8-4839-9b49-09a5e050b6ae-548x365.jpg\" alt=\"\" width=\"548\" height=\"365\" \/> <img loading=\"lazy\" class=\"alignnone size-medium wp-image-799845\" src=\"https:\/\/arantv.az\/wp-content\/uploads\/2025\/04\/b4d1e9c5-28f6-4902-a744-7d33fc03aec6-548x365.jpg\" alt=\"\" width=\"548\" height=\"365\" \/><\/p>\n","protected":false},"excerpt":{"rendered":"<p>Aprelin 14-d\u0259 Ba\u015f Prokurorluq v\u0259 Elm v\u0259 T\u0259hsil Nazirliyinin birg\u0259 t\u0259\u015fkilat\u00e7\u0131l\u0131\u011f\u0131, Qaraba\u011f Universitetinin t\u0259r\u0259fda\u015fl\u0131\u011f\u0131 il\u0259 Xank\u0259ndi \u015f\u0259h\u0259rind\u0259 yerl\u0259\u015f\u0259n Qaraba\u011f Universitetind\u0259 \u201cHeyd\u0259r \u018fliyev v\u0259 Suveren Az\u0259rbaycan\u201d m\u00f6vzusunda konfrans t\u0259\u015fkil olunub. Konfransda Xank\u0259ndi \u015f\u0259h\u0259rind\u0259, A\u011fd\u0259r\u0259 v\u0259 Xocal\u0131 rayonlar\u0131nda Prezidentin x\u00fcsusi n\u00fcmay\u0259nd\u0259si El\u00e7in Yusubov, Ba\u015f prokuror Kamran \u018fliyev, elm v\u0259 t\u0259hsil naziri Emin \u018fmrullayev v\u0259 dig\u0259r d\u00f6vl\u0259t r\u0259smil\u0259ri i\u015ftirak edir. Onlar \u00e7\u0131x\u0131\u015flar\u0131nda Heyd\u0259r \u018fliyev v\u0259 onun davam\u00e7\u0131s\u0131 \u0130lham \u018fliyevin Az\u0259rbaycan d\u00f6vl\u0259t\u00e7iliyi qar\u015f\u0131s\u0131ndak\u0131 xidm\u0259tl\u0259rind\u0259n dan\u0131\u015f\u0131blar. Xank\u0259ndi \u015f\u0259h\u0259rind\u0259, A\u011fd\u0259r\u0259 v\u0259 Xocal\u0131 rayonlar\u0131nda Prezidentin x\u00fcsusi n\u00fcmay\u0259nd\u0259si El\u00e7in Yusubov, \u00e7\u0131x\u0131\u015f\u0131nda bildirib ki,d\u00fcnya v\u0259 b\u0259\u015f\u0259r tarixind\u0259 Az\u0259rbaycan adl\u0131&hellip;<\/p>\n","protected":false},"author":2,"featured_media":799840,"comment_status":"closed","ping_status":"closed","sticky":false,"template":"","format":"standard","meta":{"om_disable_all_campaigns":false,"_monsterinsights_skip_tracking":false,"_monsterinsights_sitenote_active":false,"_monsterinsights_sitenote_note":"","_monsterinsights_sitenote_category":0},"categories":[1],"tags":[],"aioseo_notices":[],"gutentor_comment":0,"rttpg_featured_image_url":{"full":["https:\/\/arantv.az\/wp-content\/uploads\/2025\/04\/291acbcc-c2af-422e-b6aa-6f36c23f7e37.jpg",1200,800,false],"landscape":["https:\/\/arantv.az\/wp-content\/uploads\/2025\/04\/291acbcc-c2af-422e-b6aa-6f36c23f7e37.jpg",1200,800,false],"portraits":["https:\/\/arantv.az\/wp-content\/uploads\/2025\/04\/291acbcc-c2af-422e-b6aa-6f36c23f7e37.jpg",1200,800,false],"thumbnail":["https:\/\/arantv.az\/wp-content\/uploads\/2025\/04\/291acbcc-c2af-422e-b6aa-6f36c23f7e37-500x280.jpg",500,280,true],"medium":["https:\/\/arantv.az\/wp-content\/uploads\/2025\/04\/291acbcc-c2af-422e-b6aa-6f36c23f7e37-548x365.jpg",548,365,true],"large":["https:\/\/arantv.az\/wp-content\/uploads\/2025\/04\/291acbcc-c2af-422e-b6aa-6f36c23f7e37-840x560.jpg",640,427,true],"1536x1536":["https:\/\/arantv.az\/wp-content\/uploads\/2025\/04\/291acbcc-c2af-422e-b6aa-6f36c23f7e37.jpg",1200,800,false],"2048x2048":["https:\/\/arantv.az\/wp-content\/uploads\/2025\/04\/291acbcc-c2af-422e-b6aa-6f36c23f7e37.jpg",1200,800,false],"post-thumbnail":["https:\/\/arantv.az\/wp-content\/uploads\/2025\/04\/291acbcc-c2af-422e-b6aa-6f36c23f7e37-240x172.jpg",240,172,true],"advps-thumb-one":["https:\/\/arantv.az\/wp-content\/uploads\/2025\/04\/291acbcc-c2af-422e-b6aa-6f36c23f7e37-1200x620.jpg",1200,620,true]},"rttpg_author":{"display_name":"V\u00fcsal Rafiqo\u011flu","author_link":"https:\/\/arantv.az\/?author=2"},"rttpg_comment":0,"rttpg_category":"<a href=\"https:\/\/arantv.az\/?cat=1\" rel=\"category\">C\u0259miyy\u0259t<\/a>","rttpg_excerpt":"Aprelin 14-d\u0259 Ba\u015f Prokurorluq v\u0259 Elm v\u0259 T\u0259hsil Nazirliyinin birg\u0259 t\u0259\u015fkilat\u00e7\u0131l\u0131\u011f\u0131, Qaraba\u011f Universitetinin t\u0259r\u0259fda\u015fl\u0131\u011f\u0131 il\u0259 Xank\u0259ndi \u015f\u0259h\u0259rind\u0259 yerl\u0259\u015f\u0259n Qaraba\u011f Universitetind\u0259 \u201cHeyd\u0259r \u018fliyev v\u0259 Suveren Az\u0259rbaycan\u201d m\u00f6vzusunda konfrans t\u0259\u015fkil olunub. Konfransda Xank\u0259ndi \u015f\u0259h\u0259rind\u0259, A\u011fd\u0259r\u0259 v\u0259 Xocal\u0131 rayonlar\u0131nda Prezidentin x\u00fcsusi n\u00fcmay\u0259nd\u0259si El\u00e7in Yusubov, Ba\u015f prokuror Kamran \u018fliyev, elm v\u0259 t\u0259hsil naziri Emin \u018fmrullayev v\u0259 dig\u0259r d\u00f6vl\u0259t r\u0259smil\u0259ri&hellip;","_links":{"self":[{"href":"https:\/\/arantv.az\/index.php?rest_route=\/wp\/v2\/posts\/799836"}],"collection":[{"href":"https:\/\/arantv.az\/index.php?rest_route=\/wp\/v2\/posts"}],"about":[{"href":"https:\/\/arantv.az\/index.php?rest_route=\/wp\/v2\/types\/post"}],"author":[{"embeddable":true,"href":"https:\/\/arantv.az\/index.php?rest_route=\/wp\/v2\/users\/2"}],"replies":[{"embeddable":true,"href":"https:\/\/arantv.az\/index.php?rest_route=%2Fwp%2Fv2%2Fcomments&post=799836"}],"version-history":[{"count":1,"href":"https:\/\/arantv.az\/index.php?rest_route=\/wp\/v2\/posts\/799836\/revisions"}],"predecessor-version":[{"id":799846,"href":"https:\/\/arantv.az\/index.php?rest_route=\/wp\/v2\/posts\/799836\/revisions\/799846"}],"wp:featuredmedia":[{"embeddable":true,"href":"https:\/\/arantv.az\/index.php?rest_route=\/wp\/v2\/media\/799840"}],"wp:attachment":[{"href":"https:\/\/arantv.az\/index.php?rest_route=%2Fwp%2Fv2%2Fmedia&parent=799836"}],"wp:term":[{"taxonomy":"category","embeddable":true,"href":"https:\/\/arantv.az\/index.php?rest_route=%2Fwp%2Fv2%2Fcategories&post=799836"},{"taxonomy":"post_tag","embeddable":true,"href":"https:\/\/arantv.az\/index.php?rest_route=%2Fwp%2Fv2%2Ftags&post=799836"}],"curies":[{"name":"wp","href":"https:\/\/api.w.org\/{rel}","templated":true}]}}