{"id":799857,"date":"2025-04-14T14:57:34","date_gmt":"2025-04-14T10:57:34","guid":{"rendered":"https:\/\/arantv.az\/?p=799857"},"modified":"2025-04-14T14:57:34","modified_gmt":"2025-04-14T10:57:34","slug":"az%c9%99rbaycan-xin-fransanin-ikili-yanasmasi-onun-riyakarligini-ifsa-edir","status":"publish","type":"post","link":"https:\/\/arantv.az\/?p=799857","title":{"rendered":"Az\u0259rbaycan X\u0130N: Fransan\u0131n ikili yana\u015fmas\u0131 onun riyakarl\u0131\u011f\u0131n\u0131 if\u015fa edir"},"content":{"rendered":"<div class=\"text-content\" data-id=\"\" data-url=\"\">\n<p><strong>R\u0259smi Parisin Erm\u0259nistan\u0131\u00a0\u00f6ld\u00fcr\u00fcc\u00fc silahlarla t\u0259chiz\u00a0etm\u0259si, el\u0259c\u0259 d\u0259 s\u00fclh\u0259 xidm\u0259t g\u00f6st\u0259rm\u0259y\u0259n uzunm\u00fcdd\u0259tli anti-Az\u0259rbaycan m\u00f6vqeyi Fransan\u0131n Avropa v\u0259 xarici i\u015fl\u0259r naziri\u00a0Jan Noel Baronun\u00a0regional g\u0259rginlikl\u0259 ba\u011fl\u0131 narahatl\u0131\u011f\u0131 il\u0259 ziddiyy\u0259t yarad\u0131r.<\/strong><\/p>\n<p><strong>ARANTV.AZ <\/strong>\u00a0x\u0259b\u0259r verir ki, bu bar\u0259d\u0259 Az\u0259rbaycan Xarici \u0130\u015fl\u0259r Nazirliyinin m\u0259tbuat katibi Ayxan Hac\u0131zad\u0259 &#8220;X&#8221;d\u0259 yaz\u0131b.<\/p>\n<p>Onun s\u00f6zl\u0259rin\u0259 g\u00f6r\u0259, bu ikili yana\u015fma Fransan\u0131n riyakarl\u0131\u011f\u0131n\u0131 if\u015fa edir:<\/p>\n<p>&#8220;S\u00fclh m\u00fcqavil\u0259sinin layih\u0259si \u00fcz\u0259rind\u0259 i\u015fin yekunla\u015fmas\u0131 m\u00fch\u00fcm inki\u015faf olsa da, sazi\u015fin\u00a0imzalanmas\u0131 v\u0259 davaml\u0131 sabitlik \u0259sas m\u0259s\u0259l\u0259l\u0259rin,\u00a0x\u00fcsusil\u0259 d\u0259 Erm\u0259nistan\u0131n konstitusiyas\u0131nda \u0259razi iddialar\u0131n\u0131n h\u0259ll edilm\u0259sini v\u0259 Fransa da daxil olmaqla\u00a0destabill\u0259\u015fdirici xarici m\u00fcdaxil\u0259l\u0259rin dayand\u0131r\u0131lmas\u0131n\u0131 t\u0259l\u0259b edir&#8221;.<\/p>\n<p>A.Hac\u0131zad\u0259 h\u0259m\u00e7inin qeyd edib ki,\u00a0insanl\u0131q \u0259leyhin\u0259 cinay\u0259tl\u0259rd\u0259 ittiham olunan \u015f\u0259xsl\u0259r \u00fc\u00e7\u00fcn m\u0259hk\u0259m\u0259 prosesl\u0259rinin qar\u015f\u0131s\u0131n\u0131n al\u0131nmas\u0131 c\u0259hdl\u0259ri t\u0259kc\u0259 daxili i\u015fl\u0259r\u0259 m\u00fcdaxil\u0259 deyil, h\u0259m d\u0259 bel\u0259 cinay\u0259tl\u0259r\u0259 g\u00f6r\u0259 m\u0259suliyy\u0259t\u0259 x\u0259l\u0259l g\u0259tirir.<\/p>\n<p>Xat\u0131rladaq ki, Fransa X\u0130N ba\u015f\u00e7\u0131s\u0131 jurnalisl\u0259r\u0259 a\u00e7\u0131qlamas\u0131nda Erm\u0259nistanla Az\u0259rbaycan aras\u0131ndak\u0131 \u015f\u0259rti s\u0259rh\u0259dd\u0259 g\u0259rginlik oldu\u011funu iddia ed\u0259r\u0259k bunun narahatl\u0131q do\u011furdu\u011funu bildirmi\u015fdi.<\/p>\n<div class=\"twitter-tweet twitter-tweet-rendered\"><iframe loading=\"lazy\" id=\"twitter-widget-0\" class=\"\" title=\"X Post\" src=\"https:\/\/platform.twitter.com\/embed\/Tweet.html?dnt=false&amp;embedId=twitter-widget-0&amp;features=eyJ0ZndfdGltZWxpbmVfbGlzdCI6eyJidWNrZXQiOltdLCJ2ZXJzaW9uIjpudWxsfSwidGZ3X2ZvbGxvd2VyX2NvdW50X3N1bnNldCI6eyJidWNrZXQiOnRydWUsInZlcnNpb24iOm51bGx9LCJ0ZndfdHdlZXRfZWRpdF9iYWNrZW5kIjp7ImJ1Y2tldCI6Im9uIiwidmVyc2lvbiI6bnVsbH0sInRmd19yZWZzcmNfc2Vzc2lvbiI6eyJidWNrZXQiOiJvbiIsInZlcnNpb24iOm51bGx9LCJ0ZndfZm9zbnJfc29mdF9pbnRlcnZlbnRpb25zX2VuYWJsZWQiOnsiYnVja2V0Ijoib24iLCJ2ZXJzaW9uIjpudWxsfSwidGZ3X21peGVkX21lZGlhXzE1ODk3Ijp7ImJ1Y2tldCI6InRyZWF0bWVudCIsInZlcnNpb24iOm51bGx9LCJ0ZndfZXhwZXJpbWVudHNfY29va2llX2V4cGlyYXRpb24iOnsiYnVja2V0IjoxMjA5NjAwLCJ2ZXJzaW9uIjpudWxsfSwidGZ3X3Nob3dfYmlyZHdhdGNoX3Bpdm90c19lbmFibGVkIjp7ImJ1Y2tldCI6Im9uIiwidmVyc2lvbiI6bnVsbH0sInRmd19kdXBsaWNhdGVfc2NyaWJlc190b19zZXR0aW5ncyI6eyJidWNrZXQiOiJvbiIsInZlcnNpb24iOm51bGx9LCJ0ZndfdXNlX3Byb2ZpbGVfaW1hZ2Vfc2hhcGVfZW5hYmxlZCI6eyJidWNrZXQiOiJvbiIsInZlcnNpb24iOm51bGx9LCJ0ZndfdmlkZW9faGxzX2R5bmFtaWNfbWFuaWZlc3RzXzE1MDgyIjp7ImJ1Y2tldCI6InRydWVfYml0cmF0ZSIsInZlcnNpb24iOm51bGx9LCJ0ZndfbGVnYWN5X3RpbWVsaW5lX3N1bnNldCI6eyJidWNrZXQiOnRydWUsInZlcnNpb24iOm51bGx9LCJ0ZndfdHdlZXRfZWRpdF9mcm9udGVuZCI6eyJidWNrZXQiOiJvbiIsInZlcnNpb24iOm51bGx9fQ%3D%3D&amp;frame=false&amp;hideCard=false&amp;hideThread=false&amp;id=1911723297072365960&amp;lang=en&amp;origin=https%3A%2F%2Freport.az%2Fxarici-siyaset%2Fazerbaycan-xin-fransa-xarici-isler-nazirine-cavab-veribrgth%2F&amp;sessionId=561f9ac000665e86020ece1b214ae6b3040d1218&amp;theme=light&amp;widgetsVersion=2615f7e52b7e0%3A1702314776716&amp;width=550px\" width=\"750\" height=\"375\" frameborder=\"0\" scrolling=\"no\" allowfullscreen=\"allowfullscreen\" data-tweet-id=\"1911723297072365960\" data-mce-fragment=\"1\"><\/iframe><\/div>\n<\/div>\n<div><\/div>\n<div><\/div>\n<div class=\"inner-social-box\">\n<div class=\"subs-in-social subs-whatsapp\"><\/div>\n<\/div>\n","protected":false},"excerpt":{"rendered":"<p>R\u0259smi Parisin Erm\u0259nistan\u0131\u00a0\u00f6ld\u00fcr\u00fcc\u00fc silahlarla t\u0259chiz\u00a0etm\u0259si, el\u0259c\u0259 d\u0259 s\u00fclh\u0259 xidm\u0259t g\u00f6st\u0259rm\u0259y\u0259n uzunm\u00fcdd\u0259tli anti-Az\u0259rbaycan m\u00f6vqeyi Fransan\u0131n Avropa v\u0259 xarici i\u015fl\u0259r naziri\u00a0Jan Noel Baronun\u00a0regional g\u0259rginlikl\u0259 ba\u011fl\u0131 narahatl\u0131\u011f\u0131 il\u0259 ziddiyy\u0259t yarad\u0131r. ARANTV.AZ \u00a0x\u0259b\u0259r verir ki, bu bar\u0259d\u0259 Az\u0259rbaycan Xarici \u0130\u015fl\u0259r Nazirliyinin m\u0259tbuat katibi Ayxan Hac\u0131zad\u0259 &#8220;X&#8221;d\u0259 yaz\u0131b. Onun s\u00f6zl\u0259rin\u0259 g\u00f6r\u0259, bu ikili yana\u015fma Fransan\u0131n riyakarl\u0131\u011f\u0131n\u0131 if\u015fa edir: &#8220;S\u00fclh m\u00fcqavil\u0259sinin layih\u0259si \u00fcz\u0259rind\u0259 i\u015fin yekunla\u015fmas\u0131 m\u00fch\u00fcm inki\u015faf olsa da, sazi\u015fin\u00a0imzalanmas\u0131 v\u0259 davaml\u0131 sabitlik \u0259sas m\u0259s\u0259l\u0259l\u0259rin,\u00a0x\u00fcsusil\u0259 d\u0259 Erm\u0259nistan\u0131n konstitusiyas\u0131nda \u0259razi iddialar\u0131n\u0131n h\u0259ll edilm\u0259sini v\u0259 Fransa da daxil olmaqla\u00a0destabill\u0259\u015fdirici xarici m\u00fcdaxil\u0259l\u0259rin dayand\u0131r\u0131lmas\u0131n\u0131 t\u0259l\u0259b edir&#8221;. A.Hac\u0131zad\u0259 h\u0259m\u00e7inin qeyd edib&hellip;<\/p>\n","protected":false},"author":2,"featured_media":799858,"comment_status":"closed","ping_status":"closed","sticky":false,"template":"","format":"standard","meta":{"om_disable_all_campaigns":false,"_monsterinsights_skip_tracking":false,"_monsterinsights_sitenote_active":false,"_monsterinsights_sitenote_note":"","_monsterinsights_sitenote_category":0},"categories":[4],"tags":[],"aioseo_notices":[],"gutentor_comment":0,"rttpg_featured_image_url":{"full":["https:\/\/arantv.az\/wp-content\/uploads\/2025\/04\/bd02eaf6ac3a8e9ee550b56739f8bddc.jpg",850,500,false],"landscape":["https:\/\/arantv.az\/wp-content\/uploads\/2025\/04\/bd02eaf6ac3a8e9ee550b56739f8bddc.jpg",850,500,false],"portraits":["https:\/\/arantv.az\/wp-content\/uploads\/2025\/04\/bd02eaf6ac3a8e9ee550b56739f8bddc.jpg",850,500,false],"thumbnail":["https:\/\/arantv.az\/wp-content\/uploads\/2025\/04\/bd02eaf6ac3a8e9ee550b56739f8bddc-500x280.jpg",500,280,true],"medium":["https:\/\/arantv.az\/wp-content\/uploads\/2025\/04\/bd02eaf6ac3a8e9ee550b56739f8bddc-621x365.jpg",621,365,true],"large":["https:\/\/arantv.az\/wp-content\/uploads\/2025\/04\/bd02eaf6ac3a8e9ee550b56739f8bddc-840x494.jpg",640,376,true],"1536x1536":["https:\/\/arantv.az\/wp-content\/uploads\/2025\/04\/bd02eaf6ac3a8e9ee550b56739f8bddc.jpg",850,500,false],"2048x2048":["https:\/\/arantv.az\/wp-content\/uploads\/2025\/04\/bd02eaf6ac3a8e9ee550b56739f8bddc.jpg",850,500,false],"post-thumbnail":["https:\/\/arantv.az\/wp-content\/uploads\/2025\/04\/bd02eaf6ac3a8e9ee550b56739f8bddc-240x172.jpg",240,172,true],"advps-thumb-one":["https:\/\/arantv.az\/wp-content\/uploads\/2025\/04\/bd02eaf6ac3a8e9ee550b56739f8bddc.jpg",850,500,false]},"rttpg_author":{"display_name":"V\u00fcsal Rafiqo\u011flu","author_link":"https:\/\/arantv.az\/?author=2"},"rttpg_comment":0,"rttpg_category":"<a href=\"https:\/\/arantv.az\/?cat=4\" rel=\"category\">Siyas\u0259t<\/a>","rttpg_excerpt":"R\u0259smi Parisin Erm\u0259nistan\u0131\u00a0\u00f6ld\u00fcr\u00fcc\u00fc silahlarla t\u0259chiz\u00a0etm\u0259si, el\u0259c\u0259 d\u0259 s\u00fclh\u0259 xidm\u0259t g\u00f6st\u0259rm\u0259y\u0259n uzunm\u00fcdd\u0259tli anti-Az\u0259rbaycan m\u00f6vqeyi Fransan\u0131n Avropa v\u0259 xarici i\u015fl\u0259r naziri\u00a0Jan Noel Baronun\u00a0regional g\u0259rginlikl\u0259 ba\u011fl\u0131 narahatl\u0131\u011f\u0131 il\u0259 ziddiyy\u0259t yarad\u0131r. ARANTV.AZ \u00a0x\u0259b\u0259r verir ki, bu bar\u0259d\u0259 Az\u0259rbaycan Xarici \u0130\u015fl\u0259r Nazirliyinin m\u0259tbuat katibi Ayxan Hac\u0131zad\u0259 &#8220;X&#8221;d\u0259 yaz\u0131b. Onun s\u00f6zl\u0259rin\u0259 g\u00f6r\u0259, bu ikili yana\u015fma Fransan\u0131n riyakarl\u0131\u011f\u0131n\u0131 if\u015fa edir: &#8220;S\u00fclh m\u00fcqavil\u0259sinin&hellip;","_links":{"self":[{"href":"https:\/\/arantv.az\/index.php?rest_route=\/wp\/v2\/posts\/799857"}],"collection":[{"href":"https:\/\/arantv.az\/index.php?rest_route=\/wp\/v2\/posts"}],"about":[{"href":"https:\/\/arantv.az\/index.php?rest_route=\/wp\/v2\/types\/post"}],"author":[{"embeddable":true,"href":"https:\/\/arantv.az\/index.php?rest_route=\/wp\/v2\/users\/2"}],"replies":[{"embeddable":true,"href":"https:\/\/arantv.az\/index.php?rest_route=%2Fwp%2Fv2%2Fcomments&post=799857"}],"version-history":[{"count":1,"href":"https:\/\/arantv.az\/index.php?rest_route=\/wp\/v2\/posts\/799857\/revisions"}],"predecessor-version":[{"id":799859,"href":"https:\/\/arantv.az\/index.php?rest_route=\/wp\/v2\/posts\/799857\/revisions\/799859"}],"wp:featuredmedia":[{"embeddable":true,"href":"https:\/\/arantv.az\/index.php?rest_route=\/wp\/v2\/media\/799858"}],"wp:attachment":[{"href":"https:\/\/arantv.az\/index.php?rest_route=%2Fwp%2Fv2%2Fmedia&parent=799857"}],"wp:term":[{"taxonomy":"category","embeddable":true,"href":"https:\/\/arantv.az\/index.php?rest_route=%2Fwp%2Fv2%2Fcategories&post=799857"},{"taxonomy":"post_tag","embeddable":true,"href":"https:\/\/arantv.az\/index.php?rest_route=%2Fwp%2Fv2%2Ftags&post=799857"}],"curies":[{"name":"wp","href":"https:\/\/api.w.org\/{rel}","templated":true}]}}