{"id":799863,"date":"2025-04-14T15:12:56","date_gmt":"2025-04-14T11:12:56","guid":{"rendered":"https:\/\/arantv.az\/?p=799863"},"modified":"2025-04-14T15:12:56","modified_gmt":"2025-04-14T11:12:56","slug":"novb%c9%99ti-iki-gun-rayonlarda-aramsiz-leysan-olacaq-dag-caylarindan-sel-kec%c9%99c%c9%99k-x%c9%99b%c9%99rdarliq","status":"publish","type":"post","link":"https:\/\/arantv.az\/?p=799863","title":{"rendered":"N\u00f6vb\u0259ti iki g\u00fcn rayonlarda arams\u0131z leysan olacaq, da\u011f \u00e7aylar\u0131ndan sel ke\u00e7\u0259c\u0259k &#8211; X\u018fB\u018fRDARLIQ"},"content":{"rendered":"<p><strong>Az\u0259rbaycan rayonlar\u0131nda aprelin 14-d\u0259n 15-n\u0259 ke\u00e7\u0259n gec\u0259d\u0259n ba\u015flayaraq \u00f6lk\u0259 \u0259razisind\u0259n soyuq atmosfer c\u0259bh\u0259sinin ke\u00e7m\u0259si n\u0259tic\u0259sind\u0259 hava \u015f\u0259raitinin qeyri-sabit, ya\u011f\u0131nt\u0131l\u0131 ke\u00e7\u0259c\u0259yi g\u00f6zl\u0259nilir.<\/strong><\/p>\n<p><strong>ARANTV.AZ <\/strong>\u00a0x\u0259b\u0259r verir ki, bu bar\u0259d\u0259 Milli Hidrometeorologiya Xidm\u0259ti x\u0259b\u0259rdarl\u0131q yay\u0131b.<\/p>\n<p>Bildirilib ki, aprelin 15-d\u0259 b\u0259zi yerl\u0259rd\u0259 ya\u011f\u0131nt\u0131lar\u0131n intensivl\u0259\u015f\u0259c\u0259yi (B\u00f6y\u00fck v\u0259 Ki\u00e7ik Qafqaz rayonlar\u0131), \u0259sas\u0259n \u015fimal v\u0259 \u015f\u0259rq rayonlar\u0131nda (Balak\u0259n-\u015e\u0259ki, Da\u011fl\u0131q \u015eirvan, Quba-Qusar) g\u00fccl\u00fc olaca\u011f\u0131 g\u00f6zl\u0259nilir.<\/p>\n<p>Aprelin 16-da is\u0259 prosesin daha da k\u0259skinl\u0259\u015f\u0259c\u0259yi, leysan ya\u011f\u0131\u015f\u0131n\u0131n arams\u0131z, \u0259ks\u0259r rayonlarda intensiv v\u0259 g\u00fccl\u00fc olaca\u011f\u0131 ehtimal\u0131 y\u00fcks\u0259kdir.<\/p>\n<p>Prosesin \u015fim\u015f\u0259kl\u0259 m\u00fc\u015fayi\u0259t olunaca\u011f\u0131, dolu d\u00fc\u015f\u0259c\u0259yi, da\u011fl\u0131q \u0259razil\u0259rd\u0259 qar ya\u011faca\u011f\u0131 ehtimal\u0131 var. Aprelin 15-16-da q\u0259rb k\u00fcl\u0259yi 15-20 m\/s, b\u0259zi yerl\u0259rd\u0259 arabir 25-30 m\/s-d\u0259k g\u00fccl\u0259n\u0259c\u0259k.<\/p>\n<p>Aprelin 14-d\u0259n 15-n\u0259 ke\u00e7\u0259n gec\u0259d\u0259n ba\u015flayaraq 17-d\u0259k g\u00f6zl\u0259nil\u0259n proses il\u0259 \u0259laq\u0259dar transs\u0259rh\u0259d v\u0259 \u00f6lk\u0259nin \u0259ks\u0259r yerli \u00e7aylar\u0131nda y\u00fcks\u0259k sululu\u011fun davam ed\u0259c\u0259yi, \u0259sas\u0259n da\u011f \u00e7aylar\u0131ndan sel v\u0259 da\u015fq\u0131n ke\u00e7\u0259c\u0259yi g\u00f6zl\u0259nilir.<\/p>\n","protected":false},"excerpt":{"rendered":"<p>Az\u0259rbaycan rayonlar\u0131nda aprelin 14-d\u0259n 15-n\u0259 ke\u00e7\u0259n gec\u0259d\u0259n ba\u015flayaraq \u00f6lk\u0259 \u0259razisind\u0259n soyuq atmosfer c\u0259bh\u0259sinin ke\u00e7m\u0259si n\u0259tic\u0259sind\u0259 hava \u015f\u0259raitinin qeyri-sabit, ya\u011f\u0131nt\u0131l\u0131 ke\u00e7\u0259c\u0259yi g\u00f6zl\u0259nilir. ARANTV.AZ \u00a0x\u0259b\u0259r verir ki, bu bar\u0259d\u0259 Milli Hidrometeorologiya Xidm\u0259ti x\u0259b\u0259rdarl\u0131q yay\u0131b. Bildirilib ki, aprelin 15-d\u0259 b\u0259zi yerl\u0259rd\u0259 ya\u011f\u0131nt\u0131lar\u0131n intensivl\u0259\u015f\u0259c\u0259yi (B\u00f6y\u00fck v\u0259 Ki\u00e7ik Qafqaz rayonlar\u0131), \u0259sas\u0259n \u015fimal v\u0259 \u015f\u0259rq rayonlar\u0131nda (Balak\u0259n-\u015e\u0259ki, Da\u011fl\u0131q \u015eirvan, Quba-Qusar) g\u00fccl\u00fc olaca\u011f\u0131 g\u00f6zl\u0259nilir. Aprelin 16-da is\u0259 prosesin daha da k\u0259skinl\u0259\u015f\u0259c\u0259yi, leysan ya\u011f\u0131\u015f\u0131n\u0131n arams\u0131z, \u0259ks\u0259r rayonlarda intensiv v\u0259 g\u00fccl\u00fc olaca\u011f\u0131 ehtimal\u0131 y\u00fcks\u0259kdir. Prosesin \u015fim\u015f\u0259kl\u0259 m\u00fc\u015fayi\u0259t olunaca\u011f\u0131, dolu d\u00fc\u015f\u0259c\u0259yi, da\u011fl\u0131q \u0259razil\u0259rd\u0259 qar ya\u011faca\u011f\u0131 ehtimal\u0131 var. Aprelin 15-16-da q\u0259rb&hellip;<\/p>\n","protected":false},"author":2,"featured_media":799864,"comment_status":"closed","ping_status":"closed","sticky":false,"template":"","format":"standard","meta":{"om_disable_all_campaigns":false,"_monsterinsights_skip_tracking":false,"_monsterinsights_sitenote_active":false,"_monsterinsights_sitenote_note":"","_monsterinsights_sitenote_category":0},"categories":[22],"tags":[],"aioseo_notices":[],"gutentor_comment":0,"rttpg_featured_image_url":{"full":["https:\/\/arantv.az\/wp-content\/uploads\/2025\/04\/a182b57651a0e6ffa3d053bc1afb51db.jpg",850,500,false],"landscape":["https:\/\/arantv.az\/wp-content\/uploads\/2025\/04\/a182b57651a0e6ffa3d053bc1afb51db.jpg",850,500,false],"portraits":["https:\/\/arantv.az\/wp-content\/uploads\/2025\/04\/a182b57651a0e6ffa3d053bc1afb51db.jpg",850,500,false],"thumbnail":["https:\/\/arantv.az\/wp-content\/uploads\/2025\/04\/a182b57651a0e6ffa3d053bc1afb51db-500x280.jpg",500,280,true],"medium":["https:\/\/arantv.az\/wp-content\/uploads\/2025\/04\/a182b57651a0e6ffa3d053bc1afb51db-621x365.jpg",621,365,true],"large":["https:\/\/arantv.az\/wp-content\/uploads\/2025\/04\/a182b57651a0e6ffa3d053bc1afb51db-840x494.jpg",640,376,true],"1536x1536":["https:\/\/arantv.az\/wp-content\/uploads\/2025\/04\/a182b57651a0e6ffa3d053bc1afb51db.jpg",850,500,false],"2048x2048":["https:\/\/arantv.az\/wp-content\/uploads\/2025\/04\/a182b57651a0e6ffa3d053bc1afb51db.jpg",850,500,false],"post-thumbnail":["https:\/\/arantv.az\/wp-content\/uploads\/2025\/04\/a182b57651a0e6ffa3d053bc1afb51db-240x172.jpg",240,172,true],"advps-thumb-one":["https:\/\/arantv.az\/wp-content\/uploads\/2025\/04\/a182b57651a0e6ffa3d053bc1afb51db.jpg",850,500,false]},"rttpg_author":{"display_name":"V\u00fcsal Rafiqo\u011flu","author_link":"https:\/\/arantv.az\/?author=2"},"rttpg_comment":0,"rttpg_category":"<a href=\"https:\/\/arantv.az\/?cat=22\" rel=\"category\">Hava<\/a>","rttpg_excerpt":"Az\u0259rbaycan rayonlar\u0131nda aprelin 14-d\u0259n 15-n\u0259 ke\u00e7\u0259n gec\u0259d\u0259n ba\u015flayaraq \u00f6lk\u0259 \u0259razisind\u0259n soyuq atmosfer c\u0259bh\u0259sinin ke\u00e7m\u0259si n\u0259tic\u0259sind\u0259 hava \u015f\u0259raitinin qeyri-sabit, ya\u011f\u0131nt\u0131l\u0131 ke\u00e7\u0259c\u0259yi g\u00f6zl\u0259nilir. ARANTV.AZ \u00a0x\u0259b\u0259r verir ki, bu bar\u0259d\u0259 Milli Hidrometeorologiya Xidm\u0259ti x\u0259b\u0259rdarl\u0131q yay\u0131b. Bildirilib ki, aprelin 15-d\u0259 b\u0259zi yerl\u0259rd\u0259 ya\u011f\u0131nt\u0131lar\u0131n intensivl\u0259\u015f\u0259c\u0259yi (B\u00f6y\u00fck v\u0259 Ki\u00e7ik Qafqaz rayonlar\u0131), \u0259sas\u0259n \u015fimal v\u0259 \u015f\u0259rq rayonlar\u0131nda (Balak\u0259n-\u015e\u0259ki, Da\u011fl\u0131q \u015eirvan, Quba-Qusar) g\u00fccl\u00fc&hellip;","_links":{"self":[{"href":"https:\/\/arantv.az\/index.php?rest_route=\/wp\/v2\/posts\/799863"}],"collection":[{"href":"https:\/\/arantv.az\/index.php?rest_route=\/wp\/v2\/posts"}],"about":[{"href":"https:\/\/arantv.az\/index.php?rest_route=\/wp\/v2\/types\/post"}],"author":[{"embeddable":true,"href":"https:\/\/arantv.az\/index.php?rest_route=\/wp\/v2\/users\/2"}],"replies":[{"embeddable":true,"href":"https:\/\/arantv.az\/index.php?rest_route=%2Fwp%2Fv2%2Fcomments&post=799863"}],"version-history":[{"count":1,"href":"https:\/\/arantv.az\/index.php?rest_route=\/wp\/v2\/posts\/799863\/revisions"}],"predecessor-version":[{"id":799865,"href":"https:\/\/arantv.az\/index.php?rest_route=\/wp\/v2\/posts\/799863\/revisions\/799865"}],"wp:featuredmedia":[{"embeddable":true,"href":"https:\/\/arantv.az\/index.php?rest_route=\/wp\/v2\/media\/799864"}],"wp:attachment":[{"href":"https:\/\/arantv.az\/index.php?rest_route=%2Fwp%2Fv2%2Fmedia&parent=799863"}],"wp:term":[{"taxonomy":"category","embeddable":true,"href":"https:\/\/arantv.az\/index.php?rest_route=%2Fwp%2Fv2%2Fcategories&post=799863"},{"taxonomy":"post_tag","embeddable":true,"href":"https:\/\/arantv.az\/index.php?rest_route=%2Fwp%2Fv2%2Ftags&post=799863"}],"curies":[{"name":"wp","href":"https:\/\/api.w.org\/{rel}","templated":true}]}}