{"id":799866,"date":"2025-04-14T15:13:34","date_gmt":"2025-04-14T11:13:34","guid":{"rendered":"https:\/\/arantv.az\/?p=799866"},"modified":"2025-04-14T15:13:34","modified_gmt":"2025-04-14T11:13:34","slug":"anar-bayramov-onu-bu-d%c9%99f%c9%99-musavir-t%c9%99yin-etdi-7-ay-%c9%99vv%c9%99l-isd%c9%99n-cixmisdi-foto","status":"publish","type":"post","link":"https:\/\/arantv.az\/?p=799866","title":{"rendered":"Anar Bayramov onu bu d\u0259f\u0259 m\u00fc\u015favir t\u0259yin etdi &#8211; 7 ay \u0259vv\u0259l i\u015fd\u0259n \u00e7\u0131xm\u0131\u015fd\u0131 &#8211; FOTO"},"content":{"rendered":"<p><strong>\u018fm\u0259k v\u0259 \u018fhalinin Sosial M\u00fcdafi\u0259si Nazirliyinin (\u018f\u018fSMN) tabeliyind\u0259 D\u00f6vl\u0259t Tibbi-Sosial Ekspertiza v\u0259 Reabilitasiya Agentliyinin \u0130dar\u0259 Hey\u0259tinin s\u0259dri Anar Bayramova yeni m\u00fca\u015fvir t\u0259yin olunub.\u00a0<\/strong><\/p>\n<p>Qaynarinfo-nun m\u0259lumat\u0131na g\u00f6r\u0259, bu v\u0259zif\u0259y\u0259 Bahadur Rzayev g\u0259tirilib. Bununla ba\u011fl\u0131 m\u00fcvafiq \u0259mr imzalan\u0131b.<\/p>\n<p>Qeyd ed\u0259k ki, Bahadur Rzayev 7 ay \u0259vv\u0259l D\u00f6vl\u0259t Tibbi-Sosial Ekspertiza v\u0259 Reabilitasiya Agentliyinin Reabilitasiya, keyfiyy\u0259t\u0259 n\u0259zar\u0259t v\u0259 xidm\u0259tin t\u0259\u015fkili departamentinin m\u00fcdiri v\u0259zif\u0259sind\u0259n azad olunaraq, Az\u0259rbaycan H\u0259mkarlar \u0130ttifaqlar\u0131 Konfederasiyas\u0131n\u0131n \u0130dar\u0259 Hey\u0259ti s\u0259drinin m\u00fc\u015faviri t\u0259yin olunmu\u015fdu.<\/p>\n<p><img src=\"https:\/\/news.milli.az\/media\/2025\/04\/14\/1274668_(1).jpg\" \/><\/p>\n","protected":false},"excerpt":{"rendered":"<p>\u018fm\u0259k v\u0259 \u018fhalinin Sosial M\u00fcdafi\u0259si Nazirliyinin (\u018f\u018fSMN) tabeliyind\u0259 D\u00f6vl\u0259t Tibbi-Sosial Ekspertiza v\u0259 Reabilitasiya Agentliyinin \u0130dar\u0259 Hey\u0259tinin s\u0259dri Anar Bayramova yeni m\u00fca\u015fvir t\u0259yin olunub.\u00a0 Qaynarinfo-nun m\u0259lumat\u0131na g\u00f6r\u0259, bu v\u0259zif\u0259y\u0259 Bahadur Rzayev g\u0259tirilib. Bununla ba\u011fl\u0131 m\u00fcvafiq \u0259mr imzalan\u0131b. Qeyd ed\u0259k ki, Bahadur Rzayev 7 ay \u0259vv\u0259l D\u00f6vl\u0259t Tibbi-Sosial Ekspertiza v\u0259 Reabilitasiya Agentliyinin Reabilitasiya, keyfiyy\u0259t\u0259 n\u0259zar\u0259t v\u0259 xidm\u0259tin t\u0259\u015fkili departamentinin m\u00fcdiri v\u0259zif\u0259sind\u0259n azad olunaraq, Az\u0259rbaycan H\u0259mkarlar \u0130ttifaqlar\u0131 Konfederasiyas\u0131n\u0131n \u0130dar\u0259 Hey\u0259ti s\u0259drinin m\u00fc\u015faviri t\u0259yin olunmu\u015fdu.<\/p>\n","protected":false},"author":2,"featured_media":799867,"comment_status":"closed","ping_status":"closed","sticky":false,"template":"","format":"standard","meta":{"om_disable_all_campaigns":false,"_monsterinsights_skip_tracking":false,"_monsterinsights_sitenote_active":false,"_monsterinsights_sitenote_note":"","_monsterinsights_sitenote_category":0},"categories":[1],"tags":[],"aioseo_notices":[],"gutentor_comment":0,"rttpg_featured_image_url":{"full":["https:\/\/arantv.az\/wp-content\/uploads\/2025\/04\/90f5f03f55f5b816528443097dc7bc8f.jpg",800,450,false],"landscape":["https:\/\/arantv.az\/wp-content\/uploads\/2025\/04\/90f5f03f55f5b816528443097dc7bc8f.jpg",800,450,false],"portraits":["https:\/\/arantv.az\/wp-content\/uploads\/2025\/04\/90f5f03f55f5b816528443097dc7bc8f.jpg",800,450,false],"thumbnail":["https:\/\/arantv.az\/wp-content\/uploads\/2025\/04\/90f5f03f55f5b816528443097dc7bc8f-500x280.jpg",500,280,true],"medium":["https:\/\/arantv.az\/wp-content\/uploads\/2025\/04\/90f5f03f55f5b816528443097dc7bc8f-649x365.jpg",649,365,true],"large":["https:\/\/arantv.az\/wp-content\/uploads\/2025\/04\/90f5f03f55f5b816528443097dc7bc8f.jpg",640,360,false],"1536x1536":["https:\/\/arantv.az\/wp-content\/uploads\/2025\/04\/90f5f03f55f5b816528443097dc7bc8f.jpg",800,450,false],"2048x2048":["https:\/\/arantv.az\/wp-content\/uploads\/2025\/04\/90f5f03f55f5b816528443097dc7bc8f.jpg",800,450,false],"post-thumbnail":["https:\/\/arantv.az\/wp-content\/uploads\/2025\/04\/90f5f03f55f5b816528443097dc7bc8f-240x172.jpg",240,172,true],"advps-thumb-one":["https:\/\/arantv.az\/wp-content\/uploads\/2025\/04\/90f5f03f55f5b816528443097dc7bc8f.jpg",800,450,false]},"rttpg_author":{"display_name":"V\u00fcsal Rafiqo\u011flu","author_link":"https:\/\/arantv.az\/?author=2"},"rttpg_comment":0,"rttpg_category":"<a href=\"https:\/\/arantv.az\/?cat=1\" rel=\"category\">C\u0259miyy\u0259t<\/a>","rttpg_excerpt":"\u018fm\u0259k v\u0259 \u018fhalinin Sosial M\u00fcdafi\u0259si Nazirliyinin (\u018f\u018fSMN) tabeliyind\u0259 D\u00f6vl\u0259t Tibbi-Sosial Ekspertiza v\u0259 Reabilitasiya Agentliyinin \u0130dar\u0259 Hey\u0259tinin s\u0259dri Anar Bayramova yeni m\u00fca\u015fvir t\u0259yin olunub.\u00a0 Qaynarinfo-nun m\u0259lumat\u0131na g\u00f6r\u0259, bu v\u0259zif\u0259y\u0259 Bahadur Rzayev g\u0259tirilib. Bununla ba\u011fl\u0131 m\u00fcvafiq \u0259mr imzalan\u0131b. Qeyd ed\u0259k ki, Bahadur Rzayev 7 ay \u0259vv\u0259l D\u00f6vl\u0259t Tibbi-Sosial Ekspertiza v\u0259 Reabilitasiya Agentliyinin Reabilitasiya, keyfiyy\u0259t\u0259 n\u0259zar\u0259t v\u0259 xidm\u0259tin&hellip;","_links":{"self":[{"href":"https:\/\/arantv.az\/index.php?rest_route=\/wp\/v2\/posts\/799866"}],"collection":[{"href":"https:\/\/arantv.az\/index.php?rest_route=\/wp\/v2\/posts"}],"about":[{"href":"https:\/\/arantv.az\/index.php?rest_route=\/wp\/v2\/types\/post"}],"author":[{"embeddable":true,"href":"https:\/\/arantv.az\/index.php?rest_route=\/wp\/v2\/users\/2"}],"replies":[{"embeddable":true,"href":"https:\/\/arantv.az\/index.php?rest_route=%2Fwp%2Fv2%2Fcomments&post=799866"}],"version-history":[{"count":1,"href":"https:\/\/arantv.az\/index.php?rest_route=\/wp\/v2\/posts\/799866\/revisions"}],"predecessor-version":[{"id":799868,"href":"https:\/\/arantv.az\/index.php?rest_route=\/wp\/v2\/posts\/799866\/revisions\/799868"}],"wp:featuredmedia":[{"embeddable":true,"href":"https:\/\/arantv.az\/index.php?rest_route=\/wp\/v2\/media\/799867"}],"wp:attachment":[{"href":"https:\/\/arantv.az\/index.php?rest_route=%2Fwp%2Fv2%2Fmedia&parent=799866"}],"wp:term":[{"taxonomy":"category","embeddable":true,"href":"https:\/\/arantv.az\/index.php?rest_route=%2Fwp%2Fv2%2Fcategories&post=799866"},{"taxonomy":"post_tag","embeddable":true,"href":"https:\/\/arantv.az\/index.php?rest_route=%2Fwp%2Fv2%2Ftags&post=799866"}],"curies":[{"name":"wp","href":"https:\/\/api.w.org\/{rel}","templated":true}]}}