{"id":801033,"date":"2025-04-18T10:58:23","date_gmt":"2025-04-18T06:58:23","guid":{"rendered":"https:\/\/arantv.az\/?p=801033"},"modified":"2025-04-18T10:58:23","modified_gmt":"2025-04-18T06:58:23","slug":"pa-r%c9%99smisi-az%c9%99rbaycanin-yanasmasi-c%c9%99nubi-qafqazda-sulhun-t%c9%99m%c9%99lini-qoydu","status":"publish","type":"post","link":"https:\/\/arantv.az\/?p=801033","title":{"rendered":"PA r\u0259smisi: Az\u0259rbaycan\u0131n yana\u015fmas\u0131 C\u0259nubi Qafqazda s\u00fclh\u00fcn t\u0259m\u0259lini qoydu"},"content":{"rendered":"<p>Az\u0259rbaycan q\u0259tiyy\u0259tli add\u0131mlar v\u0259 m\u0259suliyy\u0259tli d\u00f6vl\u0259t idar\u0259\u00e7iliyi il\u0259 m\u00fcnaqi\u015f\u0259y\u0259 \u00f6z\u00fc son qoydu.<\/p>\n<p>\u201cReport\u201dun Xank\u0259ndiy\u0259 ezam olunmu\u015f \u0259m\u0259kda\u015f\u0131 x\u0259b\u0259r verir ki, bunu Az\u0259rbaycan Prezidentinin k\u00f6m\u0259k\u00e7isi \u2013 Prezident Administrasiyas\u0131n\u0131n Xarici siyas\u0259t m\u0259s\u0259l\u0259l\u0259ri \u015f\u00f6b\u0259sinin m\u00fcdiri Hikm\u0259t Hac\u0131yev Qaraba\u011f Universitetind\u0259 diplomatik korpus n\u00fcmay\u0259nd\u0259l\u0259rinin Xank\u0259ndiy\u0259 s\u0259f\u0259ri \u00e7\u0259r\u00e7iv\u0259sind\u0259 deyib.<\/p>\n<p>O qeyd edib ki, Az\u0259rbaycan\u0131n yana\u015fmas\u0131 yaln\u0131z m\u00fcnaqi\u015f\u0259ni sonland\u0131rmay\u0131b, h\u0259m d\u0259 C\u0259nubi Qafqazda uzunm\u00fcdd\u0259tli bar\u0131\u015f\u0131\u011f\u0131n v\u0259 s\u00fclh\u00fcn t\u0259m\u0259lini qoyub:<\/p>\n<p>\u201cKe\u00e7id \u0259dal\u0259ti h\u0259r post-m\u00fcnaqi\u015f\u0259 v\u0259ziyy\u0259tind\u0259 olduqca vacibdir. Az\u0259rbaycan xalq\u0131na qar\u015f\u0131 t\u00f6r\u0259dilmi\u015f cinay\u0259tl\u0259rin, o c\u00fcml\u0259d\u0259n m\u00fcharib\u0259 cinay\u0259tl\u0259ri v\u0259 insanl\u0131\u011fa qar\u015f\u0131 cinay\u0259tl\u0259rin icra\u00e7\u0131lar\u0131 art\u0131q qanun qar\u015f\u0131s\u0131nda cavab verirl\u0259r. Haz\u0131rda m\u0259hk\u0259m\u0259 prosesl\u0259ri Az\u0259rbaycanda davam edir.<\/p>\n<p>\u00dcmid edirik ki, \u015f\u0259ffaf v\u0259 a\u00e7\u0131q m\u0259hk\u0259m\u0259 ara\u015fd\u0131rmalar\u0131 n\u0259tic\u0259sind\u0259 \u0259dal\u0259t b\u0259rq\u0259rar olacaq. Bu, h\u0259r bir m\u00fcnaqi\u015f\u0259d\u0259n sonrak\u0131 prosesin \u0259sas t\u0259rkib hiss\u0259sidir. Az\u0259rbaycan C\u0259nubi Qafqaz regionunda beyn\u0259lxalq h\u00fcquq v\u0259 \u0259razi b\u00fct\u00f6vl\u00fcy\u00fc prinsipl\u0259rin\u0259 \u0259saslanan yeni status-kvo yarad\u0131b\u201d.<\/p>\n<p>Prezidentin k\u00f6m\u0259k\u00e7isi vur\u011fulay\u0131b ki, Qaraba\u011f v\u0259 \u015e\u0259rqi Z\u0259ng\u0259zur b\u00f6lg\u0259l\u0259ri yenid\u0259nqurma, transformasiya v\u0259 b\u0259rpa m\u0259rh\u0259l\u0259sin\u0259 q\u0259d\u0259m qoyur.<\/p>\n","protected":false},"excerpt":{"rendered":"<p>Az\u0259rbaycan q\u0259tiyy\u0259tli add\u0131mlar v\u0259 m\u0259suliyy\u0259tli d\u00f6vl\u0259t idar\u0259\u00e7iliyi il\u0259 m\u00fcnaqi\u015f\u0259y\u0259 \u00f6z\u00fc son qoydu. \u201cReport\u201dun Xank\u0259ndiy\u0259 ezam olunmu\u015f \u0259m\u0259kda\u015f\u0131 x\u0259b\u0259r verir ki, bunu Az\u0259rbaycan Prezidentinin k\u00f6m\u0259k\u00e7isi \u2013 Prezident Administrasiyas\u0131n\u0131n Xarici siyas\u0259t m\u0259s\u0259l\u0259l\u0259ri \u015f\u00f6b\u0259sinin m\u00fcdiri Hikm\u0259t Hac\u0131yev Qaraba\u011f Universitetind\u0259 diplomatik korpus n\u00fcmay\u0259nd\u0259l\u0259rinin Xank\u0259ndiy\u0259 s\u0259f\u0259ri \u00e7\u0259r\u00e7iv\u0259sind\u0259 deyib. O qeyd edib ki, Az\u0259rbaycan\u0131n yana\u015fmas\u0131 yaln\u0131z m\u00fcnaqi\u015f\u0259ni sonland\u0131rmay\u0131b, h\u0259m d\u0259 C\u0259nubi Qafqazda uzunm\u00fcdd\u0259tli bar\u0131\u015f\u0131\u011f\u0131n v\u0259 s\u00fclh\u00fcn t\u0259m\u0259lini qoyub: \u201cKe\u00e7id \u0259dal\u0259ti h\u0259r post-m\u00fcnaqi\u015f\u0259 v\u0259ziyy\u0259tind\u0259 olduqca vacibdir. Az\u0259rbaycan xalq\u0131na qar\u015f\u0131 t\u00f6r\u0259dilmi\u015f cinay\u0259tl\u0259rin, o c\u00fcml\u0259d\u0259n m\u00fcharib\u0259 cinay\u0259tl\u0259ri v\u0259 insanl\u0131\u011fa qar\u015f\u0131 cinay\u0259tl\u0259rin icra\u00e7\u0131lar\u0131 art\u0131q qanun qar\u015f\u0131s\u0131nda cavab verirl\u0259r. Haz\u0131rda m\u0259hk\u0259m\u0259&hellip;<\/p>\n","protected":false},"author":2,"featured_media":801034,"comment_status":"closed","ping_status":"closed","sticky":false,"template":"","format":"standard","meta":{"om_disable_all_campaigns":false,"_monsterinsights_skip_tracking":false,"_monsterinsights_sitenote_active":false,"_monsterinsights_sitenote_note":"","_monsterinsights_sitenote_category":0},"categories":[19],"tags":[],"aioseo_notices":[],"gutentor_comment":0,"rttpg_featured_image_url":{"full":["https:\/\/arantv.az\/wp-content\/uploads\/2025\/04\/54a653fa396de67528bfa054807b70f6.jpg",850,500,false],"landscape":["https:\/\/arantv.az\/wp-content\/uploads\/2025\/04\/54a653fa396de67528bfa054807b70f6.jpg",850,500,false],"portraits":["https:\/\/arantv.az\/wp-content\/uploads\/2025\/04\/54a653fa396de67528bfa054807b70f6.jpg",850,500,false],"thumbnail":["https:\/\/arantv.az\/wp-content\/uploads\/2025\/04\/54a653fa396de67528bfa054807b70f6-500x280.jpg",500,280,true],"medium":["https:\/\/arantv.az\/wp-content\/uploads\/2025\/04\/54a653fa396de67528bfa054807b70f6-621x365.jpg",621,365,true],"large":["https:\/\/arantv.az\/wp-content\/uploads\/2025\/04\/54a653fa396de67528bfa054807b70f6-840x494.jpg",640,376,true],"1536x1536":["https:\/\/arantv.az\/wp-content\/uploads\/2025\/04\/54a653fa396de67528bfa054807b70f6.jpg",850,500,false],"2048x2048":["https:\/\/arantv.az\/wp-content\/uploads\/2025\/04\/54a653fa396de67528bfa054807b70f6.jpg",850,500,false],"post-thumbnail":["https:\/\/arantv.az\/wp-content\/uploads\/2025\/04\/54a653fa396de67528bfa054807b70f6-240x172.jpg",240,172,true],"advps-thumb-one":["https:\/\/arantv.az\/wp-content\/uploads\/2025\/04\/54a653fa396de67528bfa054807b70f6.jpg",850,500,false]},"rttpg_author":{"display_name":"V\u00fcsal Rafiqo\u011flu","author_link":"https:\/\/arantv.az\/?author=2"},"rttpg_comment":0,"rttpg_category":"<a href=\"https:\/\/arantv.az\/?cat=19\" rel=\"category\">G\u00fcnd\u0259m<\/a>","rttpg_excerpt":"Az\u0259rbaycan q\u0259tiyy\u0259tli add\u0131mlar v\u0259 m\u0259suliyy\u0259tli d\u00f6vl\u0259t idar\u0259\u00e7iliyi il\u0259 m\u00fcnaqi\u015f\u0259y\u0259 \u00f6z\u00fc son qoydu. \u201cReport\u201dun Xank\u0259ndiy\u0259 ezam olunmu\u015f \u0259m\u0259kda\u015f\u0131 x\u0259b\u0259r verir ki, bunu Az\u0259rbaycan Prezidentinin k\u00f6m\u0259k\u00e7isi \u2013 Prezident Administrasiyas\u0131n\u0131n Xarici siyas\u0259t m\u0259s\u0259l\u0259l\u0259ri \u015f\u00f6b\u0259sinin m\u00fcdiri Hikm\u0259t Hac\u0131yev Qaraba\u011f Universitetind\u0259 diplomatik korpus n\u00fcmay\u0259nd\u0259l\u0259rinin Xank\u0259ndiy\u0259 s\u0259f\u0259ri \u00e7\u0259r\u00e7iv\u0259sind\u0259 deyib. O qeyd edib ki, Az\u0259rbaycan\u0131n yana\u015fmas\u0131 yaln\u0131z m\u00fcnaqi\u015f\u0259ni sonland\u0131rmay\u0131b, h\u0259m d\u0259 C\u0259nubi&hellip;","_links":{"self":[{"href":"https:\/\/arantv.az\/index.php?rest_route=\/wp\/v2\/posts\/801033"}],"collection":[{"href":"https:\/\/arantv.az\/index.php?rest_route=\/wp\/v2\/posts"}],"about":[{"href":"https:\/\/arantv.az\/index.php?rest_route=\/wp\/v2\/types\/post"}],"author":[{"embeddable":true,"href":"https:\/\/arantv.az\/index.php?rest_route=\/wp\/v2\/users\/2"}],"replies":[{"embeddable":true,"href":"https:\/\/arantv.az\/index.php?rest_route=%2Fwp%2Fv2%2Fcomments&post=801033"}],"version-history":[{"count":1,"href":"https:\/\/arantv.az\/index.php?rest_route=\/wp\/v2\/posts\/801033\/revisions"}],"predecessor-version":[{"id":801035,"href":"https:\/\/arantv.az\/index.php?rest_route=\/wp\/v2\/posts\/801033\/revisions\/801035"}],"wp:featuredmedia":[{"embeddable":true,"href":"https:\/\/arantv.az\/index.php?rest_route=\/wp\/v2\/media\/801034"}],"wp:attachment":[{"href":"https:\/\/arantv.az\/index.php?rest_route=%2Fwp%2Fv2%2Fmedia&parent=801033"}],"wp:term":[{"taxonomy":"category","embeddable":true,"href":"https:\/\/arantv.az\/index.php?rest_route=%2Fwp%2Fv2%2Fcategories&post=801033"},{"taxonomy":"post_tag","embeddable":true,"href":"https:\/\/arantv.az\/index.php?rest_route=%2Fwp%2Fv2%2Ftags&post=801033"}],"curies":[{"name":"wp","href":"https:\/\/api.w.org\/{rel}","templated":true}]}}