{"id":801054,"date":"2025-04-18T12:02:37","date_gmt":"2025-04-18T08:02:37","guid":{"rendered":"https:\/\/arantv.az\/?p=801054"},"modified":"2025-04-18T12:02:37","modified_gmt":"2025-04-18T08:02:37","slug":"qardasliga-dostluga-soyk%c9%99n%c9%99n-%c9%99m%c9%99kdasliq","status":"publish","type":"post","link":"https:\/\/arantv.az\/?p=801054","title":{"rendered":"Qarda\u015fl\u0131\u011fa, dostlu\u011fa s\u00f6yk\u0259n\u0259n \u0259m\u0259kda\u015fl\u0131q"},"content":{"rendered":"<p>Az\u0259rbaycan\u0131n G\u00fcrc\u00fcstanla s\u0131x m\u00fctt\u0259fiqlik m\u00fcnasib\u0259tl\u0259ri m\u00f6vcuddur. T\u0259kc\u0259 bir fakt\u0131 xat\u0131rladaq ki, iki \u00f6lk\u0259nin birg\u0259 h\u0259yata ke\u00e7irdikl\u0259ri neft-qaz layih\u0259l\u0259ri (Bak\u0131-Tbilisi-Ceyhan neft boru k\u0259m\u0259ri, Bak\u0131-Tbilisi-\u018frzurum qaz boru k\u0259m\u0259ri, Bak\u0131-Tbilisi-Qars d\u0259mir yolu v\u0259 s.), el\u0259c\u0259 d\u0259 n\u0259qliyyat-kommunikasiya layih\u0259l\u0259ri n\u0259inki C\u0259nubi Qafqaz\u0131n, h\u0259m\u00e7inin Avrasiya regionunun n\u0259qliyyat v\u0259 enerji x\u0259rit\u0259sin\u0259 m\u00fch\u00fcm yenilikl\u0259r g\u0259tirib. Haz\u0131rda G\u00fcrc\u00fcstan da daxil olmaqla Az\u0259rbaycan 12 \u00f6lk\u0259y\u0259 t\u0259bii qaz ixrac edir v\u0259 bu ixrac G\u00fcrc\u00fcstan vasit\u0259sil\u0259 h\u0259yata ke\u00e7irilir. Prezident \u0130lham \u018fliyevin bildirdiyi kimi,\u00a0\u0259g\u0259r biz bu g\u00fcn Avropan\u0131n enerji t\u0259hl\u00fck\u0259sizliyi haqq\u0131nda dan\u0131\u015f\u0131r\u0131qsa, bunu Az\u0259rbaycans\u0131z, G\u00fcrc\u00fcstans\u0131z t\u0259s\u0259vv\u00fcr etm\u0259k m\u00fcmk\u00fcn deyil. Yeri g\u0259lmi\u015fk\u0259n, haz\u0131rda Az\u0259rbaycan G\u00fcrc\u00fcstanla birlikd\u0259 ya\u015f\u0131l enerji layih\u0259l\u0259rini u\u011furla h\u0259yata ke\u00e7irir. Bu istiqam\u0259td\u0259 realla\u015fd\u0131r\u0131lan layih\u0259l\u0259rd\u0259n biri d\u0259 \u201cAz\u0259rbaycan\u2013G\u00fcrc\u00fcstan\u2013T\u00fcrkiy\u0259\u2013Bolqar\u0131stan Ya\u015f\u0131l Enerji D\u0259hlizi\u201ddir.<\/p>\n<p>El\u0259 bu kimi s\u0259b\u0259bl\u0259rd\u0259n C\u0259nubi Qafqazda m\u00f6hk\u0259ml\u0259nm\u0259k ist\u0259y\u0259n Q\u0259rb, x\u00fcsusil\u0259 Fransa iki \u00f6lk\u0259 aras\u0131ndak\u0131 \u0259m\u0259kda\u015fl\u0131\u011fa q\u0131sqancl\u0131qla yana\u015f\u0131r. Fitn\u0259kar q\u00fcvv\u0259l\u0259r n\u0259yin bahas\u0131na olursa-olsun Az\u0259rbaycanla G\u00fcrc\u00fcstan aras\u0131ndak\u0131 dostlu\u011fu pozma\u011fa \u00e7al\u0131\u015f\u0131rlar. B\u00fct\u00fcn bunlara baxmayaraq iki \u00f6lk\u0259nin m\u00fcnasib\u0259tl\u0259ri g\u00fcnd\u0259n-g\u00fcn\u0259 m\u00f6hk\u0259ml\u0259nm\u0259kd\u0259dir. Aprelin 15-d\u0259 G\u00fcrc\u00fcstan Prezidenti Mixeil Kavela\u015fvilinin \u00f6lk\u0259miz\u0259 r\u0259smi s\u0259f\u0259ri bunu bir daha s\u00fcbut etdi.<\/p>\n<p>Az\u0259rbaycan Respublikas\u0131n\u0131n Prezidenti \u0130lham \u018fliyev v\u0259 G\u00fcrc\u00fcstan\u0131n Prezidenti Mixeil Kavela\u015fvili m\u0259tbuata b\u0259yanatlar\u0131nda b\u00fct\u00fcn bunlardan s\u00f6z a\u00e7d\u0131lar. Bildirdil\u0259r ki, zaman\u0131n s\u0131na\u011f\u0131ndan \u00e7\u0131xm\u0131\u015f y\u00fcks\u0259ks\u0259viyy\u0259li strateji v\u0259 mehriban qon\u015fuluq m\u00fcnasib\u0259tl\u0259ri daha da m\u00f6hk\u0259ml\u0259n\u0259c\u0259k, G\u00fcrc\u00fcstan\u0131n v\u0259 Az\u0259rbaycan\u0131n milli maraqlar\u0131n\u0131n h\u0259yata ke\u00e7irilm\u0259sind\u0259 yeni m\u00fcst\u0259viy\u0259 ke\u00e7\u0259c\u0259k. T\u0259\u0259ss\u00fcfl\u0259 h\u0259m d\u0259 qeyd olunub ki, son vaxtlar \u00f6lk\u0259l\u0259rimiz d\u0259f\u0259l\u0259rl\u0259 ikili standartlar\u0131n v\u0259 xarici q\u00fcvv\u0259l\u0259rin daxili i\u015fl\u0259r\u0259 m\u00fcdaxil\u0259sinin obyektin\u0259 \u00e7evrilib.<\/p>\n<p>G\u00f6r\u00fcnd\u00fcy\u00fc kimi, bu g\u00fcn m\u00fcst\u0259qil siyas\u0259t y\u00fcr\u00fcd\u0259n Az\u0259rbaycanla G\u00fcrc\u00fcstan b\u00f6lg\u0259d\u0259 s\u00fclh namin\u0259 bu kimi t\u0259zyiql\u0259ri d\u0259f etm\u0259k \u00fc\u00e7\u00fcn s\u0259yl\u0259rini birl\u0259\u015fdirib v\u0259 eyni platformadan \u00e7\u0131x\u0131\u015f edirl\u0259r. H\u0259r iki \u00f6lk\u0259 C\u0259nubi Qafqaz regionunda sabitliyin v\u0259 t\u0259hl\u00fck\u0259sizliyin qorunmas\u0131nda maraql\u0131d\u0131r. Prezident \u0130lham \u018fliyevin bildirdiyi kimi, iki dost, qarda\u015f \u00f6lk\u0259, s\u00f6z\u00fcn \u0259sl m\u0259nas\u0131nda, bir-birin\u0259 \u00e7ox ba\u011fl\u0131d\u0131r v\u0259 beyn\u0259lxalq t\u0259\u015fkilatlarda da daim bir-birini d\u0259st\u0259kl\u0259yir.\u00a0 Yeri g\u0259lmi\u015fk\u0259n, 44 g\u00fcnl\u00fck V\u0259t\u0259n m\u00fcharib\u0259si v\u0259 lokal antiteror t\u0259dbil\u0259ri zaman\u0131 G\u00fcrc\u00fcstan Az\u0259rbaycan\u0131 ilk d\u0259st\u0259kl\u0259y\u0259n \u00f6lk\u0259l\u0259r s\u0131ras\u0131nda olub. Bu m\u0259nada dem\u0259k olar ki, bu g\u00fcn Az\u0259rbaycanla G\u00fcrc\u00fcstan aras\u0131ndak\u0131 m\u00fcnasib\u0259tl\u0259r qarda\u015fl\u0131\u011f\u0131n v\u0259 dostlu\u011fun \u0259n y\u00fcks\u0259k zirv\u0259sind\u0259dir.<\/p>\n<p>Dan\u0131lmaz faktd\u0131r ki, bu g\u00fcn Q\u0259rbin m\u00f6hk\u0259ml\u0259nm\u0259k ist\u0259diyi C\u0259nubi Qafqaz regionunun taleyi Az\u0259rbaycan v\u0259 G\u00fcrc\u00fcstandan birba\u015fa as\u0131l\u0131d\u0131r. \u015e\u00fcbh\u0259siz, h\u0259r iki \u00f6lk\u0259nin \u0259m\u0259kda\u015fl\u0131\u011f\u0131n, inki\u015faf\u0131n t\u0259r\u0259fdar\u0131 olmalar\u0131 h\u0259m d\u0259 b\u00f6lg\u0259d\u0259 t\u0259hl\u00fck\u0259sizliy\u0259 xidm\u0259t edir. Y\u0259ni, C\u0259nubi Qafqazda s\u00fclh\u00fcn, \u0259min-amanl\u0131\u011f\u0131n b\u0259rq\u0259rar edilm\u0259si d\u0259 iki \u00f6lk\u0259nin birg\u0259 mara\u011f\u0131nda olan m\u0259s\u0259l\u0259dir. Bu proses\u0259 Erm\u0259nistandan f\u0259rqli olaraq Q\u0259rb\u0259 s\u0259cd\u0259 etm\u0259y\u0259n G\u00fcrc\u00fcstan v\u0259 C\u0259nubi Qafqaz\u0131n lider d\u00f6vl\u0259ti Az\u0259rbaycan \u00f6z t\u00f6hf\u0259sini verir.\u00a0Yeri g\u0259lmi\u015fk\u0259n, G\u00fcrc\u00fcstan Prezidenti Az\u0259rbaycan v\u0259 Erm\u0259nistan aras\u0131nda s\u00fclh sazi\u015finin b\u00fct\u00fcn b\u0259ndl\u0259ri \u00fczr\u0259 dan\u0131\u015f\u0131qlar prosesinin bu yax\u0131nlarda ba\u015fa \u00e7atmas\u0131n\u0131 alq\u0131\u015flay\u0131b.<\/p>\n<p>\u015e\u00fcbh\u0259siz, bel\u0259 y\u00fcks\u0259k s\u0259viyy\u0259li g\u00f6r\u00fc\u015fl\u0259r \u0259laq\u0259l\u0259rin daha da d\u0259rinl\u0259\u015fm\u0259sin\u0259 v\u0259 geni\u015fl\u0259nm\u0259sin\u0259 xidm\u0259t edir. Bu m\u0259nada G\u00fcrc\u00fcstan Prezidentinin s\u0259f\u0259rinin \u00f6lk\u0259l\u0259rimiz aras\u0131nda m\u00fcnasib\u0259tl\u0259rin inki\u015faf\u0131na yeni t\u0259kan ver\u0259c\u0259yi, yeni u\u011furlara imza at\u0131laca\u011f\u0131 \u015f\u00fcbh\u0259sizdir.<\/p>\n<p><strong>Qvami M\u0259h\u0259bb\u0259to\u011flu, \u201c\u0130ki sahil\u201d<\/strong><\/p>\n","protected":false},"excerpt":{"rendered":"<p>Az\u0259rbaycan\u0131n G\u00fcrc\u00fcstanla s\u0131x m\u00fctt\u0259fiqlik m\u00fcnasib\u0259tl\u0259ri m\u00f6vcuddur. T\u0259kc\u0259 bir fakt\u0131 xat\u0131rladaq ki, iki \u00f6lk\u0259nin birg\u0259 h\u0259yata ke\u00e7irdikl\u0259ri neft-qaz layih\u0259l\u0259ri (Bak\u0131-Tbilisi-Ceyhan neft boru k\u0259m\u0259ri, Bak\u0131-Tbilisi-\u018frzurum qaz boru k\u0259m\u0259ri, Bak\u0131-Tbilisi-Qars d\u0259mir yolu v\u0259 s.), el\u0259c\u0259 d\u0259 n\u0259qliyyat-kommunikasiya layih\u0259l\u0259ri n\u0259inki C\u0259nubi Qafqaz\u0131n, h\u0259m\u00e7inin Avrasiya regionunun n\u0259qliyyat v\u0259 enerji x\u0259rit\u0259sin\u0259 m\u00fch\u00fcm yenilikl\u0259r g\u0259tirib. Haz\u0131rda G\u00fcrc\u00fcstan da daxil olmaqla Az\u0259rbaycan 12 \u00f6lk\u0259y\u0259 t\u0259bii qaz ixrac edir v\u0259 bu ixrac G\u00fcrc\u00fcstan vasit\u0259sil\u0259 h\u0259yata ke\u00e7irilir. Prezident \u0130lham \u018fliyevin bildirdiyi kimi,\u00a0\u0259g\u0259r biz bu g\u00fcn Avropan\u0131n enerji t\u0259hl\u00fck\u0259sizliyi haqq\u0131nda dan\u0131\u015f\u0131r\u0131qsa, bunu Az\u0259rbaycans\u0131z, G\u00fcrc\u00fcstans\u0131z t\u0259s\u0259vv\u00fcr etm\u0259k m\u00fcmk\u00fcn deyil. Yeri g\u0259lmi\u015fk\u0259n, haz\u0131rda&hellip;<\/p>\n","protected":false},"author":2,"featured_media":801055,"comment_status":"closed","ping_status":"closed","sticky":false,"template":"","format":"standard","meta":{"om_disable_all_campaigns":false,"_monsterinsights_skip_tracking":false,"_monsterinsights_sitenote_active":false,"_monsterinsights_sitenote_note":"","_monsterinsights_sitenote_category":0},"categories":[19],"tags":[],"aioseo_notices":[],"gutentor_comment":0,"rttpg_featured_image_url":{"full":["https:\/\/arantv.az\/wp-content\/uploads\/2025\/04\/8d4c4aab000b75b03c92c462e6493a0d_12556_41.jpg",975,540,false],"landscape":["https:\/\/arantv.az\/wp-content\/uploads\/2025\/04\/8d4c4aab000b75b03c92c462e6493a0d_12556_41.jpg",975,540,false],"portraits":["https:\/\/arantv.az\/wp-content\/uploads\/2025\/04\/8d4c4aab000b75b03c92c462e6493a0d_12556_41.jpg",975,540,false],"thumbnail":["https:\/\/arantv.az\/wp-content\/uploads\/2025\/04\/8d4c4aab000b75b03c92c462e6493a0d_12556_41-500x280.jpg",500,280,true],"medium":["https:\/\/arantv.az\/wp-content\/uploads\/2025\/04\/8d4c4aab000b75b03c92c462e6493a0d_12556_41-660x365.jpg",660,365,true],"large":["https:\/\/arantv.az\/wp-content\/uploads\/2025\/04\/8d4c4aab000b75b03c92c462e6493a0d_12556_41-840x465.jpg",640,354,true],"1536x1536":["https:\/\/arantv.az\/wp-content\/uploads\/2025\/04\/8d4c4aab000b75b03c92c462e6493a0d_12556_41.jpg",975,540,false],"2048x2048":["https:\/\/arantv.az\/wp-content\/uploads\/2025\/04\/8d4c4aab000b75b03c92c462e6493a0d_12556_41.jpg",975,540,false],"post-thumbnail":["https:\/\/arantv.az\/wp-content\/uploads\/2025\/04\/8d4c4aab000b75b03c92c462e6493a0d_12556_41-240x172.jpg",240,172,true],"advps-thumb-one":["https:\/\/arantv.az\/wp-content\/uploads\/2025\/04\/8d4c4aab000b75b03c92c462e6493a0d_12556_41.jpg",975,540,false]},"rttpg_author":{"display_name":"V\u00fcsal Rafiqo\u011flu","author_link":"https:\/\/arantv.az\/?author=2"},"rttpg_comment":0,"rttpg_category":"<a href=\"https:\/\/arantv.az\/?cat=19\" rel=\"category\">G\u00fcnd\u0259m<\/a>","rttpg_excerpt":"Az\u0259rbaycan\u0131n G\u00fcrc\u00fcstanla s\u0131x m\u00fctt\u0259fiqlik m\u00fcnasib\u0259tl\u0259ri m\u00f6vcuddur. T\u0259kc\u0259 bir fakt\u0131 xat\u0131rladaq ki, iki \u00f6lk\u0259nin birg\u0259 h\u0259yata ke\u00e7irdikl\u0259ri neft-qaz layih\u0259l\u0259ri (Bak\u0131-Tbilisi-Ceyhan neft boru k\u0259m\u0259ri, Bak\u0131-Tbilisi-\u018frzurum qaz boru k\u0259m\u0259ri, Bak\u0131-Tbilisi-Qars d\u0259mir yolu v\u0259 s.), el\u0259c\u0259 d\u0259 n\u0259qliyyat-kommunikasiya layih\u0259l\u0259ri n\u0259inki C\u0259nubi Qafqaz\u0131n, h\u0259m\u00e7inin Avrasiya regionunun n\u0259qliyyat v\u0259 enerji x\u0259rit\u0259sin\u0259 m\u00fch\u00fcm yenilikl\u0259r g\u0259tirib. Haz\u0131rda G\u00fcrc\u00fcstan da daxil olmaqla Az\u0259rbaycan 12&hellip;","_links":{"self":[{"href":"https:\/\/arantv.az\/index.php?rest_route=\/wp\/v2\/posts\/801054"}],"collection":[{"href":"https:\/\/arantv.az\/index.php?rest_route=\/wp\/v2\/posts"}],"about":[{"href":"https:\/\/arantv.az\/index.php?rest_route=\/wp\/v2\/types\/post"}],"author":[{"embeddable":true,"href":"https:\/\/arantv.az\/index.php?rest_route=\/wp\/v2\/users\/2"}],"replies":[{"embeddable":true,"href":"https:\/\/arantv.az\/index.php?rest_route=%2Fwp%2Fv2%2Fcomments&post=801054"}],"version-history":[{"count":1,"href":"https:\/\/arantv.az\/index.php?rest_route=\/wp\/v2\/posts\/801054\/revisions"}],"predecessor-version":[{"id":801056,"href":"https:\/\/arantv.az\/index.php?rest_route=\/wp\/v2\/posts\/801054\/revisions\/801056"}],"wp:featuredmedia":[{"embeddable":true,"href":"https:\/\/arantv.az\/index.php?rest_route=\/wp\/v2\/media\/801055"}],"wp:attachment":[{"href":"https:\/\/arantv.az\/index.php?rest_route=%2Fwp%2Fv2%2Fmedia&parent=801054"}],"wp:term":[{"taxonomy":"category","embeddable":true,"href":"https:\/\/arantv.az\/index.php?rest_route=%2Fwp%2Fv2%2Fcategories&post=801054"},{"taxonomy":"post_tag","embeddable":true,"href":"https:\/\/arantv.az\/index.php?rest_route=%2Fwp%2Fv2%2Ftags&post=801054"}],"curies":[{"name":"wp","href":"https:\/\/api.w.org\/{rel}","templated":true}]}}