{"id":801525,"date":"2025-04-21T11:48:07","date_gmt":"2025-04-21T07:48:07","guid":{"rendered":"https:\/\/arantv.az\/?p=801525"},"modified":"2025-04-21T11:48:07","modified_gmt":"2025-04-21T07:48:07","slug":"bu-od%c9%99nisl%c9%99ri-gecikdirs%c9%99niz-d%c9%99-adiniz-qara-siyahiya-dusm%c9%99y%c9%99c%c9%99k","status":"publish","type":"post","link":"https:\/\/arantv.az\/?p=801525","title":{"rendered":"Bu \u00f6d\u0259ni\u015fl\u0259ri gecikdirs\u0259niz d\u0259, ad\u0131n\u0131z &#8211; \u201cQara siyah\u0131\u201dya d\u00fc\u015fm\u0259y\u0259c\u0259k"},"content":{"rendered":"<p><strong>M\u0259lum oldu\u011fu kimi, Prezident \u0130lham \u018fliyev \u201cKredit b\u00fcrolar\u0131 haqq\u0131nda\u201d Qanuna d\u0259yi\u015fiklikl\u0259ri t\u0259sdiql\u0259yib.<\/strong><\/p>\n<p><strong>ARANTV.AZ <\/strong>\u00a0x\u0259b\u0259r verir ki, deputat V\u00fcqar Bayramov sosial \u015f\u0259b\u0259k\u0259 hesab\u0131nda h\u0259min d\u0259yi\u015fiklikl\u0259ri \u015f\u0259rh edib.<\/p>\n<p>Parlamentari d\u0259yi\u015fikliy\u0259 \u0259sas\u0259n bildirib ki, Az\u0259rbaycanda nisy\u0259 mal alq\u0131-satq\u0131s\u0131 il\u0259 m\u0259\u015f\u011ful olan h\u00fcquqi \u015f\u0259xsl\u0259r v\u0259 h\u00fcquqi \u015f\u0259xs yaratmadan sahibkarl\u0131q f\u0259aliyy\u0259ti g\u00f6st\u0259r\u0259n fiziki \u015f\u0259xsl\u0259r, t\u0259qvim ili \u0259rzind\u0259 nisy\u0259 sat\u0131\u015f d\u00f6vriyy\u0259l\u0259ri 100 min manat\u0131 ke\u00e7\u0259rs\u0259 bel\u0259, art\u0131q kredit b\u00fcrolar\u0131na m\u0259lumat t\u0259qdim etm\u0259k \u00f6hd\u0259liyind\u0259n azad edilibl\u0259r.<\/p>\n<p>Bayramov qeyd edib ki, \u0259vv\u0259ll\u0259r bu kateqoriyaya aid sahibkarlar m\u00fc\u015ft\u0259ril\u0259rin\u0259 dair kredit tarix\u00e7\u0259l\u0259rini f\u0259aliyy\u0259t g\u00f6st\u0259r\u0259n \u0259n az\u0131 bir kredit b\u00fcrosuna t\u0259qdim etm\u0259y\u0259 borclu idil\u0259r:<\/p>\n<p><strong>\u201cAd\u0259t\u0259n kredit tarix\u00e7\u0259sin\u0259 aid olan m\u0259lumatlar\u0131n t\u0259qdim olunmas\u0131 inzibati proseduralar, zaman v\u0259 el\u0259c\u0259 d\u0259 x\u0259rc t\u0259l\u0259b edirdi. Dig\u0259r t\u0259r\u0259fd\u0259n bu \u00f6hd\u0259likl\u0259r\u0259 \u0259m\u0259l edilm\u0259sin\u0259 n\u0259zar\u0259t d\u0259 he\u00e7 d\u0259 asan deyildi v\u0259 m\u0259suliyy\u0259t\u0259 c\u0259lb etm\u0259k d\u0259 m\u00fcr\u0259kk\u0259b mexanizm idi.<\/strong><\/p>\n<p>Yeni d\u0259yi\u015fiklik bir t\u0259r\u0259fd\u0259n \u015firk\u0259tl\u0259r v\u0259 v\u0259t\u0259nda\u015flar \u00fc\u00e7\u00fcn qaydalar\u0131n asanla\u015fmas\u0131na s\u0259b\u0259b olacaq v\u0259 onlar\u0131n kredit tarix\u00e7\u0259l\u0259rinin bu tip \u0259m\u0259liyyatlar s\u0259b\u0259bind\u0259n pisl\u0259\u015fm\u0259sinin qar\u015f\u0131s\u0131n\u0131 alacaq.<\/p>\n<p>Dig\u0259r t\u0259r\u0259fd\u0259n, yeni qaydalar v\u0259t\u0259nda\u015flar\u0131m\u0131z \u00fc\u00e7\u00fcn bu sah\u0259d\u0259 inzibati proseduralar\u0131 ke\u00e7m\u0259si z\u0259rur\u0259ti aradan qald\u0131r\u0131ld\u0131\u011f\u0131ndan v\u0259sait\u0259 q\u0259na\u0259t etm\u0259sin\u0259 v\u0259 onlar\u0131n kreditl\u0259r \u00fczr\u0259 \u201cqara siyah\u0131ya\u201d bu s\u0259b\u0259bd\u0259n d\u00fc\u015fm\u0259sinin qar\u015f\u0131s\u0131n\u0131n almas\u0131na g\u0259tirib \u00e7\u0131xaracaq. G\u00f6zl\u0259nilir ki, h\u0259m\u00e7inin bu sah\u0259d\u0259 aktivliyin artmas\u0131na v\u0259 alq\u0131-satq\u0131 d\u00f6riyy\u0259sinin geni\u015fl\u0259nm\u0259sin\u0259 imkan yaranacaq\u201d.<\/p>\n","protected":false},"excerpt":{"rendered":"<p>M\u0259lum oldu\u011fu kimi, Prezident \u0130lham \u018fliyev \u201cKredit b\u00fcrolar\u0131 haqq\u0131nda\u201d Qanuna d\u0259yi\u015fiklikl\u0259ri t\u0259sdiql\u0259yib. ARANTV.AZ \u00a0x\u0259b\u0259r verir ki, deputat V\u00fcqar Bayramov sosial \u015f\u0259b\u0259k\u0259 hesab\u0131nda h\u0259min d\u0259yi\u015fiklikl\u0259ri \u015f\u0259rh edib. Parlamentari d\u0259yi\u015fikliy\u0259 \u0259sas\u0259n bildirib ki, Az\u0259rbaycanda nisy\u0259 mal alq\u0131-satq\u0131s\u0131 il\u0259 m\u0259\u015f\u011ful olan h\u00fcquqi \u015f\u0259xsl\u0259r v\u0259 h\u00fcquqi \u015f\u0259xs yaratmadan sahibkarl\u0131q f\u0259aliyy\u0259ti g\u00f6st\u0259r\u0259n fiziki \u015f\u0259xsl\u0259r, t\u0259qvim ili \u0259rzind\u0259 nisy\u0259 sat\u0131\u015f d\u00f6vriyy\u0259l\u0259ri 100 min manat\u0131 ke\u00e7\u0259rs\u0259 bel\u0259, art\u0131q kredit b\u00fcrolar\u0131na m\u0259lumat t\u0259qdim etm\u0259k \u00f6hd\u0259liyind\u0259n azad edilibl\u0259r. Bayramov qeyd edib ki, \u0259vv\u0259ll\u0259r bu kateqoriyaya aid sahibkarlar m\u00fc\u015ft\u0259ril\u0259rin\u0259 dair kredit tarix\u00e7\u0259l\u0259rini f\u0259aliyy\u0259t g\u00f6st\u0259r\u0259n \u0259n az\u0131 bir kredit b\u00fcrosuna t\u0259qdim&hellip;<\/p>\n","protected":false},"author":2,"featured_media":801526,"comment_status":"closed","ping_status":"closed","sticky":false,"template":"","format":"standard","meta":{"om_disable_all_campaigns":false,"_monsterinsights_skip_tracking":false,"_monsterinsights_sitenote_active":false,"_monsterinsights_sitenote_note":"","_monsterinsights_sitenote_category":0},"categories":[19],"tags":[],"aioseo_notices":[],"gutentor_comment":0,"rttpg_featured_image_url":{"full":["https:\/\/arantv.az\/wp-content\/uploads\/2025\/04\/ad75cb1ed3d7e9f53c1bd880665414ba.jpg",637,400,false],"landscape":["https:\/\/arantv.az\/wp-content\/uploads\/2025\/04\/ad75cb1ed3d7e9f53c1bd880665414ba.jpg",637,400,false],"portraits":["https:\/\/arantv.az\/wp-content\/uploads\/2025\/04\/ad75cb1ed3d7e9f53c1bd880665414ba.jpg",637,400,false],"thumbnail":["https:\/\/arantv.az\/wp-content\/uploads\/2025\/04\/ad75cb1ed3d7e9f53c1bd880665414ba-500x280.jpg",500,280,true],"medium":["https:\/\/arantv.az\/wp-content\/uploads\/2025\/04\/ad75cb1ed3d7e9f53c1bd880665414ba-581x365.jpg",581,365,true],"large":["https:\/\/arantv.az\/wp-content\/uploads\/2025\/04\/ad75cb1ed3d7e9f53c1bd880665414ba.jpg",637,400,false],"1536x1536":["https:\/\/arantv.az\/wp-content\/uploads\/2025\/04\/ad75cb1ed3d7e9f53c1bd880665414ba.jpg",637,400,false],"2048x2048":["https:\/\/arantv.az\/wp-content\/uploads\/2025\/04\/ad75cb1ed3d7e9f53c1bd880665414ba.jpg",637,400,false],"post-thumbnail":["https:\/\/arantv.az\/wp-content\/uploads\/2025\/04\/ad75cb1ed3d7e9f53c1bd880665414ba-240x172.jpg",240,172,true],"advps-thumb-one":["https:\/\/arantv.az\/wp-content\/uploads\/2025\/04\/ad75cb1ed3d7e9f53c1bd880665414ba.jpg",637,400,false]},"rttpg_author":{"display_name":"V\u00fcsal Rafiqo\u011flu","author_link":"https:\/\/arantv.az\/?author=2"},"rttpg_comment":0,"rttpg_category":"<a href=\"https:\/\/arantv.az\/?cat=19\" rel=\"category\">G\u00fcnd\u0259m<\/a>","rttpg_excerpt":"M\u0259lum oldu\u011fu kimi, Prezident \u0130lham \u018fliyev \u201cKredit b\u00fcrolar\u0131 haqq\u0131nda\u201d Qanuna d\u0259yi\u015fiklikl\u0259ri t\u0259sdiql\u0259yib. ARANTV.AZ \u00a0x\u0259b\u0259r verir ki, deputat V\u00fcqar Bayramov sosial \u015f\u0259b\u0259k\u0259 hesab\u0131nda h\u0259min d\u0259yi\u015fiklikl\u0259ri \u015f\u0259rh edib. Parlamentari d\u0259yi\u015fikliy\u0259 \u0259sas\u0259n bildirib ki, Az\u0259rbaycanda nisy\u0259 mal alq\u0131-satq\u0131s\u0131 il\u0259 m\u0259\u015f\u011ful olan h\u00fcquqi \u015f\u0259xsl\u0259r v\u0259 h\u00fcquqi \u015f\u0259xs yaratmadan sahibkarl\u0131q f\u0259aliyy\u0259ti g\u00f6st\u0259r\u0259n fiziki \u015f\u0259xsl\u0259r, t\u0259qvim ili \u0259rzind\u0259 nisy\u0259 sat\u0131\u015f d\u00f6vriyy\u0259l\u0259ri&hellip;","_links":{"self":[{"href":"https:\/\/arantv.az\/index.php?rest_route=\/wp\/v2\/posts\/801525"}],"collection":[{"href":"https:\/\/arantv.az\/index.php?rest_route=\/wp\/v2\/posts"}],"about":[{"href":"https:\/\/arantv.az\/index.php?rest_route=\/wp\/v2\/types\/post"}],"author":[{"embeddable":true,"href":"https:\/\/arantv.az\/index.php?rest_route=\/wp\/v2\/users\/2"}],"replies":[{"embeddable":true,"href":"https:\/\/arantv.az\/index.php?rest_route=%2Fwp%2Fv2%2Fcomments&post=801525"}],"version-history":[{"count":1,"href":"https:\/\/arantv.az\/index.php?rest_route=\/wp\/v2\/posts\/801525\/revisions"}],"predecessor-version":[{"id":801527,"href":"https:\/\/arantv.az\/index.php?rest_route=\/wp\/v2\/posts\/801525\/revisions\/801527"}],"wp:featuredmedia":[{"embeddable":true,"href":"https:\/\/arantv.az\/index.php?rest_route=\/wp\/v2\/media\/801526"}],"wp:attachment":[{"href":"https:\/\/arantv.az\/index.php?rest_route=%2Fwp%2Fv2%2Fmedia&parent=801525"}],"wp:term":[{"taxonomy":"category","embeddable":true,"href":"https:\/\/arantv.az\/index.php?rest_route=%2Fwp%2Fv2%2Fcategories&post=801525"},{"taxonomy":"post_tag","embeddable":true,"href":"https:\/\/arantv.az\/index.php?rest_route=%2Fwp%2Fv2%2Ftags&post=801525"}],"curies":[{"name":"wp","href":"https:\/\/api.w.org\/{rel}","templated":true}]}}