{"id":801531,"date":"2025-04-21T11:50:59","date_gmt":"2025-04-21T07:50:59","guid":{"rendered":"https:\/\/arantv.az\/?p=801531"},"modified":"2025-04-21T11:50:59","modified_gmt":"2025-04-21T07:50:59","slug":"c%c9%99sar%c9%99t-v%c9%99-v%c9%99t%c9%99n-sevgisini-t%c9%99sdiql%c9%99y%c9%99n-movqe","status":"publish","type":"post","link":"https:\/\/arantv.az\/?p=801531","title":{"rendered":"C\u0259sar\u0259t v\u0259 V\u0259t\u0259n sevgisini t\u0259sdiql\u0259y\u0259n m\u00f6vqe"},"content":{"rendered":"<p>M\u00fcasir Az\u0259rbaycan\u0131n qurucusu, Ulu \u00d6nd\u0259rimiz Heyd\u0259r \u018fliyevin tariximizin h\u0259r s\u0259hif\u0259sind\u0259 \u00f6z\u00fcn\u0259m\u0259xsus tarixi \u0259h\u0259miyy\u0259tli add\u0131mlar\u0131 olmu\u015fdur. Az\u0259rbaycan h\u0259l\u0259 SSR\u0130-nin t\u0259rkibind\u0259 olark\u0259n m\u00fcst\u0259qil Az\u0259rbaycan planlar\u0131n\u0131 quran uzaqg\u00f6r\u0259n siyas\u0259t\u00e7inin b\u00fct\u00fcn f\u0259aliyy\u0259ti Az\u0259rbaycan\u00e7\u0131l\u0131q, mill\u0259t\u00e7ilik \u00fcz\u0259rind\u0259 qurulmu\u015fdur. SSR\u0130-d\u0259 r\u0259hb\u0259r v\u0259zif\u0259d\u0259 \u00e7al\u0131\u015fd\u0131\u011f\u0131 zaman h\u0259r f\u00fcrs\u0259td\u0259 Az\u0259rbaycan \u00fc\u00e7\u00fcn b\u00f6y\u00fck i\u015fl\u0259r g\u00f6rm\u00fc\u015f, ald\u0131\u011f\u0131 q\u0259rarlar\u0131n g\u0259l\u0259c\u0259kd\u0259 qurulacaq Az\u0259rbaycan \u00fc\u00e7\u00fcn n\u0259 q\u0259d\u0259r faydal\u0131 olaca\u011f\u0131n\u0131 z\u0259rg\u0259r d\u0259qiqliyi il\u0259 hesablam\u0131\u015fd\u0131r. M\u0259hz, bel\u0259 q\u0259rarlardan biri d\u0259 do\u011fma ana dilimiz-Az\u0259rbaycan dilinin r\u0259smi d\u00f6vl\u0259t dili kimi tan\u0131nmas\u0131 il\u0259 ba\u011fl\u0131 olmu\u015fdur. SSR\u0130-nin t\u0259rkibind\u0259 olan zaman ziyal\u0131lar\u0131m\u0131z, tarix\u00e7i-dil\u00e7i aliml\u0259rimiz t\u0259r\u0259find\u0259n d\u0259f\u0259l\u0259rl\u0259 dilimizin d\u00f6vl\u0259t dili kimi tan\u0131nmas\u0131na c\u0259hd edils\u0259 d\u0259 buna nail olunmam\u0131\u015fd\u0131r.<\/p>\n<p>Ulu \u00d6nd\u0259rimizin Az\u0259rbaycan SSR\u0130-y\u0259 r\u0259hb\u0259rliyi d\u00f6vr\u00fcnd\u0259 1978-ci ild\u0259 Az\u0259rbaycan SSR-nin III Konstitusiyas\u0131 q\u0259bul edilmi\u015fdir. H\u0259min Konstitusiyada \u00f6lk\u0259mizin d\u00f6vl\u0259t dilinin Az\u0259rbaycan dili olmas\u0131 g\u00f6st\u0259rilmi\u015fdir. Bu q\u0259rar h\u0259min d\u00f6vr \u00fc\u00e7\u00fcn Az\u0259rbaycan\u0131n tarixi-siyasi q\u0259l\u0259b\u0259si hesab olunurdu. SSR\u0130-nin t\u0259rkibind\u0259 olan on be\u015f d\u00f6vl\u0259td\u0259n c\u0259mi \u00fc\u00e7 d\u00f6vl\u0259tin konstitusiyas\u0131nda d\u00f6vl\u0259t dilinin \u00f6z ana dili olmas\u0131 il\u0259 ba\u011fl\u0131 q\u0259rar olmu\u015fdur. Bu d\u00f6vl\u0259tl\u0259rin s\u0131ras\u0131nda Az\u0259rbaycan\u0131n da olmas\u0131 v\u0259t\u0259nimizin milli \u0259qid\u0259li o\u011flu, t\u00fcrk d\u00fcnyas\u0131n\u0131n f\u0259xri, d\u00fcnya siyas\u0259t\u00e7il\u0259rinin hesabla\u015fd\u0131\u011f\u0131 Qurucu Prezident Heyd\u0259r \u018fliyev say\u0259sind\u0259 olmu\u015fdur. \u00d6z \u00e7\u0131x\u0131\u015flar\u0131nda d\u0259f\u0259l\u0259rl\u0259 dilimizin \u0259h\u0259miyy\u0259tind\u0259n b\u0259hs ed\u0259n,\u00a0 h\u0259r bir mill\u0259tin \u00f6z ana dilind\u0259 t\u0259hsil almaq h\u00fcququnun oldu\u011funu bildir\u0259n ulu \u00f6nd\u0259rimiz h\u0259r zaman dilimizl\u0259 f\u0259xr etm\u0259li oldu\u011fumuzu g\u0259l\u0259c\u0259k n\u0259sill\u0259r\u0259 bildirmi\u015fdir.<\/p>\n<p>Nitql\u0259rind\u0259 T\u00fcrk dill\u0259ri qrupuna aid olan iyirmi \u00fc\u00e7 dil i\u00e7\u0259risind\u0259 \u0259n z\u0259ngin dilin Az\u0259rbaycan dili oldu\u011funu q\u00fcrurla vur\u011fulam\u0131\u015f v\u0259 mill\u0259timizin bu dili qoruyub ya\u015fatma\u011fa borclu oldu\u011funu bildirmi\u015fdir. Mill\u0259tin var olmas\u0131 \u00fc\u00e7\u00fcn onun dili, dilin var olmas\u0131 \u00fc\u00e7\u00fcn mill\u0259t var olmal\u0131d\u0131r. Bizl\u0259rin d\u0259 v\u0259t\u0259nda\u015f, mill\u0259t olaraq borcu s\u0259l\u0259fl\u0259rimizd\u0259n \u0259man\u0259t olan bu dili qorumaq, ya\u015fatmaqd\u0131r.<\/p>\n<p><em><strong>G\u00fclg\u00fcn H\u0259\u015fimova,<br \/>\nBak\u0131 \u015f\u0259h\u0259r, X\u0259tai rayonu, \u018f.\u018fliyev ad\u0131na 204 n\u00f6mr\u0259li tam orta m\u0259kt\u0259bin m\u00fc\u0259llimi<\/strong><\/em><\/p>\n","protected":false},"excerpt":{"rendered":"<p>M\u00fcasir Az\u0259rbaycan\u0131n qurucusu, Ulu \u00d6nd\u0259rimiz Heyd\u0259r \u018fliyevin tariximizin h\u0259r s\u0259hif\u0259sind\u0259 \u00f6z\u00fcn\u0259m\u0259xsus tarixi \u0259h\u0259miyy\u0259tli add\u0131mlar\u0131 olmu\u015fdur. Az\u0259rbaycan h\u0259l\u0259 SSR\u0130-nin t\u0259rkibind\u0259 olark\u0259n m\u00fcst\u0259qil Az\u0259rbaycan planlar\u0131n\u0131 quran uzaqg\u00f6r\u0259n siyas\u0259t\u00e7inin b\u00fct\u00fcn f\u0259aliyy\u0259ti Az\u0259rbaycan\u00e7\u0131l\u0131q, mill\u0259t\u00e7ilik \u00fcz\u0259rind\u0259 qurulmu\u015fdur. SSR\u0130-d\u0259 r\u0259hb\u0259r v\u0259zif\u0259d\u0259 \u00e7al\u0131\u015fd\u0131\u011f\u0131 zaman h\u0259r f\u00fcrs\u0259td\u0259 Az\u0259rbaycan \u00fc\u00e7\u00fcn b\u00f6y\u00fck i\u015fl\u0259r g\u00f6rm\u00fc\u015f, ald\u0131\u011f\u0131 q\u0259rarlar\u0131n g\u0259l\u0259c\u0259kd\u0259 qurulacaq Az\u0259rbaycan \u00fc\u00e7\u00fcn n\u0259 q\u0259d\u0259r faydal\u0131 olaca\u011f\u0131n\u0131 z\u0259rg\u0259r d\u0259qiqliyi il\u0259 hesablam\u0131\u015fd\u0131r. M\u0259hz, bel\u0259 q\u0259rarlardan biri d\u0259 do\u011fma ana dilimiz-Az\u0259rbaycan dilinin r\u0259smi d\u00f6vl\u0259t dili kimi tan\u0131nmas\u0131 il\u0259 ba\u011fl\u0131 olmu\u015fdur. SSR\u0130-nin t\u0259rkibind\u0259 olan zaman ziyal\u0131lar\u0131m\u0131z, tarix\u00e7i-dil\u00e7i aliml\u0259rimiz t\u0259r\u0259find\u0259n d\u0259f\u0259l\u0259rl\u0259 dilimizin d\u00f6vl\u0259t dili kimi tan\u0131nmas\u0131na c\u0259hd&hellip;<\/p>\n","protected":false},"author":2,"featured_media":801532,"comment_status":"closed","ping_status":"closed","sticky":false,"template":"","format":"standard","meta":{"om_disable_all_campaigns":false,"_monsterinsights_skip_tracking":false,"_monsterinsights_sitenote_active":false,"_monsterinsights_sitenote_note":"","_monsterinsights_sitenote_category":0},"categories":[1],"tags":[],"aioseo_notices":[],"gutentor_comment":0,"rttpg_featured_image_url":{"full":["https:\/\/arantv.az\/wp-content\/uploads\/2025\/04\/edb446b6157622198956148823010774898.jpg",975,540,false],"landscape":["https:\/\/arantv.az\/wp-content\/uploads\/2025\/04\/edb446b6157622198956148823010774898.jpg",975,540,false],"portraits":["https:\/\/arantv.az\/wp-content\/uploads\/2025\/04\/edb446b6157622198956148823010774898.jpg",975,540,false],"thumbnail":["https:\/\/arantv.az\/wp-content\/uploads\/2025\/04\/edb446b6157622198956148823010774898-500x280.jpg",500,280,true],"medium":["https:\/\/arantv.az\/wp-content\/uploads\/2025\/04\/edb446b6157622198956148823010774898-660x365.jpg",660,365,true],"large":["https:\/\/arantv.az\/wp-content\/uploads\/2025\/04\/edb446b6157622198956148823010774898-840x465.jpg",640,354,true],"1536x1536":["https:\/\/arantv.az\/wp-content\/uploads\/2025\/04\/edb446b6157622198956148823010774898.jpg",975,540,false],"2048x2048":["https:\/\/arantv.az\/wp-content\/uploads\/2025\/04\/edb446b6157622198956148823010774898.jpg",975,540,false],"post-thumbnail":["https:\/\/arantv.az\/wp-content\/uploads\/2025\/04\/edb446b6157622198956148823010774898-240x172.jpg",240,172,true],"advps-thumb-one":["https:\/\/arantv.az\/wp-content\/uploads\/2025\/04\/edb446b6157622198956148823010774898.jpg",975,540,false]},"rttpg_author":{"display_name":"V\u00fcsal Rafiqo\u011flu","author_link":"https:\/\/arantv.az\/?author=2"},"rttpg_comment":0,"rttpg_category":"<a href=\"https:\/\/arantv.az\/?cat=1\" rel=\"category\">C\u0259miyy\u0259t<\/a>","rttpg_excerpt":"M\u00fcasir Az\u0259rbaycan\u0131n qurucusu, Ulu \u00d6nd\u0259rimiz Heyd\u0259r \u018fliyevin tariximizin h\u0259r s\u0259hif\u0259sind\u0259 \u00f6z\u00fcn\u0259m\u0259xsus tarixi \u0259h\u0259miyy\u0259tli add\u0131mlar\u0131 olmu\u015fdur. Az\u0259rbaycan h\u0259l\u0259 SSR\u0130-nin t\u0259rkibind\u0259 olark\u0259n m\u00fcst\u0259qil Az\u0259rbaycan planlar\u0131n\u0131 quran uzaqg\u00f6r\u0259n siyas\u0259t\u00e7inin b\u00fct\u00fcn f\u0259aliyy\u0259ti Az\u0259rbaycan\u00e7\u0131l\u0131q, mill\u0259t\u00e7ilik \u00fcz\u0259rind\u0259 qurulmu\u015fdur. SSR\u0130-d\u0259 r\u0259hb\u0259r v\u0259zif\u0259d\u0259 \u00e7al\u0131\u015fd\u0131\u011f\u0131 zaman h\u0259r f\u00fcrs\u0259td\u0259 Az\u0259rbaycan \u00fc\u00e7\u00fcn b\u00f6y\u00fck i\u015fl\u0259r g\u00f6rm\u00fc\u015f, ald\u0131\u011f\u0131 q\u0259rarlar\u0131n g\u0259l\u0259c\u0259kd\u0259 qurulacaq Az\u0259rbaycan \u00fc\u00e7\u00fcn n\u0259 q\u0259d\u0259r faydal\u0131 olaca\u011f\u0131n\u0131 z\u0259rg\u0259r&hellip;","_links":{"self":[{"href":"https:\/\/arantv.az\/index.php?rest_route=\/wp\/v2\/posts\/801531"}],"collection":[{"href":"https:\/\/arantv.az\/index.php?rest_route=\/wp\/v2\/posts"}],"about":[{"href":"https:\/\/arantv.az\/index.php?rest_route=\/wp\/v2\/types\/post"}],"author":[{"embeddable":true,"href":"https:\/\/arantv.az\/index.php?rest_route=\/wp\/v2\/users\/2"}],"replies":[{"embeddable":true,"href":"https:\/\/arantv.az\/index.php?rest_route=%2Fwp%2Fv2%2Fcomments&post=801531"}],"version-history":[{"count":1,"href":"https:\/\/arantv.az\/index.php?rest_route=\/wp\/v2\/posts\/801531\/revisions"}],"predecessor-version":[{"id":801533,"href":"https:\/\/arantv.az\/index.php?rest_route=\/wp\/v2\/posts\/801531\/revisions\/801533"}],"wp:featuredmedia":[{"embeddable":true,"href":"https:\/\/arantv.az\/index.php?rest_route=\/wp\/v2\/media\/801532"}],"wp:attachment":[{"href":"https:\/\/arantv.az\/index.php?rest_route=%2Fwp%2Fv2%2Fmedia&parent=801531"}],"wp:term":[{"taxonomy":"category","embeddable":true,"href":"https:\/\/arantv.az\/index.php?rest_route=%2Fwp%2Fv2%2Fcategories&post=801531"},{"taxonomy":"post_tag","embeddable":true,"href":"https:\/\/arantv.az\/index.php?rest_route=%2Fwp%2Fv2%2Ftags&post=801531"}],"curies":[{"name":"wp","href":"https:\/\/api.w.org\/{rel}","templated":true}]}}