{"id":801534,"date":"2025-04-21T11:54:05","date_gmt":"2025-04-21T07:54:05","guid":{"rendered":"https:\/\/arantv.az\/?p=801534"},"modified":"2025-04-21T11:54:05","modified_gmt":"2025-04-21T07:54:05","slug":"h%c9%99rbi-xidm%c9%99ti-basa-vuran-s%c9%99rh%c9%99dci-%c9%99sg%c9%99rl%c9%99r-ehtiyata-buraxiliblar","status":"publish","type":"post","link":"https:\/\/arantv.az\/?p=801534","title":{"rendered":"H\u0259rbi xidm\u0259ti ba\u015fa vuran s\u0259rh\u0259d\u00e7i \u0259sg\u0259rl\u0259r ehtiyata burax\u0131l\u0131blar"},"content":{"rendered":"<div class=\"entry-meta\">\n<p>&nbsp;<\/p>\n<\/div>\n<div class=\"news-gallery society\">\n<div class=\"fotorama-gallery fotorama fotorama1745221914666\">\n<div class=\"fotorama__wrap fotorama__wrap--css3 fotorama__wrap--slide fotorama__wrap--toggle-arrows fotorama__wrap--no-controls\">\n<div class=\"fotorama__stage fotorama__pointer\">\n<div class=\"fotorama__stage__shaft\">\n<div class=\"fotorama__stage__frame fotorama__loaded fotorama__loaded--img\"><img class=\"fotorama__img\" src=\"https:\/\/azertag.az\/files\/galleryphoto\/2025\/1\/1200x630\/17452173854796758663_1200x630.jpg\" \/><\/div>\n<\/div>\n<\/div>\n<div class=\"fotorama__nav-wrap\">\n<div class=\"fotorama__nav fotorama__nav--thumbs\">\n<div class=\"fotorama__nav__shaft\">\n<div class=\"fotorama__nav__frame fotorama__nav__frame--thumb\" tabindex=\"0\" role=\"button\">\n<div class=\"fotorama__thumb fotorama__loaded fotorama__loaded--img\"><img class=\"fotorama__img\" src=\"https:\/\/azertag.az\/files\/galleryphoto\/2025\/1\/1200x630\/17452173853353855388_1200x630.jpg\" \/><\/div>\n<\/div>\n<div class=\"fotorama__nav__frame fotorama__nav__frame--thumb\" tabindex=\"0\" role=\"button\">\n<div class=\"fotorama__thumb fotorama__loaded fotorama__loaded--img\"><img class=\"fotorama__img\" src=\"https:\/\/azertag.az\/files\/galleryphoto\/2025\/1\/1200x630\/17452173856519015741_1200x630.jpg\" \/><\/div>\n<\/div>\n<div class=\"fotorama__nav__frame fotorama__nav__frame--thumb\" tabindex=\"0\" role=\"button\">\n<div class=\"fotorama__thumb fotorama__loaded fotorama__loaded--img\"><img class=\"fotorama__img\" src=\"https:\/\/azertag.az\/files\/galleryphoto\/2025\/1\/1200x630\/17452173852870037848_1200x630.jpg\" \/><\/div>\n<\/div>\n<\/div>\n<\/div>\n<\/div>\n<\/div>\n<\/div>\n<\/div>\n<div class=\"news-body\">\n<p>&nbsp;<\/p>\n<p>D\u00f6vl\u0259t S\u0259rh\u0259d Xidm\u0259tinin struktur qurumlar\u0131nda v\u0259 h\u0259rbi hiss\u0259l\u0259rind\u0259 Az\u0259rbaycan Respublikas\u0131n\u0131n Prezidenti, Silahl\u0131 Q\u00fcvv\u0259l\u0259rin M\u00fcz\u0259ff\u0259r Ali Ba\u015f Komandan\u0131 \u0130lham \u018fliyevin m\u00fcvafiq S\u0259r\u0259ncam\u0131na \u0259sas\u0259n m\u00fcdd\u0259tli h\u0259qiqi h\u0259rbi xidm\u0259ti ba\u015fa vuran h\u0259rbi qulluq\u00e7ular\u0131n Silahl\u0131 Q\u00fcvv\u0259l\u0259rin ehtiyat\u0131na burax\u0131lmas\u0131 h\u0259yata ke\u00e7irilir.<\/p>\n<p>D\u00f6vl\u0259t S\u0259rh\u0259d Xidm\u0259tinin M\u0259tbuat M\u0259rk\u0259zind\u0259n\u00a0<a class=\"azertac-link\" href=\"https:\/\/azertag.az\/\" target=\"_blank\" rel=\"noopener\">AZ\u018fRTAC<\/a>-a veril\u0259n m\u0259lumata g\u00f6r\u0259, h\u0259rbi hiss\u0259l\u0259rin D\u00f6y\u00fc\u015f bayra\u011f\u0131n\u0131n s\u0131ra meydan\u0131na g\u0259tirilm\u0259si il\u0259 ba\u015flayan t\u0259dbirl\u0259rd\u0259 D\u00f6vl\u0259t Himni s\u0259sl\u0259ndirilib, \u00dcmummilli Lider Heyd\u0259r \u018fliyevin v\u0259 \u015f\u0259hidl\u0259rin \u0259ziz xatir\u0259si bir d\u0259qiq\u0259lik s\u00fckutla yad edilib.<\/p>\n<p>Bildirilib ki, M\u00fcz\u0259ff\u0259r Ali Ba\u015f Komandan\u0131n r\u0259hb\u0259rliyi il\u0259 qazan\u0131lan \u015fanl\u0131 Z\u0259f\u0259rd\u0259n sonra d\u00f6vl\u0259t s\u0259rh\u0259dinin m\u00fchafiz\u0259si v\u0259 m\u00fcdafi\u0259si kimi ali v\u0259zif\u0259ni yerin\u0259 yetirm\u0259k h\u0259r bir s\u0259rh\u0259d\u00e7i \u00fc\u00e7\u00fcn b\u00f6y\u00fck q\u00fcrurdur.<\/p>\n<p>Xidm\u0259ti borclar\u0131n\u0131 l\u0259yaq\u0259tl\u0259 ba\u015fa vuraraq ehtiyata burax\u0131lan m\u00fcdd\u0259tli h\u0259qiqi h\u0259rbi xidm\u0259t h\u0259rbi qulluq\u00e7ular\u0131na V\u0259t\u0259n\u0259 s\u0259daq\u0259tl\u0259 xidm\u0259t etdikl\u0259rin\u0259 v\u0259 qar\u015f\u0131ya qoyulmu\u015f tap\u015f\u0131r\u0131qlar\u0131 n\u00fcmun\u0259vi \u015f\u0259kild\u0259 yerin\u0259 yetirdikl\u0259rin\u0259 g\u00f6r\u0259 t\u0259\u015f\u0259kk\u00fcr edilib.<\/p>\n<p>T\u0259dbirl\u0259rin sonunda xidm\u0259td\u0259 f\u0259rql\u0259n\u0259nl\u0259r t\u0259ltif olunub, \u015f\u0259xsi hey\u0259tl\u0259 xatir\u0259 foto\u015f\u0259kill\u0259ri \u00e7\u0259kilmi\u015f v\u0259 s\u0259rh\u0259d\u00e7i \u0259sg\u0259rl\u0259r t\u0259nt\u0259n\u0259li \u015f\u0259kild\u0259 yola sal\u0131n\u0131b.<\/p>\n<\/div>\n","protected":false},"excerpt":{"rendered":"<p>&nbsp; &nbsp; D\u00f6vl\u0259t S\u0259rh\u0259d Xidm\u0259tinin struktur qurumlar\u0131nda v\u0259 h\u0259rbi hiss\u0259l\u0259rind\u0259 Az\u0259rbaycan Respublikas\u0131n\u0131n Prezidenti, Silahl\u0131 Q\u00fcvv\u0259l\u0259rin M\u00fcz\u0259ff\u0259r Ali Ba\u015f Komandan\u0131 \u0130lham \u018fliyevin m\u00fcvafiq S\u0259r\u0259ncam\u0131na \u0259sas\u0259n m\u00fcdd\u0259tli h\u0259qiqi h\u0259rbi xidm\u0259ti ba\u015fa vuran h\u0259rbi qulluq\u00e7ular\u0131n Silahl\u0131 Q\u00fcvv\u0259l\u0259rin ehtiyat\u0131na burax\u0131lmas\u0131 h\u0259yata ke\u00e7irilir. D\u00f6vl\u0259t S\u0259rh\u0259d Xidm\u0259tinin M\u0259tbuat M\u0259rk\u0259zind\u0259n\u00a0AZ\u018fRTAC-a veril\u0259n m\u0259lumata g\u00f6r\u0259, h\u0259rbi hiss\u0259l\u0259rin D\u00f6y\u00fc\u015f bayra\u011f\u0131n\u0131n s\u0131ra meydan\u0131na g\u0259tirilm\u0259si il\u0259 ba\u015flayan t\u0259dbirl\u0259rd\u0259 D\u00f6vl\u0259t Himni s\u0259sl\u0259ndirilib, \u00dcmummilli Lider Heyd\u0259r \u018fliyevin v\u0259 \u015f\u0259hidl\u0259rin \u0259ziz xatir\u0259si bir d\u0259qiq\u0259lik s\u00fckutla yad edilib. Bildirilib ki, M\u00fcz\u0259ff\u0259r Ali Ba\u015f Komandan\u0131n r\u0259hb\u0259rliyi il\u0259 qazan\u0131lan \u015fanl\u0131 Z\u0259f\u0259rd\u0259n sonra d\u00f6vl\u0259t s\u0259rh\u0259dinin m\u00fchafiz\u0259si v\u0259 m\u00fcdafi\u0259si kimi&hellip;<\/p>\n","protected":false},"author":2,"featured_media":801535,"comment_status":"closed","ping_status":"closed","sticky":false,"template":"","format":"standard","meta":{"om_disable_all_campaigns":false,"_monsterinsights_skip_tracking":false,"_monsterinsights_sitenote_active":false,"_monsterinsights_sitenote_note":"","_monsterinsights_sitenote_category":0},"categories":[1],"tags":[],"aioseo_notices":[],"gutentor_comment":0,"rttpg_featured_image_url":{"full":["https:\/\/arantv.az\/wp-content\/uploads\/2025\/04\/1745217370623881958_1200x630.jpg",923,630,false],"landscape":["https:\/\/arantv.az\/wp-content\/uploads\/2025\/04\/1745217370623881958_1200x630.jpg",923,630,false],"portraits":["https:\/\/arantv.az\/wp-content\/uploads\/2025\/04\/1745217370623881958_1200x630.jpg",923,630,false],"thumbnail":["https:\/\/arantv.az\/wp-content\/uploads\/2025\/04\/1745217370623881958_1200x630-500x280.jpg",500,280,true],"medium":["https:\/\/arantv.az\/wp-content\/uploads\/2025\/04\/1745217370623881958_1200x630-535x365.jpg",535,365,true],"large":["https:\/\/arantv.az\/wp-content\/uploads\/2025\/04\/1745217370623881958_1200x630-840x573.jpg",640,437,true],"1536x1536":["https:\/\/arantv.az\/wp-content\/uploads\/2025\/04\/1745217370623881958_1200x630.jpg",923,630,false],"2048x2048":["https:\/\/arantv.az\/wp-content\/uploads\/2025\/04\/1745217370623881958_1200x630.jpg",923,630,false],"post-thumbnail":["https:\/\/arantv.az\/wp-content\/uploads\/2025\/04\/1745217370623881958_1200x630-240x172.jpg",240,172,true],"advps-thumb-one":["https:\/\/arantv.az\/wp-content\/uploads\/2025\/04\/1745217370623881958_1200x630-923x620.jpg",923,620,true]},"rttpg_author":{"display_name":"V\u00fcsal Rafiqo\u011flu","author_link":"https:\/\/arantv.az\/?author=2"},"rttpg_comment":0,"rttpg_category":"<a href=\"https:\/\/arantv.az\/?cat=1\" rel=\"category\">C\u0259miyy\u0259t<\/a>","rttpg_excerpt":"&nbsp; &nbsp; D\u00f6vl\u0259t S\u0259rh\u0259d Xidm\u0259tinin struktur qurumlar\u0131nda v\u0259 h\u0259rbi hiss\u0259l\u0259rind\u0259 Az\u0259rbaycan Respublikas\u0131n\u0131n Prezidenti, Silahl\u0131 Q\u00fcvv\u0259l\u0259rin M\u00fcz\u0259ff\u0259r Ali Ba\u015f Komandan\u0131 \u0130lham \u018fliyevin m\u00fcvafiq S\u0259r\u0259ncam\u0131na \u0259sas\u0259n m\u00fcdd\u0259tli h\u0259qiqi h\u0259rbi xidm\u0259ti ba\u015fa vuran h\u0259rbi qulluq\u00e7ular\u0131n Silahl\u0131 Q\u00fcvv\u0259l\u0259rin ehtiyat\u0131na burax\u0131lmas\u0131 h\u0259yata ke\u00e7irilir. D\u00f6vl\u0259t S\u0259rh\u0259d Xidm\u0259tinin M\u0259tbuat M\u0259rk\u0259zind\u0259n\u00a0AZ\u018fRTAC-a veril\u0259n m\u0259lumata g\u00f6r\u0259, h\u0259rbi hiss\u0259l\u0259rin D\u00f6y\u00fc\u015f bayra\u011f\u0131n\u0131n s\u0131ra meydan\u0131na g\u0259tirilm\u0259si il\u0259 ba\u015flayan&hellip;","_links":{"self":[{"href":"https:\/\/arantv.az\/index.php?rest_route=\/wp\/v2\/posts\/801534"}],"collection":[{"href":"https:\/\/arantv.az\/index.php?rest_route=\/wp\/v2\/posts"}],"about":[{"href":"https:\/\/arantv.az\/index.php?rest_route=\/wp\/v2\/types\/post"}],"author":[{"embeddable":true,"href":"https:\/\/arantv.az\/index.php?rest_route=\/wp\/v2\/users\/2"}],"replies":[{"embeddable":true,"href":"https:\/\/arantv.az\/index.php?rest_route=%2Fwp%2Fv2%2Fcomments&post=801534"}],"version-history":[{"count":1,"href":"https:\/\/arantv.az\/index.php?rest_route=\/wp\/v2\/posts\/801534\/revisions"}],"predecessor-version":[{"id":801536,"href":"https:\/\/arantv.az\/index.php?rest_route=\/wp\/v2\/posts\/801534\/revisions\/801536"}],"wp:featuredmedia":[{"embeddable":true,"href":"https:\/\/arantv.az\/index.php?rest_route=\/wp\/v2\/media\/801535"}],"wp:attachment":[{"href":"https:\/\/arantv.az\/index.php?rest_route=%2Fwp%2Fv2%2Fmedia&parent=801534"}],"wp:term":[{"taxonomy":"category","embeddable":true,"href":"https:\/\/arantv.az\/index.php?rest_route=%2Fwp%2Fv2%2Fcategories&post=801534"},{"taxonomy":"post_tag","embeddable":true,"href":"https:\/\/arantv.az\/index.php?rest_route=%2Fwp%2Fv2%2Ftags&post=801534"}],"curies":[{"name":"wp","href":"https:\/\/api.w.org\/{rel}","templated":true}]}}