{"id":801541,"date":"2025-04-21T12:13:27","date_gmt":"2025-04-21T08:13:27","guid":{"rendered":"https:\/\/arantv.az\/?p=801541"},"modified":"2025-04-21T12:13:27","modified_gmt":"2025-04-21T08:13:27","slug":"roma-papasi-oldu","status":"publish","type":"post","link":"https:\/\/arantv.az\/?p=801541","title":{"rendered":"Roma Papas\u0131 \u00d6LD\u00dc"},"content":{"rendered":"<p><strong>Vatikan\u0131n yayd\u0131\u011f\u0131 r\u0259smi m\u0259lumata g\u00f6r\u0259, Katolik Kils\u0259sinin ba\u015f\u00e7\u0131s\u0131, Roma yepiskopu Papa Fransisk 88 ya\u015f\u0131nda v\u0259fat edib.<\/strong><\/p>\n<p><strong>ARANTV.AZ <\/strong>\u00a0\u201cSky News\u201da istinadla x\u0259b\u0259r verir ki, 2013-c\u00fc ild\u0259 \u0259vv\u0259lki Papa XVI Benediktin istefas\u0131ndan sonra Papa se\u00e7il\u0259n Fransisk, son ill\u0259rd\u0259 s\u0259hh\u0259ti il\u0259 ba\u011fl\u0131 bir ne\u00e7\u0259 d\u0259f\u0259 x\u0259st\u0259xanaya yerl\u0259\u015fdirilmi\u015fdi. Onun pontifikliyi d\u00f6vr\u00fcnd\u0259 sa\u011flaml\u0131q v\u0259ziyy\u0259ti il\u0259 ba\u011fl\u0131 narahatl\u0131qlar tez-tez g\u00fcnd\u0259m\u0259 g\u0259lirdi.<\/p>\n<p>Qeyd ed\u0259k ki, bu ilin 14 fevral\u0131nda Papa Fransisk bronxit m\u00fcalic\u0259si \u00fc\u00e7\u00fcn x\u0259st\u0259xanaya yerl\u0259\u015fdirilmi\u015fdi.<\/p>\n","protected":false},"excerpt":{"rendered":"<p>Vatikan\u0131n yayd\u0131\u011f\u0131 r\u0259smi m\u0259lumata g\u00f6r\u0259, Katolik Kils\u0259sinin ba\u015f\u00e7\u0131s\u0131, Roma yepiskopu Papa Fransisk 88 ya\u015f\u0131nda v\u0259fat edib. ARANTV.AZ \u00a0\u201cSky News\u201da istinadla x\u0259b\u0259r verir ki, 2013-c\u00fc ild\u0259 \u0259vv\u0259lki Papa XVI Benediktin istefas\u0131ndan sonra Papa se\u00e7il\u0259n Fransisk, son ill\u0259rd\u0259 s\u0259hh\u0259ti il\u0259 ba\u011fl\u0131 bir ne\u00e7\u0259 d\u0259f\u0259 x\u0259st\u0259xanaya yerl\u0259\u015fdirilmi\u015fdi. Onun pontifikliyi d\u00f6vr\u00fcnd\u0259 sa\u011flaml\u0131q v\u0259ziyy\u0259ti il\u0259 ba\u011fl\u0131 narahatl\u0131qlar tez-tez g\u00fcnd\u0259m\u0259 g\u0259lirdi. Qeyd ed\u0259k ki, bu ilin 14 fevral\u0131nda Papa Fransisk bronxit m\u00fcalic\u0259si \u00fc\u00e7\u00fcn x\u0259st\u0259xanaya yerl\u0259\u015fdirilmi\u015fdi.<\/p>\n","protected":false},"author":2,"featured_media":801542,"comment_status":"closed","ping_status":"closed","sticky":false,"template":"","format":"standard","meta":{"om_disable_all_campaigns":false,"_monsterinsights_skip_tracking":false,"_monsterinsights_sitenote_active":false,"_monsterinsights_sitenote_note":"","_monsterinsights_sitenote_category":0},"categories":[7],"tags":[],"aioseo_notices":[],"gutentor_comment":0,"rttpg_featured_image_url":{"full":["https:\/\/arantv.az\/wp-content\/uploads\/2025\/04\/fbec6c08907f3e8a0f01865e3e28904d.jpg",870,500,false],"landscape":["https:\/\/arantv.az\/wp-content\/uploads\/2025\/04\/fbec6c08907f3e8a0f01865e3e28904d.jpg",870,500,false],"portraits":["https:\/\/arantv.az\/wp-content\/uploads\/2025\/04\/fbec6c08907f3e8a0f01865e3e28904d.jpg",870,500,false],"thumbnail":["https:\/\/arantv.az\/wp-content\/uploads\/2025\/04\/fbec6c08907f3e8a0f01865e3e28904d-500x280.jpg",500,280,true],"medium":["https:\/\/arantv.az\/wp-content\/uploads\/2025\/04\/fbec6c08907f3e8a0f01865e3e28904d-635x365.jpg",635,365,true],"large":["https:\/\/arantv.az\/wp-content\/uploads\/2025\/04\/fbec6c08907f3e8a0f01865e3e28904d-840x483.jpg",640,368,true],"1536x1536":["https:\/\/arantv.az\/wp-content\/uploads\/2025\/04\/fbec6c08907f3e8a0f01865e3e28904d.jpg",870,500,false],"2048x2048":["https:\/\/arantv.az\/wp-content\/uploads\/2025\/04\/fbec6c08907f3e8a0f01865e3e28904d.jpg",870,500,false],"post-thumbnail":["https:\/\/arantv.az\/wp-content\/uploads\/2025\/04\/fbec6c08907f3e8a0f01865e3e28904d-240x172.jpg",240,172,true],"advps-thumb-one":["https:\/\/arantv.az\/wp-content\/uploads\/2025\/04\/fbec6c08907f3e8a0f01865e3e28904d.jpg",870,500,false]},"rttpg_author":{"display_name":"V\u00fcsal Rafiqo\u011flu","author_link":"https:\/\/arantv.az\/?author=2"},"rttpg_comment":0,"rttpg_category":"<a href=\"https:\/\/arantv.az\/?cat=7\" rel=\"category\">D\u00fcnya<\/a>","rttpg_excerpt":"Vatikan\u0131n yayd\u0131\u011f\u0131 r\u0259smi m\u0259lumata g\u00f6r\u0259, Katolik Kils\u0259sinin ba\u015f\u00e7\u0131s\u0131, Roma yepiskopu Papa Fransisk 88 ya\u015f\u0131nda v\u0259fat edib. ARANTV.AZ \u00a0\u201cSky News\u201da istinadla x\u0259b\u0259r verir ki, 2013-c\u00fc ild\u0259 \u0259vv\u0259lki Papa XVI Benediktin istefas\u0131ndan sonra Papa se\u00e7il\u0259n Fransisk, son ill\u0259rd\u0259 s\u0259hh\u0259ti il\u0259 ba\u011fl\u0131 bir ne\u00e7\u0259 d\u0259f\u0259 x\u0259st\u0259xanaya yerl\u0259\u015fdirilmi\u015fdi. Onun pontifikliyi d\u00f6vr\u00fcnd\u0259 sa\u011flaml\u0131q v\u0259ziyy\u0259ti il\u0259 ba\u011fl\u0131 narahatl\u0131qlar tez-tez g\u00fcnd\u0259m\u0259 g\u0259lirdi.&hellip;","_links":{"self":[{"href":"https:\/\/arantv.az\/index.php?rest_route=\/wp\/v2\/posts\/801541"}],"collection":[{"href":"https:\/\/arantv.az\/index.php?rest_route=\/wp\/v2\/posts"}],"about":[{"href":"https:\/\/arantv.az\/index.php?rest_route=\/wp\/v2\/types\/post"}],"author":[{"embeddable":true,"href":"https:\/\/arantv.az\/index.php?rest_route=\/wp\/v2\/users\/2"}],"replies":[{"embeddable":true,"href":"https:\/\/arantv.az\/index.php?rest_route=%2Fwp%2Fv2%2Fcomments&post=801541"}],"version-history":[{"count":1,"href":"https:\/\/arantv.az\/index.php?rest_route=\/wp\/v2\/posts\/801541\/revisions"}],"predecessor-version":[{"id":801543,"href":"https:\/\/arantv.az\/index.php?rest_route=\/wp\/v2\/posts\/801541\/revisions\/801543"}],"wp:featuredmedia":[{"embeddable":true,"href":"https:\/\/arantv.az\/index.php?rest_route=\/wp\/v2\/media\/801542"}],"wp:attachment":[{"href":"https:\/\/arantv.az\/index.php?rest_route=%2Fwp%2Fv2%2Fmedia&parent=801541"}],"wp:term":[{"taxonomy":"category","embeddable":true,"href":"https:\/\/arantv.az\/index.php?rest_route=%2Fwp%2Fv2%2Fcategories&post=801541"},{"taxonomy":"post_tag","embeddable":true,"href":"https:\/\/arantv.az\/index.php?rest_route=%2Fwp%2Fv2%2Ftags&post=801541"}],"curies":[{"name":"wp","href":"https:\/\/api.w.org\/{rel}","templated":true}]}}