{"id":801548,"date":"2025-04-21T13:06:35","date_gmt":"2025-04-21T09:06:35","guid":{"rendered":"https:\/\/arantv.az\/?p=801548"},"modified":"2025-04-21T13:06:35","modified_gmt":"2025-04-21T09:06:35","slug":"papa-fransiskin-h%c9%99yati-t%c9%99mizlikci-muhafiz%c9%99ci-kimi-isl%c9%99yib","status":"publish","type":"post","link":"https:\/\/arantv.az\/?p=801548","title":{"rendered":"Papa Fransiskin h\u0259yat\u0131- T\u0259mizlik\u00e7i, m\u00fchafiz\u0259\u00e7i kimi i\u015fl\u0259yib&#8230;"},"content":{"rendered":"<p><strong>Papa Fransisk- \u0259sl ad\u0131 \u00a0Xorxe Mario Berqolyo, 17 dekabr 1936-c\u0131 ild\u0259 Buenos Ayresd\u0259, \u0130talyan k\u00f6\u00e7k\u00fcn ail\u0259sind\u0259 d\u00fcnyaya g\u0259lib.<\/strong><\/p>\n<p>G\u0259ncliyind\u0259 t\u0259mizlik\u00e7i v\u0259 m\u00fchafiz\u0259\u00e7i kimi i\u015fl\u0259yib, daha sonra kimya \u00fczr\u0259 t\u0259hsil alaraq laboratoriyada \u00e7al\u0131\u015f\u0131b. 1958-ci ild\u0259 \u0130sa C\u0259miyy\u0259tin\u0259 (yezuitsl\u0259r) qo\u015fulub v\u0259 1969-cu ild\u0259 katolik ke\u015fi\u015fi kimi t\u0259yin olunub. 1998-ci ild\u0259 Buenos Ayres arxiyepiskopu, 2001-ci ild\u0259 is\u0259 kardinal t\u0259yin edilib.<\/p>\n<p>2013-c\u00fc ilin mart\u0131nda Papa XVI Benediktin istefas\u0131ndan sonra ke\u00e7iril\u0259n konklavda se\u00e7il\u0259r\u0259k 266-c\u0131 papa oldu. O, ilk C\u0259nubi Amerikal\u0131, ilk yezuit v\u0259 VIII \u0259srd\u0259n b\u0259ri Avropa xaricind\u0259n se\u00e7il\u0259n ilk papa idi.<\/p>\n<p>Papa Fransisk Katolik Kils\u0259sind\u0259 bir s\u0131ra islahatlara imza atd\u0131. O, kils\u0259nin daha \u015f\u0259ffaf v\u0259 \u0259dal\u0259tli olmas\u0131 \u00fc\u00e7\u00fcn \u00e7al\u0131\u015fd\u0131, maliyy\u0259 islahatlar\u0131 h\u0259yata ke\u00e7irdi v\u0259 cinsi istismar skandallar\u0131na qar\u015f\u0131 s\u0259rt m\u00f6vqe s\u0259rgil\u0259di. \u018ftraf m\u00fchitin qorunmas\u0131 m\u00f6vzusunda &#8220;Laudato Si\u2019&#8221; ensiklikas\u0131n\u0131 yay\u0131mlayaraq iqlim d\u0259yi\u015fikliyi il\u0259 m\u00fcbariz\u0259y\u0259 diqq\u0259t \u00e7\u0259kdi. Sosial \u0259dal\u0259t, yoxsullu\u011fun aradan qald\u0131r\u0131lmas\u0131 v\u0259 marginal qruplar\u0131n m\u00fcdafi\u0259si onun prioritetl\u0259ri aras\u0131nda idi.<\/p>\n<p>Papa Fransiskin d\u00f6vr\u00fcnd\u0259 Katolik Kils\u0259si daha inkl\u00fcziv v\u0259 m\u00fcasir bir istiqam\u0259t\u0259 y\u00f6n\u0259ldi. O, m\u00fcxt\u0259lif dinl\u0259r aras\u0131nda dialoqu t\u0259\u015fviq etdi v\u0259 m\u00fcnaqi\u015f\u0259l\u0259rin h\u0259llind\u0259 vasit\u0259\u00e7i rolunu oynad\u0131. Onun liderliyi, h\u0259m d\u0259, kils\u0259nin daha a\u00e7\u0131q v\u0259 \u015f\u0259fq\u0259tli bir qurum kimi q\u0259bul olunmas\u0131na t\u00f6hf\u0259 verdi.<\/p>\n<p>2025-ci il aprelin 21-d\u0259, Pasxa Bazar ert\u0259si g\u00fcn\u00fc, Papa Fransisk 88 ya\u015f\u0131nda v\u0259fat etdi. Vatikandan veril\u0259n m\u0259lumata g\u00f6r\u0259, o, son zamanlarda ikit\u0259r\u0259fli pnevmoniya il\u0259 m\u00fcbariz\u0259 apar\u0131rd\u0131. Onun v\u0259fat\u0131, Katolik Kils\u0259sind\u0259 yeni bir d\u00f6vr\u00fcn ba\u015flan\u011f\u0131c\u0131 olaraq qiym\u0259tl\u0259ndirilir.<\/p>\n<p>Papa Fransiskin miras\u0131 Katolik Kils\u0259sinin daha \u0259dal\u0259tli, \u015f\u0259ffaf v\u0259 m\u00fcasir bir qurum olaraq inki\u015faf etm\u0259sind\u0259 m\u00fch\u00fcm rol oynad\u0131. Onun islahatlar\u0131 v\u0259 sosial m\u0259s\u0259l\u0259l\u0259r\u0259 verdiyi \u00f6n\u0259m, g\u0259l\u0259c\u0259k papa se\u00e7kil\u0259rind\u0259 d\u0259 t\u0259sirli olacaq.<\/p>\n","protected":false},"excerpt":{"rendered":"<p>Papa Fransisk- \u0259sl ad\u0131 \u00a0Xorxe Mario Berqolyo, 17 dekabr 1936-c\u0131 ild\u0259 Buenos Ayresd\u0259, \u0130talyan k\u00f6\u00e7k\u00fcn ail\u0259sind\u0259 d\u00fcnyaya g\u0259lib. G\u0259ncliyind\u0259 t\u0259mizlik\u00e7i v\u0259 m\u00fchafiz\u0259\u00e7i kimi i\u015fl\u0259yib, daha sonra kimya \u00fczr\u0259 t\u0259hsil alaraq laboratoriyada \u00e7al\u0131\u015f\u0131b. 1958-ci ild\u0259 \u0130sa C\u0259miyy\u0259tin\u0259 (yezuitsl\u0259r) qo\u015fulub v\u0259 1969-cu ild\u0259 katolik ke\u015fi\u015fi kimi t\u0259yin olunub. 1998-ci ild\u0259 Buenos Ayres arxiyepiskopu, 2001-ci ild\u0259 is\u0259 kardinal t\u0259yin edilib. 2013-c\u00fc ilin mart\u0131nda Papa XVI Benediktin istefas\u0131ndan sonra ke\u00e7iril\u0259n konklavda se\u00e7il\u0259r\u0259k 266-c\u0131 papa oldu. O, ilk C\u0259nubi Amerikal\u0131, ilk yezuit v\u0259 VIII \u0259srd\u0259n b\u0259ri Avropa xaricind\u0259n se\u00e7il\u0259n ilk papa idi. Papa Fransisk Katolik&hellip;<\/p>\n","protected":false},"author":2,"featured_media":801549,"comment_status":"closed","ping_status":"closed","sticky":false,"template":"","format":"standard","meta":{"om_disable_all_campaigns":false,"_monsterinsights_skip_tracking":false,"_monsterinsights_sitenote_active":false,"_monsterinsights_sitenote_note":"","_monsterinsights_sitenote_category":0},"categories":[7],"tags":[],"aioseo_notices":[],"gutentor_comment":0,"rttpg_featured_image_url":{"full":["https:\/\/arantv.az\/wp-content\/uploads\/2025\/04\/3abb31aa8ca8ed071bb48acbf0ec2adc.jpg",850,500,false],"landscape":["https:\/\/arantv.az\/wp-content\/uploads\/2025\/04\/3abb31aa8ca8ed071bb48acbf0ec2adc.jpg",850,500,false],"portraits":["https:\/\/arantv.az\/wp-content\/uploads\/2025\/04\/3abb31aa8ca8ed071bb48acbf0ec2adc.jpg",850,500,false],"thumbnail":["https:\/\/arantv.az\/wp-content\/uploads\/2025\/04\/3abb31aa8ca8ed071bb48acbf0ec2adc-500x280.jpg",500,280,true],"medium":["https:\/\/arantv.az\/wp-content\/uploads\/2025\/04\/3abb31aa8ca8ed071bb48acbf0ec2adc-621x365.jpg",621,365,true],"large":["https:\/\/arantv.az\/wp-content\/uploads\/2025\/04\/3abb31aa8ca8ed071bb48acbf0ec2adc-840x494.jpg",640,376,true],"1536x1536":["https:\/\/arantv.az\/wp-content\/uploads\/2025\/04\/3abb31aa8ca8ed071bb48acbf0ec2adc.jpg",850,500,false],"2048x2048":["https:\/\/arantv.az\/wp-content\/uploads\/2025\/04\/3abb31aa8ca8ed071bb48acbf0ec2adc.jpg",850,500,false],"post-thumbnail":["https:\/\/arantv.az\/wp-content\/uploads\/2025\/04\/3abb31aa8ca8ed071bb48acbf0ec2adc-240x172.jpg",240,172,true],"advps-thumb-one":["https:\/\/arantv.az\/wp-content\/uploads\/2025\/04\/3abb31aa8ca8ed071bb48acbf0ec2adc.jpg",850,500,false]},"rttpg_author":{"display_name":"V\u00fcsal Rafiqo\u011flu","author_link":"https:\/\/arantv.az\/?author=2"},"rttpg_comment":0,"rttpg_category":"<a href=\"https:\/\/arantv.az\/?cat=7\" rel=\"category\">D\u00fcnya<\/a>","rttpg_excerpt":"Papa Fransisk- \u0259sl ad\u0131 \u00a0Xorxe Mario Berqolyo, 17 dekabr 1936-c\u0131 ild\u0259 Buenos Ayresd\u0259, \u0130talyan k\u00f6\u00e7k\u00fcn ail\u0259sind\u0259 d\u00fcnyaya g\u0259lib. G\u0259ncliyind\u0259 t\u0259mizlik\u00e7i v\u0259 m\u00fchafiz\u0259\u00e7i kimi i\u015fl\u0259yib, daha sonra kimya \u00fczr\u0259 t\u0259hsil alaraq laboratoriyada \u00e7al\u0131\u015f\u0131b. 1958-ci ild\u0259 \u0130sa C\u0259miyy\u0259tin\u0259 (yezuitsl\u0259r) qo\u015fulub v\u0259 1969-cu ild\u0259 katolik ke\u015fi\u015fi kimi t\u0259yin olunub. 1998-ci ild\u0259 Buenos Ayres arxiyepiskopu, 2001-ci ild\u0259 is\u0259 kardinal&hellip;","_links":{"self":[{"href":"https:\/\/arantv.az\/index.php?rest_route=\/wp\/v2\/posts\/801548"}],"collection":[{"href":"https:\/\/arantv.az\/index.php?rest_route=\/wp\/v2\/posts"}],"about":[{"href":"https:\/\/arantv.az\/index.php?rest_route=\/wp\/v2\/types\/post"}],"author":[{"embeddable":true,"href":"https:\/\/arantv.az\/index.php?rest_route=\/wp\/v2\/users\/2"}],"replies":[{"embeddable":true,"href":"https:\/\/arantv.az\/index.php?rest_route=%2Fwp%2Fv2%2Fcomments&post=801548"}],"version-history":[{"count":1,"href":"https:\/\/arantv.az\/index.php?rest_route=\/wp\/v2\/posts\/801548\/revisions"}],"predecessor-version":[{"id":801550,"href":"https:\/\/arantv.az\/index.php?rest_route=\/wp\/v2\/posts\/801548\/revisions\/801550"}],"wp:featuredmedia":[{"embeddable":true,"href":"https:\/\/arantv.az\/index.php?rest_route=\/wp\/v2\/media\/801549"}],"wp:attachment":[{"href":"https:\/\/arantv.az\/index.php?rest_route=%2Fwp%2Fv2%2Fmedia&parent=801548"}],"wp:term":[{"taxonomy":"category","embeddable":true,"href":"https:\/\/arantv.az\/index.php?rest_route=%2Fwp%2Fv2%2Fcategories&post=801548"},{"taxonomy":"post_tag","embeddable":true,"href":"https:\/\/arantv.az\/index.php?rest_route=%2Fwp%2Fv2%2Ftags&post=801548"}],"curies":[{"name":"wp","href":"https:\/\/api.w.org\/{rel}","templated":true}]}}