{"id":801557,"date":"2025-04-21T13:11:15","date_gmt":"2025-04-21T09:11:15","guid":{"rendered":"https:\/\/arantv.az\/?p=801557"},"modified":"2025-04-21T13:11:15","modified_gmt":"2025-04-21T09:11:15","slug":"leyla-%c9%99liyeva-hanoyda-gorm%c9%99-qabiliyy%c9%99ti-m%c9%99hdud-s%c9%99xsl%c9%99r-ucun-m%c9%99kt%c9%99bd%c9%99-olub","status":"publish","type":"post","link":"https:\/\/arantv.az\/?p=801557","title":{"rendered":"Leyla \u018fliyeva Hanoyda g\u00f6rm\u0259 qabiliyy\u0259ti m\u0259hdud \u015f\u0259xsl\u0259r \u00fc\u00e7\u00fcn m\u0259kt\u0259bd\u0259 olub"},"content":{"rendered":"<div class=\"content lead font-weight-normal\">\n<p>Heyd\u0259r \u018fliyev Fondunun vitse-prezidenti Leyla \u018fliyeva Vyetnama s\u0259f\u0259ri \u00e7\u0259r\u00e7iv\u0259sind\u0259 Hanoyda Nguyen Dinh Chieu orta m\u0259kt\u0259bind\u0259 olub.<\/p>\n<p><strong>ARANTV.AZ\u00a0 x\u0259b\u0259r verir ki, <\/strong>Heyd\u0259r \u018fliyev Fondunun vitse-prezidenti Leyla \u018fliyeva m\u0259kt\u0259bd\u0259 yarad\u0131lan t\u0259dris \u015f\u0259raiti il\u0259 tan\u0131\u015f olub.<\/p>\n<p>Burada ke\u00e7irilmi\u015f g\u00f6r\u00fc\u015fd\u0259 Fondun \u00f6lk\u0259mizd\u0259 g\u00f6rm\u0259 qabiliyy\u0259ti m\u0259hdud \u015f\u0259xsl\u0259rin c\u0259miyy\u0259t\u0259 inteqrasiyas\u0131 v\u0259 inkl\u00fcziv t\u0259hsil sah\u0259sind\u0259ki layih\u0259l\u0259ri bar\u0259d\u0259 m\u0259lumat verilib. Heyd\u0259r \u018fliyev Fondu v\u0259 BMT-nin \u0130nki\u015faf Proqram\u0131 aras\u0131nda g\u00f6rm\u0259 qabiliyy\u0259tini itirmi\u015f v\u0259 g\u00f6rm\u0259 qabiliyy\u0259ti z\u0259if olan insanlar \u00fc\u00e7\u00fcn informasiya-kommunikasiya texnologiyalar\u0131na \u00e7\u0131x\u0131\u015f\u0131n t\u0259min edilm\u0259sin\u0259 dair \u0259m\u0259kda\u015fl\u0131q sazi\u015finin imzaland\u0131\u011f\u0131, bu layih\u0259nin g\u00f6rm\u0259 qabiliyy\u0259ti m\u0259hdud insanlar\u0131n c\u0259miyy\u0259t\u0259 inteqrasiyas\u0131na, informasiya-kommunikasiya vasit\u0259l\u0259ri il\u0259 bilik, m\u0259lumat \u0259ld\u0259 etm\u0259k imkanlar\u0131n\u0131n geni\u015fl\u0259ndirilm\u0259sin\u0259 y\u00f6n\u0259ldiyi qeyd edilib. G\u00f6rm\u0259 qabiliyy\u0259ti m\u0259hdud u\u015faqlar \u00fc\u00e7\u00fcn Heyd\u0259r \u018fliyev Fondunun t\u0259\u015f\u0259bb\u00fcs\u00fc \u0259sas\u0131nda x\u00fcsusi internat m\u0259kt\u0259binin n\u0259zdind\u0259 m\u0259tb\u0259\u0259 yarad\u0131ld\u0131\u011f\u0131, burada Brayl \u0259lifbas\u0131 il\u0259 d\u0259rslik v\u0259 d\u0259rs v\u0259saitl\u0259rinin \u00e7ap olundu\u011fu bildirilib.<\/p>\n<p>Leyla \u018fliyeva inkl\u00fcziv t\u0259hsil\u0259 d\u0259st\u0259k \u00e7\u0259r\u00e7iv\u0259sind\u0259 Vyetnamdak\u0131 g\u00f6rm\u0259 qabiliyy\u0259ti m\u0259hdud \u015f\u0259xsl\u0259r \u00fc\u00e7\u00fcn orta m\u0259kt\u0259b\u0259 Heyd\u0259r \u018fliyev Fondunun maliyy\u0259 d\u0259st\u0259yi sertifikat\u0131n\u0131 t\u0259qdim edib. Eyni zamanda, diqq\u0259t\u0259 \u00e7atd\u0131r\u0131l\u0131b ki, Heyd\u0259r \u018fliyev Fondu t\u0259r\u0259find\u0259n m\u0259kt\u0259b\u0259 g\u00f6rm\u0259 qabiliyy\u0259ti m\u0259hdud u\u015faqlar\u0131n t\u0259hsilin\u0259 d\u0259st\u0259k m\u0259qs\u0259dil\u0259 bir s\u0131ra avadanl\u0131qlar h\u0259diyy\u0259 olunacaq.<\/p>\n<p>Qeyd ed\u0259k ki, 1982-ci ild\u0259n f\u0259aliyy\u0259t g\u00f6st\u0259r\u0259n m\u0259kt\u0259b g\u00f6rm\u0259 qabiliyy\u0259ti m\u0259hdud u\u015faqlar \u00fc\u00e7\u00fcn n\u0259z\u0259rd\u0259 tutulub. 1988-ci ild\u0259n is\u0259 s\u00f6z\u00fcged\u0259n m\u0259kt\u0259bd\u0259 g\u00f6rm\u0259 qabiliyy\u0259ti olan \u015f\u0259xsl\u0259r d\u0259 t\u0259hsil ala bilirl\u0259r. M\u0259kt\u0259bd\u0259 haz\u0131rda 1800 \u015fagird, o c\u00fcml\u0259d\u0259n 145 g\u00f6rm\u0259 qabiliyy\u0259ti m\u0259hdud \u015f\u0259xs t\u0259hsil al\u0131r.<\/p>\n<p>M\u00fc\u0259llim hey\u0259ti akademik f\u0259nl\u0259rin t\u0259drisi il\u0259 yana\u015f\u0131, h\u0259m d\u0259 inkl\u00fcziv t\u0259hsil modelinin inki\u015faf\u0131 il\u0259 m\u0259\u015f\u011ful olur. Burada inkl\u00fcziv t\u0259hsil \u00fc\u00e7\u00fcn geni\u015f sistem qurulub. M\u0259kt\u0259bin missiyas\u0131 b\u0259rab\u0259r keyfiyy\u0259tli t\u0259hsil imkanlar\u0131n\u0131 t\u0259min, m\u00fcst\u0259qilliyi v\u0259 c\u0259miyy\u0259t\u0259 inteqrasiyan\u0131 t\u0259\u015fviq etm\u0259kdir.<\/p>\n<div class=\"clearfix\"><\/div>\n<\/div>\n<div class=\"fotorama--hidden\"><\/div>\n<div id=\"galleryList\" class=\"fotorama fotorama1745226586583\" data-nav=\"thumbs\" data-width=\"100%\" data-thumbwidth=\"90\" data-thumbheight=\"60\" data-allowfullscreen=\"true\" data-autoplay=\"3000\" data-ratio=\"1.5\" data-keyboard=\"true\" data-fit=\"contain\">\n<div class=\"fotorama__wrap fotorama__wrap--css3 fotorama__wrap--slide fotorama__wrap--toggle-arrows fotorama__wrap--no-controls\">\n<div class=\"fotorama__stage fotorama__pointer\">\n<div class=\"fotorama__fullscreen-icon\" tabindex=\"0\" role=\"button\"><\/div>\n<div class=\"fotorama__stage__shaft\">\n<div class=\"fotorama__stage__frame fotorama__loaded fotorama__loaded--img\"><img class=\"fotorama__img\" src=\"https:\/\/ikisahil.az\/photo\/0x0_2\/upload\/gallery\/2025\/04\/21\/-21928905174522610488431612210834145.jpg\" \/><\/div>\n<div class=\"fotorama__stage__frame fotorama__loaded fotorama__loaded--img fotorama__active\"><img class=\"fotorama__img\" src=\"https:\/\/ikisahil.az\/photo\/0x0_2\/upload\/gallery\/2025\/04\/21\/-356dc406174522610417191960610316836.jpg\" \/><\/div>\n<div class=\"fotorama__stage__frame fotorama__loaded fotorama__loaded--img\"><img class=\"fotorama__img\" src=\"https:\/\/ikisahil.az\/photo\/0x0_2\/upload\/gallery\/2025\/04\/21\/-757f843a174522610472104092710365106.jpg\" \/><\/div>\n<\/div>\n<div class=\"fotorama__arr fotorama__arr--prev\" tabindex=\"0\" role=\"button\"><\/div>\n<div class=\"fotorama__arr fotorama__arr--next\" tabindex=\"0\" role=\"button\"><\/div>\n<div class=\"fotorama__video-close\"><\/div>\n<\/div>\n<div class=\"fotorama__nav-wrap\">\n<div class=\"fotorama__nav fotorama__nav--thumbs fotorama__shadows--left fotorama__shadows--right\">\n<div class=\"fotorama__nav__shaft fotorama__grab\">\n<div class=\"fotorama__thumb-border\"><\/div>\n<div class=\"fotorama__nav__frame fotorama__nav__frame--thumb\" tabindex=\"0\" role=\"button\">\n<div class=\"fotorama__thumb fotorama__loaded fotorama__loaded--img\"><img class=\"fotorama__img\" src=\"https:\/\/ikisahil.az\/photo\/150x100_2\/upload\/gallery\/2025\/04\/21\/-aba54c23174522610335865663210997809.jpg\" \/><\/div>\n<\/div>\n<div class=\"fotorama__nav__frame fotorama__nav__frame--thumb\" tabindex=\"0\" role=\"button\">\n<div class=\"fotorama__thumb fotorama__loaded fotorama__loaded--img\"><img class=\"fotorama__img\" src=\"https:\/\/ikisahil.az\/photo\/150x100_2\/upload\/gallery\/2025\/04\/21\/-cf8d8c66174522610434658561810543275.jpg\" \/><\/div>\n<\/div>\n<div class=\"fotorama__nav__frame fotorama__nav__frame--thumb\" tabindex=\"0\" role=\"button\">\n<div class=\"fotorama__thumb fotorama__loaded fotorama__loaded--img\"><img class=\"fotorama__img\" src=\"https:\/\/ikisahil.az\/photo\/150x100_2\/upload\/gallery\/2025\/04\/21\/-90365351174522610462829511210785179.jpg\" \/><\/div>\n<\/div>\n<div class=\"fotorama__nav__frame fotorama__nav__frame--thumb\" tabindex=\"0\" role=\"button\">\n<div class=\"fotorama__thumb fotorama__loaded fotorama__loaded--img\"><img class=\"fotorama__img\" src=\"https:\/\/ikisahil.az\/photo\/150x100_2\/upload\/gallery\/2025\/04\/21\/-8a94ecfa17452261042259251951041305.jpg\" \/><\/div>\n<\/div>\n<div class=\"fotorama__nav__frame fotorama__nav__frame--thumb\" tabindex=\"0\" role=\"button\">\n<div class=\"fotorama__thumb fotorama__loaded fotorama__loaded--img\"><img class=\"fotorama__img\" src=\"https:\/\/ikisahil.az\/photo\/150x100_2\/upload\/gallery\/2025\/04\/21\/-21928905174522610488431612210834145.jpg\" \/><\/div>\n<\/div>\n<div class=\"fotorama__nav__frame fotorama__nav__frame--thumb fotorama__active\" tabindex=\"0\" role=\"button\">\n<div class=\"fotorama__thumb fotorama__loaded fotorama__loaded--img\"><img class=\"fotorama__img\" src=\"https:\/\/ikisahil.az\/photo\/150x100_2\/upload\/gallery\/2025\/04\/21\/-356dc406174522610417191960610316836.jpg\" \/><\/div>\n<\/div>\n<div class=\"fotorama__nav__frame fotorama__nav__frame--thumb\" tabindex=\"0\" role=\"button\">\n<div class=\"fotorama__thumb fotorama__loaded fotorama__loaded--img\"><img class=\"fotorama__img\" src=\"https:\/\/ikisahil.az\/photo\/150x100_2\/upload\/gallery\/2025\/04\/21\/-757f843a174522610472104092710365106.jpg\" \/><\/div>\n<\/div>\n<div class=\"fotorama__nav__frame fotorama__nav__frame--thumb\" tabindex=\"0\" role=\"button\">\n<div class=\"fotorama__thumb fotorama__loaded fotorama__loaded--img\"><img class=\"fotorama__img\" src=\"https:\/\/ikisahil.az\/photo\/150x100_2\/upload\/gallery\/2025\/04\/21\/-8d749ea5174522610472893722810754349.jpg\" \/><\/div>\n<\/div>\n<div class=\"fotorama__nav__frame fotorama__nav__frame--thumb\" tabindex=\"0\" role=\"button\">\n<div class=\"fotorama__thumb fotorama__loaded fotorama__loaded--img\"><img class=\"fotorama__img\" src=\"https:\/\/ikisahil.az\/photo\/150x100_2\/upload\/gallery\/2025\/04\/21\/-00e26af6174522610423768813611033297.jpg\" \/><\/div>\n<\/div>\n<div class=\"fotorama__nav__frame fotorama__nav__frame--thumb\" tabindex=\"0\" role=\"button\">\n<div class=\"fotorama__thumb\"><\/div>\n<\/div>\n<div class=\"fotorama__nav__frame fotorama__nav__frame--thumb\" tabindex=\"0\" role=\"button\">\n<div class=\"fotorama__thumb\"><\/div>\n<\/div>\n<div class=\"fotorama__nav__frame fotorama__nav__frame--thumb\" tabindex=\"0\" role=\"button\">\n<div class=\"fotorama__thumb\"><\/div>\n<\/div>\n<div class=\"fotorama__nav__frame fotorama__nav__frame--thumb\" tabindex=\"0\" role=\"button\">\n<div class=\"fotorama__thumb\"><\/div>\n<\/div>\n<div class=\"fotorama__nav__frame fotorama__nav__frame--thumb\" tabindex=\"0\" role=\"button\">\n<div class=\"fotorama__thumb\"><\/div>\n<\/div>\n<\/div>\n<\/div>\n<\/div>\n<\/div>\n<\/div>\n<div class=\"sharing my-2 row no-gutters d-print-none\"><\/div>\n<div class=\"d-none d-sm-block\"><\/div>\n","protected":false},"excerpt":{"rendered":"<p>Heyd\u0259r \u018fliyev Fondunun vitse-prezidenti Leyla \u018fliyeva Vyetnama s\u0259f\u0259ri \u00e7\u0259r\u00e7iv\u0259sind\u0259 Hanoyda Nguyen Dinh Chieu orta m\u0259kt\u0259bind\u0259 olub. ARANTV.AZ\u00a0 x\u0259b\u0259r verir ki, Heyd\u0259r \u018fliyev Fondunun vitse-prezidenti Leyla \u018fliyeva m\u0259kt\u0259bd\u0259 yarad\u0131lan t\u0259dris \u015f\u0259raiti il\u0259 tan\u0131\u015f olub. Burada ke\u00e7irilmi\u015f g\u00f6r\u00fc\u015fd\u0259 Fondun \u00f6lk\u0259mizd\u0259 g\u00f6rm\u0259 qabiliyy\u0259ti m\u0259hdud \u015f\u0259xsl\u0259rin c\u0259miyy\u0259t\u0259 inteqrasiyas\u0131 v\u0259 inkl\u00fcziv t\u0259hsil sah\u0259sind\u0259ki layih\u0259l\u0259ri bar\u0259d\u0259 m\u0259lumat verilib. Heyd\u0259r \u018fliyev Fondu v\u0259 BMT-nin \u0130nki\u015faf Proqram\u0131 aras\u0131nda g\u00f6rm\u0259 qabiliyy\u0259tini itirmi\u015f v\u0259 g\u00f6rm\u0259 qabiliyy\u0259ti z\u0259if olan insanlar \u00fc\u00e7\u00fcn informasiya-kommunikasiya texnologiyalar\u0131na \u00e7\u0131x\u0131\u015f\u0131n t\u0259min edilm\u0259sin\u0259 dair \u0259m\u0259kda\u015fl\u0131q sazi\u015finin imzaland\u0131\u011f\u0131, bu layih\u0259nin g\u00f6rm\u0259 qabiliyy\u0259ti m\u0259hdud insanlar\u0131n c\u0259miyy\u0259t\u0259 inteqrasiyas\u0131na, informasiya-kommunikasiya vasit\u0259l\u0259ri il\u0259&hellip;<\/p>\n","protected":false},"author":2,"featured_media":801558,"comment_status":"closed","ping_status":"closed","sticky":false,"template":"","format":"standard","meta":{"om_disable_all_campaigns":false,"_monsterinsights_skip_tracking":false,"_monsterinsights_sitenote_active":false,"_monsterinsights_sitenote_note":"","_monsterinsights_sitenote_category":0},"categories":[4],"tags":[],"aioseo_notices":[],"gutentor_comment":0,"rttpg_featured_image_url":{"full":["https:\/\/arantv.az\/wp-content\/uploads\/2025\/04\/b17c0907174522608938815743010163400.jpg",975,540,false],"landscape":["https:\/\/arantv.az\/wp-content\/uploads\/2025\/04\/b17c0907174522608938815743010163400.jpg",975,540,false],"portraits":["https:\/\/arantv.az\/wp-content\/uploads\/2025\/04\/b17c0907174522608938815743010163400.jpg",975,540,false],"thumbnail":["https:\/\/arantv.az\/wp-content\/uploads\/2025\/04\/b17c0907174522608938815743010163400-500x280.jpg",500,280,true],"medium":["https:\/\/arantv.az\/wp-content\/uploads\/2025\/04\/b17c0907174522608938815743010163400-660x365.jpg",660,365,true],"large":["https:\/\/arantv.az\/wp-content\/uploads\/2025\/04\/b17c0907174522608938815743010163400-840x465.jpg",640,354,true],"1536x1536":["https:\/\/arantv.az\/wp-content\/uploads\/2025\/04\/b17c0907174522608938815743010163400.jpg",975,540,false],"2048x2048":["https:\/\/arantv.az\/wp-content\/uploads\/2025\/04\/b17c0907174522608938815743010163400.jpg",975,540,false],"post-thumbnail":["https:\/\/arantv.az\/wp-content\/uploads\/2025\/04\/b17c0907174522608938815743010163400-240x172.jpg",240,172,true],"advps-thumb-one":["https:\/\/arantv.az\/wp-content\/uploads\/2025\/04\/b17c0907174522608938815743010163400.jpg",975,540,false]},"rttpg_author":{"display_name":"V\u00fcsal Rafiqo\u011flu","author_link":"https:\/\/arantv.az\/?author=2"},"rttpg_comment":0,"rttpg_category":"<a href=\"https:\/\/arantv.az\/?cat=4\" rel=\"category\">Siyas\u0259t<\/a>","rttpg_excerpt":"Heyd\u0259r \u018fliyev Fondunun vitse-prezidenti Leyla \u018fliyeva Vyetnama s\u0259f\u0259ri \u00e7\u0259r\u00e7iv\u0259sind\u0259 Hanoyda Nguyen Dinh Chieu orta m\u0259kt\u0259bind\u0259 olub. ARANTV.AZ\u00a0 x\u0259b\u0259r verir ki, Heyd\u0259r \u018fliyev Fondunun vitse-prezidenti Leyla \u018fliyeva m\u0259kt\u0259bd\u0259 yarad\u0131lan t\u0259dris \u015f\u0259raiti il\u0259 tan\u0131\u015f olub. Burada ke\u00e7irilmi\u015f g\u00f6r\u00fc\u015fd\u0259 Fondun \u00f6lk\u0259mizd\u0259 g\u00f6rm\u0259 qabiliyy\u0259ti m\u0259hdud \u015f\u0259xsl\u0259rin c\u0259miyy\u0259t\u0259 inteqrasiyas\u0131 v\u0259 inkl\u00fcziv t\u0259hsil sah\u0259sind\u0259ki layih\u0259l\u0259ri bar\u0259d\u0259 m\u0259lumat verilib. Heyd\u0259r \u018fliyev Fondu&hellip;","_links":{"self":[{"href":"https:\/\/arantv.az\/index.php?rest_route=\/wp\/v2\/posts\/801557"}],"collection":[{"href":"https:\/\/arantv.az\/index.php?rest_route=\/wp\/v2\/posts"}],"about":[{"href":"https:\/\/arantv.az\/index.php?rest_route=\/wp\/v2\/types\/post"}],"author":[{"embeddable":true,"href":"https:\/\/arantv.az\/index.php?rest_route=\/wp\/v2\/users\/2"}],"replies":[{"embeddable":true,"href":"https:\/\/arantv.az\/index.php?rest_route=%2Fwp%2Fv2%2Fcomments&post=801557"}],"version-history":[{"count":1,"href":"https:\/\/arantv.az\/index.php?rest_route=\/wp\/v2\/posts\/801557\/revisions"}],"predecessor-version":[{"id":801559,"href":"https:\/\/arantv.az\/index.php?rest_route=\/wp\/v2\/posts\/801557\/revisions\/801559"}],"wp:featuredmedia":[{"embeddable":true,"href":"https:\/\/arantv.az\/index.php?rest_route=\/wp\/v2\/media\/801558"}],"wp:attachment":[{"href":"https:\/\/arantv.az\/index.php?rest_route=%2Fwp%2Fv2%2Fmedia&parent=801557"}],"wp:term":[{"taxonomy":"category","embeddable":true,"href":"https:\/\/arantv.az\/index.php?rest_route=%2Fwp%2Fv2%2Fcategories&post=801557"},{"taxonomy":"post_tag","embeddable":true,"href":"https:\/\/arantv.az\/index.php?rest_route=%2Fwp%2Fv2%2Ftags&post=801557"}],"curies":[{"name":"wp","href":"https:\/\/api.w.org\/{rel}","templated":true}]}}