{"id":801560,"date":"2025-04-21T13:12:29","date_gmt":"2025-04-21T09:12:29","guid":{"rendered":"https:\/\/arantv.az\/?p=801560"},"modified":"2025-04-21T13:12:29","modified_gmt":"2025-04-21T09:12:29","slug":"parlamentl%c9%99rarasi-%c9%99laq%c9%99l%c9%99r-inkisaf-etdirilir","status":"publish","type":"post","link":"https:\/\/arantv.az\/?p=801560","title":{"rendered":"Parlamentl\u0259raras\u0131 \u0259laq\u0259l\u0259r inki\u015faf etdirilir"},"content":{"rendered":"<h5>Az\u0259rbaycan v\u0259 g\u00fcrc\u00fc xalqlar\u0131 \u0259srl\u0259r boyu mehriban qon\u015fuluq v\u0259 dostluq m\u00fcnasib\u0259tl\u0259ri \u015f\u0259raitind\u0259 ya\u015fam\u0131\u015flar. H\u0259r iki xalq\u0131n m\u0259d\u0259niyy\u0259ti, \u0259n\u0259n\u0259l\u0259ri v\u0259 bir-birin\u0259 olan h\u00f6rm\u0259ti onlar\u0131 daha da yax\u0131nla\u015fd\u0131r\u0131r. Bu dostluq t\u0259kc\u0259 d\u00f6vl\u0259tl\u0259r s\u0259viyy\u0259sind\u0259 deyil, eyni zamanda xalqlar aras\u0131nda da s\u0259mimi m\u00fcnasib\u0259tl\u0259rin t\u0259zah\u00fcr\u00fcd\u00fcr. Xalqlar\u0131m\u0131z \u0259vv\u0259lki d\u00f6vrl\u0259rd\u0259 oldu\u011fu kimi hal-haz\u0131rda da \u00f6z dostluq, qarda\u015fl\u0131q m\u00fcnasib\u0259tl\u0259rini y\u00fcks\u0259k s\u0259viyy\u0259d\u0259 davam v\u0259 inki\u015faf etdirirl\u0259r, birlikd\u0259 daha parlaq g\u0259l\u0259c\u0259y\u0259 do\u011fru add\u0131mlay\u0131rlar.<\/h5>\n<p>16 aprel 2025-ci il tarixind\u0259 G\u00fcrc\u00fcstan Respublikas\u0131n\u0131n Prezidenti Mixeil Kavela\u015fvilinin Az\u0259rbaycan Respublikas\u0131na s\u0259f\u0259ri iki \u00f6lk\u0259 aras\u0131nda \u0259m\u0259kda\u015fl\u0131\u011f\u0131n daha da d\u0259rinl\u0259\u015fdirilm\u0259si bax\u0131m\u0131ndan m\u00fch\u00fcm \u0259h\u0259miyy\u0259t da\u015f\u0131y\u0131r. Bu s\u0259f\u0259r \u00e7\u0259rciv\u0259sind\u0259 Az\u0259rbaycan Respublikas\u0131n\u0131n Prezidenti C\u0259nab \u0130lham \u018fliyev v\u0259 G\u00fcrc\u00fcstan Respublikas\u0131n\u0131n Prezidenti Mixeil Kavela\u015fvili aras\u0131nda y\u00fcks\u0259k s\u0259viyy\u0259li g\u00f6r\u00fc\u015fl\u0259r ke\u00e7irildi. G\u00f6r\u00fc\u015f zaman\u0131 ikit\u0259r\u0259fli m\u00fcnasib\u0259tl\u0259rin haz\u0131rk\u0131 v\u0259ziyy\u0259ti v\u0259 g\u0259l\u0259c\u0259k perspektivl\u0259ri m\u00fczakir\u0259 olundu. D\u00f6vl\u0259t ba\u015f\u00e7\u0131m\u0131z C\u0259nab \u0130lham \u018fliyev m\u0259tbuata verdiyi b\u0259yanatda G\u00fcrc\u00fcstanla dostluq v\u0259 strateji t\u0259r\u0259fda\u015fl\u0131q m\u00fcnasib\u0259tl\u0259rin\u0259 x\u00fcsusi \u00f6n\u0259m verdiyini bildirdi. O, iki \u00f6lk\u0259 aras\u0131nda enerji, n\u0259qliyyat v\u0259 ticar\u0259t sah\u0259l\u0259rind\u0259 \u0259m\u0259kda\u015fl\u0131\u011f\u0131n u\u011furlu inki\u015faf etdiyini qeyd etdi. S\u0259f\u0259r \u00e7\u0259r\u00e7iv\u0259sind\u0259 regional t\u0259hl\u00fck\u0259sizlik v\u0259 sabitlik m\u0259s\u0259l\u0259l\u0259rin\u0259 d\u0259 toxunuldu. \u00d6lk\u0259 ba\u015f\u00e7\u0131m\u0131z Az\u0259rbaycan\u0131n v\u0259 G\u00fcrc\u00fcstan\u0131n C\u0259nubi Qafqaz\u0131n inki\u015faf\u0131nda m\u00fch\u00fcm rol oynad\u0131\u011f\u0131n\u0131 vur\u011fulad\u0131. O, h\u0259m\u00e7inin enerji layih\u0259l\u0259rinin davaml\u0131l\u0131\u011f\u0131 v\u0259 t\u0259hl\u00fck\u0259sizliyi m\u00f6vzusunda G\u00fcrc\u00fcstan\u0131n \u0259h\u0259miyy\u0259tini qeyd etdi. Prezidentl\u0259r birg\u0259 b\u0259y\u0259natla \u00e7\u0131x\u0131\u015f ed\u0259r\u0259k \u0259m\u0259kda\u015fl\u0131\u011f\u0131n g\u0259l\u0259c\u0259kd\u0259 daha da g\u00fccl\u0259ndiril\u0259c\u0259yini ifad\u0259 etdil\u0259r. G\u00fcrc\u00fcstan Respublikas\u0131n\u0131n Prezidenti Mixeil Kavela\u015fvili Az\u0259rbaycan r\u0259hb\u0259rliyin\u0259 v\u0259 xalq\u0131na qonaqp\u0259rv\u0259rlik \u00fc\u00e7\u00fcn t\u0259\u015f\u0259kk\u00fcr etdi. O, G\u00fcrc\u00fcstan\u0131n Az\u0259rbaycanla olan m\u00fcnasib\u0259tl\u0259r\u0259 strateji bax\u0131\u015fla yana\u015fd\u0131\u011f\u0131n\u0131 bildirdi. G\u00f6r\u00fc\u015fd\u0259 h\u0259m\u00e7inin m\u0259d\u0259niyy\u0259t, turizm v\u0259 t\u0259hsil sah\u0259l\u0259rind\u0259 \u0259m\u0259kda\u015fl\u0131q imkanlar\u0131 m\u00fczakir\u0259 olundu. \u0130lham \u018fliyev bu sah\u0259l\u0259rd\u0259 ortaq layih\u0259l\u0259rin realla\u015fd\u0131r\u0131lmas\u0131n\u0131n vacibliyini vur\u011fulad\u0131. \u00dcmumilikd\u0259 bu s\u0259f\u0259r Az\u0259rbaycan-G\u00fcrc\u00fcstan m\u00fcnasib\u0259tl\u0259rind\u0259 yeni bir m\u0259rh\u0259l\u0259nin ba\u015flan\u011f\u0131c\u0131 kimi qiym\u0259tl\u0259ndiril\u0259 bil\u0259r.<\/p>\n<p>\u00d6lk\u0259l\u0259rimiz aras\u0131nda Parlamentl\u0259raras\u0131 \u0259laq\u0259l\u0259r davaml\u0131 \u015f\u0259kild\u0259 inki\u015faf etdirilir, imzalanm\u0131\u015f m\u00fcqavil\u0259l\u0259r \u0259m\u0259kda\u015fl\u0131\u011f\u0131n h\u00fcquqi bazas\u0131n\u0131 formala\u015fd\u0131r\u0131r. \u0130ki dost v\u0259 qarda\u015f \u00f6lk\u0259, s\u00f6z\u00fcn \u0259sl m\u0259nas\u0131nda bir-birin\u0259 \u00e7ox ba\u011fl\u0131d\u0131r v\u0259 beyn\u0259lxalq t\u0259\u015fkilatlarda da daim bir-birini d\u0259st\u0259kl\u0259yir. C\u0259nubi Qafqazda s\u00fclh\u00fcn v\u0259 \u0259min-amanl\u0131\u011f\u0131n b\u0259rq\u0259rar olunmas\u0131 istiqam\u0259tind\u0259 h\u0259m G\u00fcrc\u00fcstan, h\u0259m d\u0259 Az\u0259rbaycan d\u00f6vl\u0259tl\u0259ri z\u0259ruri add\u0131mlar at\u0131r. Biz tam \u0259minik ki, Az\u0259rbaycan Respublikas\u0131 il\u0259 G\u00fcrc\u00fcstan Respublikas\u0131 aras\u0131nda formala\u015fm\u0131\u015f s\u0131x qar\u015f\u0131l\u0131ql\u0131 faydal\u0131 \u0259m\u0259kda\u015fl\u0131q region xalqlar\u0131n\u0131n rifah\u0131na \u00e7ox m\u00fch\u00fcm t\u00f6hf\u0259l\u0259r ver\u0259c\u0259k. D\u00f6vl\u0259tl\u0259rimiz aras\u0131nda enerji n\u0259qli v\u0259 logistika il\u0259 ba\u011fl\u0131 layih\u0259l\u0259r n\u0259inki region d\u00f6vl\u0259tl\u0259rinin t\u0259r\u0259qqisin\u0259 xidm\u0259t ed\u0259c\u0259k, o, c\u00fcml\u0259d\u0259n d\u0259 Avropan\u0131n enerji t\u0259hl\u00fck\u0259sizliyind\u0259 m\u00fch\u00fcm \u0259h\u0259miyy\u0259t da\u015f\u0131yacaq. Az\u0259rbaycan \u2013 G\u00fcrc\u00fcstan dostlu\u011fu \u0259b\u0259di v\u0259 sars\u0131lmaz olacaq.<\/p>\n<p><img src=\"https:\/\/ikisahil.az\/upload\/\/2025\/04\/21\/\/-7a95111617452246941689587891060115.jpeg\" alt=\"\" \/><\/p>\n<p><strong>Vasif S\u0259fiyarov,<\/strong><\/p>\n<p><em>YAP Sumqay\u0131t \u015f\u0259h\u0259r t\u0259\u015fkilat\u0131n\u0131n m\u0259sl\u0259h\u0259t\u00e7isi<\/em><\/p>\n","protected":false},"excerpt":{"rendered":"<p>Az\u0259rbaycan v\u0259 g\u00fcrc\u00fc xalqlar\u0131 \u0259srl\u0259r boyu mehriban qon\u015fuluq v\u0259 dostluq m\u00fcnasib\u0259tl\u0259ri \u015f\u0259raitind\u0259 ya\u015fam\u0131\u015flar. H\u0259r iki xalq\u0131n m\u0259d\u0259niyy\u0259ti, \u0259n\u0259n\u0259l\u0259ri v\u0259 bir-birin\u0259 olan h\u00f6rm\u0259ti onlar\u0131 daha da yax\u0131nla\u015fd\u0131r\u0131r. Bu dostluq t\u0259kc\u0259 d\u00f6vl\u0259tl\u0259r s\u0259viyy\u0259sind\u0259 deyil, eyni zamanda xalqlar aras\u0131nda da s\u0259mimi m\u00fcnasib\u0259tl\u0259rin t\u0259zah\u00fcr\u00fcd\u00fcr. Xalqlar\u0131m\u0131z \u0259vv\u0259lki d\u00f6vrl\u0259rd\u0259 oldu\u011fu kimi hal-haz\u0131rda da \u00f6z dostluq, qarda\u015fl\u0131q m\u00fcnasib\u0259tl\u0259rini y\u00fcks\u0259k s\u0259viyy\u0259d\u0259 davam v\u0259 inki\u015faf etdirirl\u0259r, birlikd\u0259 daha parlaq g\u0259l\u0259c\u0259y\u0259 do\u011fru add\u0131mlay\u0131rlar. 16 aprel 2025-ci il tarixind\u0259 G\u00fcrc\u00fcstan Respublikas\u0131n\u0131n Prezidenti Mixeil Kavela\u015fvilinin Az\u0259rbaycan Respublikas\u0131na s\u0259f\u0259ri iki \u00f6lk\u0259 aras\u0131nda \u0259m\u0259kda\u015fl\u0131\u011f\u0131n daha da d\u0259rinl\u0259\u015fdirilm\u0259si bax\u0131m\u0131ndan m\u00fch\u00fcm \u0259h\u0259miyy\u0259t da\u015f\u0131y\u0131r. Bu s\u0259f\u0259r \u00e7\u0259rciv\u0259sind\u0259&hellip;<\/p>\n","protected":false},"author":2,"featured_media":801561,"comment_status":"closed","ping_status":"closed","sticky":false,"template":"","format":"standard","meta":{"om_disable_all_campaigns":false,"_monsterinsights_skip_tracking":false,"_monsterinsights_sitenote_active":false,"_monsterinsights_sitenote_note":"","_monsterinsights_sitenote_category":0},"categories":[19],"tags":[],"aioseo_notices":[],"gutentor_comment":0,"rttpg_featured_image_url":{"full":["https:\/\/arantv.az\/wp-content\/uploads\/2025\/04\/5f8a7deb174522466274677036610313599.jpg",975,540,false],"landscape":["https:\/\/arantv.az\/wp-content\/uploads\/2025\/04\/5f8a7deb174522466274677036610313599.jpg",975,540,false],"portraits":["https:\/\/arantv.az\/wp-content\/uploads\/2025\/04\/5f8a7deb174522466274677036610313599.jpg",975,540,false],"thumbnail":["https:\/\/arantv.az\/wp-content\/uploads\/2025\/04\/5f8a7deb174522466274677036610313599-500x280.jpg",500,280,true],"medium":["https:\/\/arantv.az\/wp-content\/uploads\/2025\/04\/5f8a7deb174522466274677036610313599-660x365.jpg",660,365,true],"large":["https:\/\/arantv.az\/wp-content\/uploads\/2025\/04\/5f8a7deb174522466274677036610313599-840x465.jpg",640,354,true],"1536x1536":["https:\/\/arantv.az\/wp-content\/uploads\/2025\/04\/5f8a7deb174522466274677036610313599.jpg",975,540,false],"2048x2048":["https:\/\/arantv.az\/wp-content\/uploads\/2025\/04\/5f8a7deb174522466274677036610313599.jpg",975,540,false],"post-thumbnail":["https:\/\/arantv.az\/wp-content\/uploads\/2025\/04\/5f8a7deb174522466274677036610313599-240x172.jpg",240,172,true],"advps-thumb-one":["https:\/\/arantv.az\/wp-content\/uploads\/2025\/04\/5f8a7deb174522466274677036610313599.jpg",975,540,false]},"rttpg_author":{"display_name":"V\u00fcsal Rafiqo\u011flu","author_link":"https:\/\/arantv.az\/?author=2"},"rttpg_comment":0,"rttpg_category":"<a href=\"https:\/\/arantv.az\/?cat=19\" rel=\"category\">G\u00fcnd\u0259m<\/a>","rttpg_excerpt":"Az\u0259rbaycan v\u0259 g\u00fcrc\u00fc xalqlar\u0131 \u0259srl\u0259r boyu mehriban qon\u015fuluq v\u0259 dostluq m\u00fcnasib\u0259tl\u0259ri \u015f\u0259raitind\u0259 ya\u015fam\u0131\u015flar. H\u0259r iki xalq\u0131n m\u0259d\u0259niyy\u0259ti, \u0259n\u0259n\u0259l\u0259ri v\u0259 bir-birin\u0259 olan h\u00f6rm\u0259ti onlar\u0131 daha da yax\u0131nla\u015fd\u0131r\u0131r. Bu dostluq t\u0259kc\u0259 d\u00f6vl\u0259tl\u0259r s\u0259viyy\u0259sind\u0259 deyil, eyni zamanda xalqlar aras\u0131nda da s\u0259mimi m\u00fcnasib\u0259tl\u0259rin t\u0259zah\u00fcr\u00fcd\u00fcr. Xalqlar\u0131m\u0131z \u0259vv\u0259lki d\u00f6vrl\u0259rd\u0259 oldu\u011fu kimi hal-haz\u0131rda da \u00f6z dostluq, qarda\u015fl\u0131q m\u00fcnasib\u0259tl\u0259rini y\u00fcks\u0259k s\u0259viyy\u0259d\u0259 davam v\u0259&hellip;","_links":{"self":[{"href":"https:\/\/arantv.az\/index.php?rest_route=\/wp\/v2\/posts\/801560"}],"collection":[{"href":"https:\/\/arantv.az\/index.php?rest_route=\/wp\/v2\/posts"}],"about":[{"href":"https:\/\/arantv.az\/index.php?rest_route=\/wp\/v2\/types\/post"}],"author":[{"embeddable":true,"href":"https:\/\/arantv.az\/index.php?rest_route=\/wp\/v2\/users\/2"}],"replies":[{"embeddable":true,"href":"https:\/\/arantv.az\/index.php?rest_route=%2Fwp%2Fv2%2Fcomments&post=801560"}],"version-history":[{"count":1,"href":"https:\/\/arantv.az\/index.php?rest_route=\/wp\/v2\/posts\/801560\/revisions"}],"predecessor-version":[{"id":801562,"href":"https:\/\/arantv.az\/index.php?rest_route=\/wp\/v2\/posts\/801560\/revisions\/801562"}],"wp:featuredmedia":[{"embeddable":true,"href":"https:\/\/arantv.az\/index.php?rest_route=\/wp\/v2\/media\/801561"}],"wp:attachment":[{"href":"https:\/\/arantv.az\/index.php?rest_route=%2Fwp%2Fv2%2Fmedia&parent=801560"}],"wp:term":[{"taxonomy":"category","embeddable":true,"href":"https:\/\/arantv.az\/index.php?rest_route=%2Fwp%2Fv2%2Fcategories&post=801560"},{"taxonomy":"post_tag","embeddable":true,"href":"https:\/\/arantv.az\/index.php?rest_route=%2Fwp%2Fv2%2Ftags&post=801560"}],"curies":[{"name":"wp","href":"https:\/\/api.w.org\/{rel}","templated":true}]}}