{"id":801563,"date":"2025-04-21T13:13:28","date_gmt":"2025-04-21T09:13:28","guid":{"rendered":"https:\/\/arantv.az\/?p=801563"},"modified":"2025-04-21T13:13:28","modified_gmt":"2025-04-21T09:13:28","slug":"siyasi-irad%c9%99-v%c9%99-boyuk-uzaqgor%c9%99nlik","status":"publish","type":"post","link":"https:\/\/arantv.az\/?p=801563","title":{"rendered":"Siyasi irad\u0259 v\u0259 b\u00f6y\u00fck uzaqg\u00f6r\u0259nlik"},"content":{"rendered":"<p><em><strong>Ulu \u00d6nd\u0259r Heyd\u0259r \u018fliyev ana dilimizin tarixi ke\u00e7mi\u015fi il\u0259 yana\u015f\u0131, m\u00f6vcud durumunu v\u0259 probleml\u0259rini daim diqq\u0259t m\u0259rk\u0259zind\u0259 saxlay\u0131b v\u0259 bu y\u00f6nd\u0259 bir s\u0131ra m\u00fch\u00fcm t\u0259dbirl\u0259rin h\u0259yata ke\u00e7irilm\u0259sin\u0259 dair imza at\u0131b.<\/strong><\/em><\/p>\n<p>Ana dili h\u0259r bir xalq\u0131n kimliyini, m\u0259d\u0259niyy\u0259tini v\u0259 milli ruhunu ya\u015fadan m\u00fcq\u0259dd\u0259s d\u0259y\u0259rdir. Az\u0259rbaycan xalq\u0131n\u0131n milli varl\u0131\u011f\u0131n\u0131 qoruyub saxlamaq, dilini ya\u015fatmaq v\u0259 inki\u015faf etdirm\u0259k is\u0259 h\u0259r bir v\u0259t\u0259nda\u015f\u0131n borcu oldu\u011fu kimi, bunu t\u0259min ed\u0259n b\u00f6y\u00fck \u015f\u0259xsiyy\u0259tl\u0259rimizin d\u0259 tarixi xidm\u0259tidir. Bu bax\u0131mdan, xalq\u0131m\u0131z\u0131n \u00dcmummilli Lideri Heyd\u0259r \u018fliyevin Az\u0259rbaycan dili qar\u015f\u0131s\u0131ndak\u0131 xidm\u0259tl\u0259ri \u0259v\u0259zsizdir.<\/p>\n<p>Az\u0259rbaycan dilinin Konstitusiyada r\u0259smi dil kimi q\u0259bul olunmas\u0131 ilk d\u0259f\u0259 1978-ci ild\u0259 ba\u015f vermi\u015fdir. H\u0259min d\u00f6vrd\u0259 Az\u0259rbaycan Sovet Sosialist Respublikas\u0131 idi v\u0259 SSR\u0130-nin t\u0259rkibind\u0259 idi. O d\u00f6vrd\u0259 rus dili \u0259sas \u00fcnsiyy\u0259t vasit\u0259si say\u0131l\u0131r, milli dill\u0259rin r\u0259smi s\u0259viyy\u0259d\u0259 tan\u0131nmas\u0131 is\u0259 \u00e7ox \u00e7\u0259tin m\u0259s\u0259l\u0259 idi. Lakin Ulu \u00d6nd\u0259r Heyd\u0259r \u018fliyevin siyasi irad\u0259si v\u0259 uzaqg\u00f6r\u0259nliyi n\u0259tic\u0259sind\u0259 1978-ci il Az\u0259rbaycan SSR Konstitusiyas\u0131na Az\u0259rbaycan dilinin r\u0259smi statusu daxil edildi. Bu, xalq\u0131m\u0131z\u0131n milli ruhunu ya\u015fatmaq \u00fc\u00e7\u00fcn \u00e7ox m\u00fch\u00fcm bir add\u0131m idi.<\/p>\n<p>M\u00fcst\u0259qillik d\u00f6vr\u00fcnd\u0259 Ulu \u00d6nd\u0259r bu siyas\u0259ti daha da g\u00fccl\u0259ndirdi. 1995-ci ild\u0259 q\u0259bul edil\u0259n Konstitusiyada Az\u0259rbaycan dili d\u00f6vl\u0259t dili kimi t\u0259sbit olundu. 2002-ci ild\u0259 is\u0259 \u201cAz\u0259rbaycan Respublikas\u0131nda d\u00f6vl\u0259t dili haqq\u0131nda\u201d Qanun q\u0259bul edildi. Bu qanun say\u0259sind\u0259 ana dilimizin h\u00fcquqlar\u0131 daha da geni\u015fl\u0259ndi, d\u00f6vl\u0259t qurumlar\u0131nda, t\u0259hsil sistemind\u0259 v\u0259 c\u0259miyy\u0259td\u0259 Az\u0259rbaycan dilinin m\u00f6vqeyi m\u00f6hk\u0259ml\u0259ndirildi.<\/p>\n<p>Ulu \u00d6nd\u0259r Heyd\u0259r \u018fliyevin \u0259n b\u00f6y\u00fck t\u00f6hf\u0259l\u0259rind\u0259n biri d\u0259 Az\u0259rbaycan \u0259lifbas\u0131n\u0131n lat\u0131n qrafikas\u0131na ke\u00e7irilm\u0259si idi. 2001-ci ild\u0259 imzalanm\u0131\u015f f\u0259rmanla lat\u0131n qrafikal\u0131 \u0259lifbaya ke\u00e7id t\u0259min olundu. Bu, milli v\u0259 m\u00fcasir yaz\u0131 sistemimiz\u0259 ke\u00e7id bax\u0131m\u0131ndan \u00e7ox m\u00fch\u00fcm bir add\u0131m idi.<\/p>\n<p>Heyd\u0259r \u018fliyev \u00f6z \u00e7\u0131x\u0131\u015flar\u0131nda d\u0259f\u0259l\u0259rl\u0259 Az\u0259rbaycan dilinin z\u0259ngin v\u0259 g\u00f6z\u0259l oldu\u011funu vur\u011fulam\u0131\u015fd\u0131r. Onun dil\u0259 olan m\u00fcnasib\u0259ti yaln\u0131z bir d\u00f6vl\u0259t r\u0259hb\u0259rinin m\u00fcnasib\u0259ti deyil, h\u0259m d\u0259 bir ziyal\u0131n\u0131n, bir v\u0259t\u0259nda\u015f\u0131n dilin\u0259 olan sevgisinin t\u0259zah\u00fcr\u00fc idi. Heyd\u0259r \u018fliyev Az\u0259rbaycan dilinin yaln\u0131z ke\u00e7mi\u015fin\u0259 deyil, bu g\u00fcn\u00fc v\u0259 g\u0259l\u0259c\u0259yin\u0259 d\u0259 b\u00f6y\u00fck t\u00f6hf\u0259l\u0259r vermi\u015fdir. Onun bu sah\u0259d\u0259 g\u00f6rd\u00fcy\u00fc i\u015fl\u0259r n\u0259tic\u0259sind\u0259 Az\u0259rbaycan dili:<\/p>\n<p>\u2022\u00a0\u00a0\u00a0\u00a0\u00a0\u00a0\u00a0\u00a0\u00a0 Tam h\u00fcquqlu d\u00f6vl\u0259t dili statusu qazanm\u0131\u015f,<\/p>\n<p>\u2022\u00a0\u00a0\u00a0\u00a0\u00a0\u00a0\u00a0\u00a0\u00a0 T\u0259hsilin v\u0259 elmin dili kimi inki\u015faf etmi\u015f,<\/p>\n<p>\u2022\u00a0\u00a0\u00a0\u00a0\u00a0\u00a0\u00a0\u00a0\u00a0 Milli birliyin v\u0259 m\u0259d\u0259ni kimliyin \u0259sas daya\u011f\u0131na \u00e7evrilmi\u015fdir.<\/p>\n<p>Bu g\u00fcn d\u0259 bu siyas\u0259t Prezident \u0130lham \u018fliyev t\u0259r\u0259find\u0259n u\u011furla davam etdirilir.<\/p>\n<p>Az\u0259rbaycan dili h\u0259m \u00f6lk\u0259mizd\u0259, h\u0259m d\u0259 beyn\u0259lxalq al\u0259md\u0259 tan\u0131n\u0131r, t\u0259dris olunur v\u0259 \u00f6yr\u0259nilir. Bizl\u0259r \u2013 g\u0259nc n\u0259sil bu dili qoruyub g\u0259l\u0259c\u0259k n\u0259sill\u0259r\u0259 \u00f6t\u00fcrm\u0259liyik.<\/p>\n<p><em><strong>Nuran\u0259 N\u0259bili,<br \/>\n204 n\u00f6mr\u0259li m\u0259kt\u0259bin m\u00fc\u0259llimi<\/strong><\/em><\/p>\n","protected":false},"excerpt":{"rendered":"<p>Ulu \u00d6nd\u0259r Heyd\u0259r \u018fliyev ana dilimizin tarixi ke\u00e7mi\u015fi il\u0259 yana\u015f\u0131, m\u00f6vcud durumunu v\u0259 probleml\u0259rini daim diqq\u0259t m\u0259rk\u0259zind\u0259 saxlay\u0131b v\u0259 bu y\u00f6nd\u0259 bir s\u0131ra m\u00fch\u00fcm t\u0259dbirl\u0259rin h\u0259yata ke\u00e7irilm\u0259sin\u0259 dair imza at\u0131b. Ana dili h\u0259r bir xalq\u0131n kimliyini, m\u0259d\u0259niyy\u0259tini v\u0259 milli ruhunu ya\u015fadan m\u00fcq\u0259dd\u0259s d\u0259y\u0259rdir. Az\u0259rbaycan xalq\u0131n\u0131n milli varl\u0131\u011f\u0131n\u0131 qoruyub saxlamaq, dilini ya\u015fatmaq v\u0259 inki\u015faf etdirm\u0259k is\u0259 h\u0259r bir v\u0259t\u0259nda\u015f\u0131n borcu oldu\u011fu kimi, bunu t\u0259min ed\u0259n b\u00f6y\u00fck \u015f\u0259xsiyy\u0259tl\u0259rimizin d\u0259 tarixi xidm\u0259tidir. Bu bax\u0131mdan, xalq\u0131m\u0131z\u0131n \u00dcmummilli Lideri Heyd\u0259r \u018fliyevin Az\u0259rbaycan dili qar\u015f\u0131s\u0131ndak\u0131 xidm\u0259tl\u0259ri \u0259v\u0259zsizdir. Az\u0259rbaycan dilinin Konstitusiyada r\u0259smi dil kimi q\u0259bul olunmas\u0131 ilk&hellip;<\/p>\n","protected":false},"author":2,"featured_media":801564,"comment_status":"closed","ping_status":"closed","sticky":false,"template":"","format":"standard","meta":{"om_disable_all_campaigns":false,"_monsterinsights_skip_tracking":false,"_monsterinsights_sitenote_active":false,"_monsterinsights_sitenote_note":"","_monsterinsights_sitenote_category":0},"categories":[19],"tags":[],"aioseo_notices":[],"gutentor_comment":0,"rttpg_featured_image_url":{"full":["https:\/\/arantv.az\/wp-content\/uploads\/2025\/04\/e8d66338170228614845496754610218728.jpg",975,540,false],"landscape":["https:\/\/arantv.az\/wp-content\/uploads\/2025\/04\/e8d66338170228614845496754610218728.jpg",975,540,false],"portraits":["https:\/\/arantv.az\/wp-content\/uploads\/2025\/04\/e8d66338170228614845496754610218728.jpg",975,540,false],"thumbnail":["https:\/\/arantv.az\/wp-content\/uploads\/2025\/04\/e8d66338170228614845496754610218728-500x280.jpg",500,280,true],"medium":["https:\/\/arantv.az\/wp-content\/uploads\/2025\/04\/e8d66338170228614845496754610218728-660x365.jpg",660,365,true],"large":["https:\/\/arantv.az\/wp-content\/uploads\/2025\/04\/e8d66338170228614845496754610218728-840x465.jpg",640,354,true],"1536x1536":["https:\/\/arantv.az\/wp-content\/uploads\/2025\/04\/e8d66338170228614845496754610218728.jpg",975,540,false],"2048x2048":["https:\/\/arantv.az\/wp-content\/uploads\/2025\/04\/e8d66338170228614845496754610218728.jpg",975,540,false],"post-thumbnail":["https:\/\/arantv.az\/wp-content\/uploads\/2025\/04\/e8d66338170228614845496754610218728-240x172.jpg",240,172,true],"advps-thumb-one":["https:\/\/arantv.az\/wp-content\/uploads\/2025\/04\/e8d66338170228614845496754610218728.jpg",975,540,false]},"rttpg_author":{"display_name":"V\u00fcsal Rafiqo\u011flu","author_link":"https:\/\/arantv.az\/?author=2"},"rttpg_comment":0,"rttpg_category":"<a href=\"https:\/\/arantv.az\/?cat=19\" rel=\"category\">G\u00fcnd\u0259m<\/a>","rttpg_excerpt":"Ulu \u00d6nd\u0259r Heyd\u0259r \u018fliyev ana dilimizin tarixi ke\u00e7mi\u015fi il\u0259 yana\u015f\u0131, m\u00f6vcud durumunu v\u0259 probleml\u0259rini daim diqq\u0259t m\u0259rk\u0259zind\u0259 saxlay\u0131b v\u0259 bu y\u00f6nd\u0259 bir s\u0131ra m\u00fch\u00fcm t\u0259dbirl\u0259rin h\u0259yata ke\u00e7irilm\u0259sin\u0259 dair imza at\u0131b. Ana dili h\u0259r bir xalq\u0131n kimliyini, m\u0259d\u0259niyy\u0259tini v\u0259 milli ruhunu ya\u015fadan m\u00fcq\u0259dd\u0259s d\u0259y\u0259rdir. Az\u0259rbaycan xalq\u0131n\u0131n milli varl\u0131\u011f\u0131n\u0131 qoruyub saxlamaq, dilini ya\u015fatmaq v\u0259 inki\u015faf etdirm\u0259k is\u0259&hellip;","_links":{"self":[{"href":"https:\/\/arantv.az\/index.php?rest_route=\/wp\/v2\/posts\/801563"}],"collection":[{"href":"https:\/\/arantv.az\/index.php?rest_route=\/wp\/v2\/posts"}],"about":[{"href":"https:\/\/arantv.az\/index.php?rest_route=\/wp\/v2\/types\/post"}],"author":[{"embeddable":true,"href":"https:\/\/arantv.az\/index.php?rest_route=\/wp\/v2\/users\/2"}],"replies":[{"embeddable":true,"href":"https:\/\/arantv.az\/index.php?rest_route=%2Fwp%2Fv2%2Fcomments&post=801563"}],"version-history":[{"count":1,"href":"https:\/\/arantv.az\/index.php?rest_route=\/wp\/v2\/posts\/801563\/revisions"}],"predecessor-version":[{"id":801565,"href":"https:\/\/arantv.az\/index.php?rest_route=\/wp\/v2\/posts\/801563\/revisions\/801565"}],"wp:featuredmedia":[{"embeddable":true,"href":"https:\/\/arantv.az\/index.php?rest_route=\/wp\/v2\/media\/801564"}],"wp:attachment":[{"href":"https:\/\/arantv.az\/index.php?rest_route=%2Fwp%2Fv2%2Fmedia&parent=801563"}],"wp:term":[{"taxonomy":"category","embeddable":true,"href":"https:\/\/arantv.az\/index.php?rest_route=%2Fwp%2Fv2%2Fcategories&post=801563"},{"taxonomy":"post_tag","embeddable":true,"href":"https:\/\/arantv.az\/index.php?rest_route=%2Fwp%2Fv2%2Ftags&post=801563"}],"curies":[{"name":"wp","href":"https:\/\/api.w.org\/{rel}","templated":true}]}}