{"id":801569,"date":"2025-04-21T13:15:16","date_gmt":"2025-04-21T09:15:16","guid":{"rendered":"https:\/\/arantv.az\/?p=801569"},"modified":"2025-04-21T13:15:16","modified_gmt":"2025-04-21T09:15:16","slug":"tarixd%c9%99-iz-qoyan-%c9%99b%c9%99di-lider","status":"publish","type":"post","link":"https:\/\/arantv.az\/?p=801569","title":{"rendered":"Tarixd\u0259 iz qoyan \u0259b\u0259di lider"},"content":{"rendered":"<p>Az\u0259rbaycan xalq\u0131n\u0131n \u00dcmummilli Lideri Heyd\u0259r \u018fliyev \u00f6z f\u0259aliyy\u0259ti il\u0259 tarixd\u0259 d\u0259rin iz buraxm\u0131\u015f nadir \u015f\u0259xsiyy\u0259tl\u0259rd\u0259n biridir. Onun h\u0259yat\u0131 v\u0259 siyasi f\u0259aliyy\u0259ti, v\u0259t\u0259nin\u0259 olan sonsuz sevgisi, xalq\u0131na ba\u011fl\u0131l\u0131\u011f\u0131 v\u0259 d\u00f6vl\u0259t\u00e7iliy\u0259 sadiqliyi h\u0259r zaman b\u00f6y\u00fck c\u0259sar\u0259t v\u0259 q\u0259tiyy\u0259t t\u0259l\u0259b ed\u0259n bir m\u00f6vqed\u0259 dayanma\u011f\u0131 t\u0259l\u0259b etmi\u015fdir. \u201cC\u0259sar\u0259t v\u0259 V\u0259t\u0259n\u0259 sadiqliyi t\u0259l\u0259b ed\u0259n m\u00f6vqe\u201d dedikd\u0259, ilk olaraq a\u011fla g\u0259l\u0259n \u015f\u0259xs m\u0259hz Heyd\u0259r \u018fliyev olur.<\/p>\n<p>Heyd\u0259r \u018fliyevin h\u0259yat\u0131 boyu g\u00f6st\u0259rdiyi f\u0259aliyy\u0259tl\u0259r Az\u0259rbaycan \u00fc\u00e7\u00fcn taley\u00fckl\u00fc d\u00f6vrl\u0259rd\u0259 onun nec\u0259 \u0259sl lider oldu\u011funu s\u00fcbut etdi. SSR\u0130 d\u00f6vr\u00fcnd\u0259 y\u00fcks\u0259k v\u0259zif\u0259l\u0259r\u0259 q\u0259d\u0259r y\u00fcks\u0259lm\u0259si v\u0259 Az\u0259rbaycan\u0131 orada layiqinc\u0259 t\u0259msil etm\u0259si, milli maraqlar\u0131 m\u00fcdafi\u0259 etm\u0259si onun q\u0259tiyy\u0259tli v\u0259 c\u0259sur xarakterind\u0259n x\u0259b\u0259r verir. Onun 1969-cu ild\u0259 Az\u0259rbaycan Kommunist Partiyas\u0131n\u0131n birinci katibi se\u00e7ilm\u0259si il\u0259 \u00f6lk\u0259d\u0259 intibah d\u00f6vr\u00fc ba\u015fland\u0131. S\u0259naye, t\u0259hsil, elm v\u0259 m\u0259d\u0259niyy\u0259t sah\u0259l\u0259rind\u0259 apar\u0131lan islahatlar \u00f6lk\u0259nin inki\u015faf\u0131na b\u00f6y\u00fck t\u0259kan verdi.<\/p>\n<p>1990-c\u0131 ill\u0259rin \u0259vv\u0259ll\u0259rind\u0259, Az\u0259rbaycan m\u00fcst\u0259qilliyini b\u0259rpa etdikd\u0259n sonra \u00f6lk\u0259d\u0259 ba\u015f ver\u0259n xaos, siyasi g\u0259rginlik v\u0259 iqtisadi t\u0259n\u0259zz\u00fcl d\u00f6vl\u0259tin varl\u0131\u011f\u0131n\u0131 t\u0259hl\u00fck\u0259 alt\u0131na salm\u0131\u015fd\u0131. M\u0259hz bel\u0259 bir a\u011f\u0131r d\u00f6vrd\u0259 xalq\u0131n t\u0259kidli t\u0259l\u0259bi il\u0259 siyasi arenaya qay\u0131dan Heyd\u0259r \u018fliyev, b\u00fct\u00fcn t\u0259hl\u00fck\u0259l\u0259r\u0259 baxmayaraq m\u0259suliyy\u0259ti \u00f6z \u00fcz\u0259rin\u0259 g\u00f6t\u00fcrd\u00fc. Bu, onun v\u0259t\u0259n\u0259 v\u0259 xalqa n\u0259 q\u0259d\u0259r sadiq oldu\u011funu g\u00f6st\u0259r\u0259n \u0259n m\u00fch\u00fcm n\u00fcmun\u0259l\u0259rd\u0259n biridir. 1993-c\u00fc ild\u0259 ikinci d\u0259f\u0259 hakimiyy\u0259t\u0259 g\u0259lm\u0259si il\u0259 Az\u0259rbaycan yeni bir sabitlik m\u0259rh\u0259l\u0259sin\u0259 q\u0259d\u0259m qoydu. Bu sabitliyin \u0259ld\u0259 olunmas\u0131 is\u0259 yaln\u0131z c\u0259sar\u0259tli, uzaqg\u00f6r\u0259n v\u0259 V\u0259t\u0259nin\u0259 sadiq bir liderin f\u0259aliyy\u0259ti il\u0259 m\u00fcmk\u00fcn idi.<\/p>\n<p>Ulu \u00d6nd\u0259r Heyd\u0259r \u018fliyevin siyasi irad\u0259si v\u0259 q\u0259tiyy\u0259ti n\u0259tic\u0259sind\u0259 ke\u00e7mi\u015f m\u00fcnaqi\u015f\u0259d\u0259 at\u0259\u015fk\u0259s \u0259ld\u0259 olundu, Az\u0259rbaycan\u0131n neft strategiyas\u0131 formala\u015fd\u0131 v\u0259 \u00f6lk\u0259nin beyn\u0259lxalq al\u0259md\u0259 n\u00fcfuzu artd\u0131. Bu, onun \u201cm\u00fcst\u0259qil Az\u0259rbaycan d\u00f6vl\u0259ti \u0259b\u0259di olacaqd\u0131r\u201d tezisinin \u0259sas\u0131n\u0131 qoydu. Xalq\u0131n g\u0259l\u0259c\u0259yini d\u00fc\u015f\u00fcn\u0259n, m\u00fcst\u0259qilliyi d\u00f6nm\u0259z ed\u0259n lider kimi onun rolu \u0259v\u0259zsizdir.<\/p>\n<p>Heyd\u0259r \u018fliyev deyirdi: \u201cM\u0259n \u00f6mr\u00fcm\u00fcn qalan hiss\u0259sini d\u0259 xalq\u0131ma ba\u011f\u0131\u015flay\u0131ram.\u201d Bu s\u00f6zl\u0259r onun daxili s\u0259mimiyy\u0259tinin, v\u0259t\u0259n\u0259 olan sevgisinin v\u0259 f\u0259dakarl\u0131\u011f\u0131n\u0131n \u0259n bariz g\u00f6st\u0259ricisidir. O, h\u0259yat\u0131n\u0131 Az\u0259rbaycan xalq\u0131na h\u0259sr etmi\u015fdi. Onun f\u0259aliyy\u0259tind\u0259 \u015f\u0259xsi maraq yox, xalq\u0131n rifah\u0131, d\u00f6vl\u0259tin g\u00fccl\u0259nm\u0259si v\u0259 g\u0259l\u0259c\u0259yin t\u0259minat\u0131 dayan\u0131rd\u0131.<\/p>\n<p>N\u0259tic\u0259 etibaril\u0259, Heyd\u0259r \u018fliyevin h\u0259yat\u0131 v\u0259 f\u0259aliyy\u0259ti bir daha s\u00fcbut edir ki, xalq\u0131n etimad\u0131n\u0131 qazanmaq v\u0259 d\u00f6vl\u0259tin m\u00fcst\u0259qilliyini qorumaq \u00fc\u00e7\u00fcn yaln\u0131z c\u0259sar\u0259t v\u0259 V\u0259t\u0259n\u0259 sars\u0131lmaz sadiqlik kifay\u0259t etmir \u2013 bu d\u0259y\u0259rl\u0259ri \u0259m\u0259li f\u0259aliyy\u0259td\u0259, konkret q\u0259rarlarda v\u0259 xalqa xidm\u0259t missiyas\u0131nda g\u00f6st\u0259rm\u0259k laz\u0131md\u0131r. Heyd\u0259r \u018fliyev bu y\u00fcks\u0259k ideallar\u0131 h\u0259yat\u0131n\u0131n m\u0259nas\u0131na \u00e7evir\u0259n, tarixd\u0259 iz qoyan \u0259b\u0259di lider oldu.<\/p>\n<p><em><strong>Cahan Bayraml\u0131,<br \/>\nYAP X\u0259tai rayon t\u0259\u015fkilat\u0131n\u0131n k\u00f6n\u00fcll\u00fcs\u00fc<\/strong><\/em><\/p>\n","protected":false},"excerpt":{"rendered":"<p>Az\u0259rbaycan xalq\u0131n\u0131n \u00dcmummilli Lideri Heyd\u0259r \u018fliyev \u00f6z f\u0259aliyy\u0259ti il\u0259 tarixd\u0259 d\u0259rin iz buraxm\u0131\u015f nadir \u015f\u0259xsiyy\u0259tl\u0259rd\u0259n biridir. Onun h\u0259yat\u0131 v\u0259 siyasi f\u0259aliyy\u0259ti, v\u0259t\u0259nin\u0259 olan sonsuz sevgisi, xalq\u0131na ba\u011fl\u0131l\u0131\u011f\u0131 v\u0259 d\u00f6vl\u0259t\u00e7iliy\u0259 sadiqliyi h\u0259r zaman b\u00f6y\u00fck c\u0259sar\u0259t v\u0259 q\u0259tiyy\u0259t t\u0259l\u0259b ed\u0259n bir m\u00f6vqed\u0259 dayanma\u011f\u0131 t\u0259l\u0259b etmi\u015fdir. \u201cC\u0259sar\u0259t v\u0259 V\u0259t\u0259n\u0259 sadiqliyi t\u0259l\u0259b ed\u0259n m\u00f6vqe\u201d dedikd\u0259, ilk olaraq a\u011fla g\u0259l\u0259n \u015f\u0259xs m\u0259hz Heyd\u0259r \u018fliyev olur. Heyd\u0259r \u018fliyevin h\u0259yat\u0131 boyu g\u00f6st\u0259rdiyi f\u0259aliyy\u0259tl\u0259r Az\u0259rbaycan \u00fc\u00e7\u00fcn taley\u00fckl\u00fc d\u00f6vrl\u0259rd\u0259 onun nec\u0259 \u0259sl lider oldu\u011funu s\u00fcbut etdi. SSR\u0130 d\u00f6vr\u00fcnd\u0259 y\u00fcks\u0259k v\u0259zif\u0259l\u0259r\u0259 q\u0259d\u0259r y\u00fcks\u0259lm\u0259si v\u0259 Az\u0259rbaycan\u0131 orada layiqinc\u0259 t\u0259msil etm\u0259si, milli&hellip;<\/p>\n","protected":false},"author":2,"featured_media":801570,"comment_status":"closed","ping_status":"closed","sticky":false,"template":"","format":"standard","meta":{"om_disable_all_campaigns":false,"_monsterinsights_skip_tracking":false,"_monsterinsights_sitenote_active":false,"_monsterinsights_sitenote_note":"","_monsterinsights_sitenote_category":0},"categories":[19],"tags":[],"aioseo_notices":[],"gutentor_comment":0,"rttpg_featured_image_url":{"full":["https:\/\/arantv.az\/wp-content\/uploads\/2025\/04\/808e22af171747564061347786110484404-1.jpg",975,540,false],"landscape":["https:\/\/arantv.az\/wp-content\/uploads\/2025\/04\/808e22af171747564061347786110484404-1.jpg",975,540,false],"portraits":["https:\/\/arantv.az\/wp-content\/uploads\/2025\/04\/808e22af171747564061347786110484404-1.jpg",975,540,false],"thumbnail":["https:\/\/arantv.az\/wp-content\/uploads\/2025\/04\/808e22af171747564061347786110484404-1-500x280.jpg",500,280,true],"medium":["https:\/\/arantv.az\/wp-content\/uploads\/2025\/04\/808e22af171747564061347786110484404-1-660x365.jpg",660,365,true],"large":["https:\/\/arantv.az\/wp-content\/uploads\/2025\/04\/808e22af171747564061347786110484404-1-840x465.jpg",640,354,true],"1536x1536":["https:\/\/arantv.az\/wp-content\/uploads\/2025\/04\/808e22af171747564061347786110484404-1.jpg",975,540,false],"2048x2048":["https:\/\/arantv.az\/wp-content\/uploads\/2025\/04\/808e22af171747564061347786110484404-1.jpg",975,540,false],"post-thumbnail":["https:\/\/arantv.az\/wp-content\/uploads\/2025\/04\/808e22af171747564061347786110484404-1-240x172.jpg",240,172,true],"advps-thumb-one":["https:\/\/arantv.az\/wp-content\/uploads\/2025\/04\/808e22af171747564061347786110484404-1.jpg",975,540,false]},"rttpg_author":{"display_name":"V\u00fcsal Rafiqo\u011flu","author_link":"https:\/\/arantv.az\/?author=2"},"rttpg_comment":0,"rttpg_category":"<a href=\"https:\/\/arantv.az\/?cat=19\" rel=\"category\">G\u00fcnd\u0259m<\/a>","rttpg_excerpt":"Az\u0259rbaycan xalq\u0131n\u0131n \u00dcmummilli Lideri Heyd\u0259r \u018fliyev \u00f6z f\u0259aliyy\u0259ti il\u0259 tarixd\u0259 d\u0259rin iz buraxm\u0131\u015f nadir \u015f\u0259xsiyy\u0259tl\u0259rd\u0259n biridir. Onun h\u0259yat\u0131 v\u0259 siyasi f\u0259aliyy\u0259ti, v\u0259t\u0259nin\u0259 olan sonsuz sevgisi, xalq\u0131na ba\u011fl\u0131l\u0131\u011f\u0131 v\u0259 d\u00f6vl\u0259t\u00e7iliy\u0259 sadiqliyi h\u0259r zaman b\u00f6y\u00fck c\u0259sar\u0259t v\u0259 q\u0259tiyy\u0259t t\u0259l\u0259b ed\u0259n bir m\u00f6vqed\u0259 dayanma\u011f\u0131 t\u0259l\u0259b etmi\u015fdir. \u201cC\u0259sar\u0259t v\u0259 V\u0259t\u0259n\u0259 sadiqliyi t\u0259l\u0259b ed\u0259n m\u00f6vqe\u201d dedikd\u0259, ilk olaraq a\u011fla g\u0259l\u0259n&hellip;","_links":{"self":[{"href":"https:\/\/arantv.az\/index.php?rest_route=\/wp\/v2\/posts\/801569"}],"collection":[{"href":"https:\/\/arantv.az\/index.php?rest_route=\/wp\/v2\/posts"}],"about":[{"href":"https:\/\/arantv.az\/index.php?rest_route=\/wp\/v2\/types\/post"}],"author":[{"embeddable":true,"href":"https:\/\/arantv.az\/index.php?rest_route=\/wp\/v2\/users\/2"}],"replies":[{"embeddable":true,"href":"https:\/\/arantv.az\/index.php?rest_route=%2Fwp%2Fv2%2Fcomments&post=801569"}],"version-history":[{"count":1,"href":"https:\/\/arantv.az\/index.php?rest_route=\/wp\/v2\/posts\/801569\/revisions"}],"predecessor-version":[{"id":801571,"href":"https:\/\/arantv.az\/index.php?rest_route=\/wp\/v2\/posts\/801569\/revisions\/801571"}],"wp:featuredmedia":[{"embeddable":true,"href":"https:\/\/arantv.az\/index.php?rest_route=\/wp\/v2\/media\/801570"}],"wp:attachment":[{"href":"https:\/\/arantv.az\/index.php?rest_route=%2Fwp%2Fv2%2Fmedia&parent=801569"}],"wp:term":[{"taxonomy":"category","embeddable":true,"href":"https:\/\/arantv.az\/index.php?rest_route=%2Fwp%2Fv2%2Fcategories&post=801569"},{"taxonomy":"post_tag","embeddable":true,"href":"https:\/\/arantv.az\/index.php?rest_route=%2Fwp%2Fv2%2Ftags&post=801569"}],"curies":[{"name":"wp","href":"https:\/\/api.w.org\/{rel}","templated":true}]}}