{"id":801572,"date":"2025-04-21T13:16:09","date_gmt":"2025-04-21T09:16:09","guid":{"rendered":"https:\/\/arantv.az\/?p=801572"},"modified":"2025-04-21T13:16:09","modified_gmt":"2025-04-21T09:16:09","slug":"ugurlu-parlamentl%c9%99rarasi-%c9%99laq%c9%99","status":"publish","type":"post","link":"https:\/\/arantv.az\/?p=801572","title":{"rendered":"U\u011furlu parlamentl\u0259raras\u0131 \u0259laq\u0259"},"content":{"rendered":"<p>Az\u0259rbaycan v\u0259 G\u00fcrc\u00fcstan \u00a0aras\u0131nda formala\u015fm\u0131\u015f strateji t\u0259r\u0259fda\u015fl\u0131q m\u00fcnasib\u0259tl\u0259ri siyasi, iqtisadi v\u0259 m\u0259d\u0259ni sah\u0259l\u0259rl\u0259 yana\u015f\u0131, parlamentl\u0259raras\u0131 \u0259m\u0259kda\u015fl\u0131qda da \u00f6z\u00fcn\u00fc ayd\u0131n \u015f\u0259kild\u0259 g\u00f6st\u0259rir. H\u0259r iki \u00f6lk\u0259nin parlamentl\u0259ri aras\u0131nda qurulan \u0259laq\u0259l\u0259r qar\u015f\u0131l\u0131ql\u0131 h\u00f6rm\u0259t, suverenliy\u0259 v\u0259 \u0259razi b\u00fct\u00f6vl\u00fcy\u00fcn\u0259 d\u0259st\u0259k prinsipl\u0259rin\u0259 \u0259saslan\u0131r. Bu m\u00fcnasib\u0259tl\u0259r regionda demokratik d\u0259y\u0259rl\u0259rin, qanunvericilik t\u0259cr\u00fcb\u0259sinin v\u0259 beyn\u0259lxalq h\u00fcququn t\u0259\u015fviqin\u0259 xidm\u0259t edir.<\/p>\n<p>Az\u0259rbaycan Respublikas\u0131n\u0131n Milli M\u0259clisi v\u0259 G\u00fcrc\u00fcstan Parlamentind\u0259 f\u0259aliyy\u0259t g\u00f6st\u0259r\u0259n parlamentl\u0259raras\u0131 dostluq qruplar\u0131 iki \u00f6lk\u0259 aras\u0131nda qanunvericilik sah\u0259sind\u0259 \u0259m\u0259kda\u015fl\u0131\u011f\u0131n \u0259sas s\u00fctununu t\u0259\u015fkil edir.\u00a0 H\u0259r iki t\u0259r\u0259fd\u0259 f\u0259aliyy\u0259t g\u00f6st\u0259r\u0259n bu qruplar m\u00fct\u0259madi olaraq g\u00f6r\u00fc\u015fl\u0259r ke\u00e7irir, qanunvericilik t\u0259\u015f\u0259bb\u00fcsl\u0259ri bar\u0259d\u0259 fikir m\u00fcbadil\u0259si apar\u0131r v\u0259 ikit\u0259r\u0259fli m\u00fcnasib\u0259tl\u0259rin h\u00fcquqi bazas\u0131n\u0131n g\u00fccl\u0259ndirilm\u0259sin\u0259 \u00e7al\u0131\u015f\u0131rlar. Bu \u0259laq\u0259l\u0259r vasit\u0259sil\u0259 parlamentl\u0259r bir-birinin qanunvericilik t\u0259cr\u00fcb\u0259sind\u0259n b\u0259hr\u0259l\u0259nm\u0259k imkan\u0131 qazan\u0131r.<\/p>\n<p>Az\u0259rbaycan v\u0259 G\u00fcrc\u00fcstan Parlament s\u0259drl\u0259ri v\u0259 deputatlar aras\u0131nda ba\u015f tutan r\u0259smi s\u0259f\u0259rl\u0259r ikit\u0259r\u0259fli m\u00fcnasib\u0259tl\u0259rin inki\u015faf\u0131nda m\u00fch\u00fcm rol oynay\u0131r. Milli M\u0259clis s\u0259dri v\u0259 G\u00fcrc\u00fcstan Parlamentinin spikeri aras\u0131nda ke\u00e7iril\u0259n g\u00f6r\u00fc\u015fl\u0259r zaman\u0131 regional t\u0259hl\u00fck\u0259sizlik, enerji siyas\u0259ti, n\u0259qliyyat layih\u0259l\u0259ri, s\u0259rh\u0259d \u0259m\u0259kda\u015fl\u0131\u011f\u0131 v\u0259 dig\u0259r m\u00fch\u00fcm m\u0259s\u0259l\u0259l\u0259r \u0259traf\u0131nda m\u00fczakir\u0259l\u0259r apar\u0131l\u0131r. Parlamentl\u0259r s\u0259viyy\u0259sind\u0259 h\u0259yata ke\u00e7iril\u0259n bu dialoq d\u00f6vl\u0259tl\u0259raras\u0131 m\u00fcnasib\u0259tl\u0259rin v\u0259 davaml\u0131 siyasi sabitliyin t\u0259min olunmas\u0131na t\u00f6hf\u0259 verir.<\/p>\n<p>Az\u0259rbaycan v\u0259 G\u00fcrc\u00fcstan Parlamentl\u0259ri beyn\u0259lxalq parlament t\u0259\u015fkilatlar\u0131 \u00e7\u0259r\u00e7iv\u0259sind\u0259 d\u0259 f\u0259al \u0259m\u0259kda\u015fl\u0131q edir. H\u0259r iki \u00f6lk\u0259 AT\u018fT parlament Assambleyas\u0131, Qara D\u0259niz \u0130qtisadi T\u0259\u015fkilat\u0131 (QD\u0130\u018fT), GUAM v\u0259 dig\u0259r regional qurumlarda birg\u0259 \u00e7\u0131x\u0131\u015f ed\u0259r\u0259k \u00fcmumi maraqlar\u0131 m\u00fcdafi\u0259 edirl\u0259r. Bu \u0259m\u0259kda\u015fl\u0131q \u00e7\u0259r\u00e7iv\u0259sind\u0259 parlamentl\u0259r h\u0259m regional, h\u0259m d\u0259 beyn\u0259lxalq s\u0259viyy\u0259d\u0259 ortaq m\u00f6vqe n\u00fcmayi\u015f etdirirl\u0259r.<\/p>\n<p>Son ill\u0259rd\u0259 g\u0259nc mill\u0259t v\u0259kill\u0259ri aras\u0131nda da \u0259m\u0259kda\u015fl\u0131q m\u00fcnasib\u0259tl\u0259ri artmaqdad\u0131r. Parlamentl\u0259raras\u0131 t\u0259lim proqramlar\u0131, seminarlar v\u0259 t\u0259cr\u00fcb\u0259 m\u00fcbadil\u0259l\u0259ri g\u0259nc parlamentl\u0259rin beyn\u0259lxalq t\u0259cr\u00fcb\u0259 qazanmas\u0131na \u015f\u0259rait yarad\u0131r. Bu t\u0259\u015f\u0259bb\u00fcsl\u0259r eyni zamanda, g\u0259l\u0259c\u0259kd\u0259 d\u0259 iki \u00f6lk\u0259nin qanunverici orqanlar\u0131 aras\u0131nda daha m\u00f6hk\u0259m v\u0259 dinamik \u0259laq\u0259l\u0259rin formala\u015fmas\u0131na z\u0259min yarad\u0131r.<\/p>\n<p>Az\u0259rbaycan v\u0259 G\u00fcrc\u00fcstan Parlament\u0259ri aras\u0131nda qurulan s\u0131x v\u0259 konstruktiv m\u00fcnasib\u0259tl\u0259r t\u0259kc\u0259 ikit\u0259r\u0259fli \u0259m\u0259kda\u015fl\u0131\u011f\u0131n d\u0259rinl\u0259\u015fm\u0259sin\u0259 deyil, h\u0259m d\u0259 regionda sabitliyin v\u0259 h\u00fcquqi \u0259saslar\u0131n m\u00f6hk\u0259ml\u0259nm\u0259sin\u0259 xidm\u0259t edir. Bu \u0259laq\u0259l\u0259r siyasi dialoqun m\u00fch\u00fcm komponenti olmaqla yana\u015f\u0131, xalqlar aras\u0131nda dostlu\u011fun v\u0259 qar\u015f\u0131l\u0131ql\u0131 anla\u015fman\u0131n daha da g\u00fccl\u0259ndirilm\u0259sin\u0259 y\u00f6n\u0259lmi\u015fdir. G\u0259l\u0259c\u0259kd\u0259 bu m\u00fcnasib\u0259tl\u0259r daha da inki\u015faf ed\u0259c\u0259yi v\u0259 yeni \u0259m\u0259kda\u015fl\u0131q istiqam\u0259tl\u0259rinin yaranaca\u011f\u0131 \u015f\u00fcbh\u0259sizdir.<\/p>\n<p><em><strong>Ayg\u00fcn Xudayeva,<br \/>\n48 n\u00f6mr\u0259li m\u0259kt\u0259bin m\u00fc\u0259llimi<\/strong><\/em><\/p>\n","protected":false},"excerpt":{"rendered":"<p>Az\u0259rbaycan v\u0259 G\u00fcrc\u00fcstan \u00a0aras\u0131nda formala\u015fm\u0131\u015f strateji t\u0259r\u0259fda\u015fl\u0131q m\u00fcnasib\u0259tl\u0259ri siyasi, iqtisadi v\u0259 m\u0259d\u0259ni sah\u0259l\u0259rl\u0259 yana\u015f\u0131, parlamentl\u0259raras\u0131 \u0259m\u0259kda\u015fl\u0131qda da \u00f6z\u00fcn\u00fc ayd\u0131n \u015f\u0259kild\u0259 g\u00f6st\u0259rir. H\u0259r iki \u00f6lk\u0259nin parlamentl\u0259ri aras\u0131nda qurulan \u0259laq\u0259l\u0259r qar\u015f\u0131l\u0131ql\u0131 h\u00f6rm\u0259t, suverenliy\u0259 v\u0259 \u0259razi b\u00fct\u00f6vl\u00fcy\u00fcn\u0259 d\u0259st\u0259k prinsipl\u0259rin\u0259 \u0259saslan\u0131r. Bu m\u00fcnasib\u0259tl\u0259r regionda demokratik d\u0259y\u0259rl\u0259rin, qanunvericilik t\u0259cr\u00fcb\u0259sinin v\u0259 beyn\u0259lxalq h\u00fcququn t\u0259\u015fviqin\u0259 xidm\u0259t edir. Az\u0259rbaycan Respublikas\u0131n\u0131n Milli M\u0259clisi v\u0259 G\u00fcrc\u00fcstan Parlamentind\u0259 f\u0259aliyy\u0259t g\u00f6st\u0259r\u0259n parlamentl\u0259raras\u0131 dostluq qruplar\u0131 iki \u00f6lk\u0259 aras\u0131nda qanunvericilik sah\u0259sind\u0259 \u0259m\u0259kda\u015fl\u0131\u011f\u0131n \u0259sas s\u00fctununu t\u0259\u015fkil edir.\u00a0 H\u0259r iki t\u0259r\u0259fd\u0259 f\u0259aliyy\u0259t g\u00f6st\u0259r\u0259n bu qruplar m\u00fct\u0259madi olaraq g\u00f6r\u00fc\u015fl\u0259r ke\u00e7irir, qanunvericilik t\u0259\u015f\u0259bb\u00fcsl\u0259ri bar\u0259d\u0259 fikir m\u00fcbadil\u0259si apar\u0131r v\u0259&hellip;<\/p>\n","protected":false},"author":2,"featured_media":801573,"comment_status":"closed","ping_status":"closed","sticky":false,"template":"","format":"standard","meta":{"om_disable_all_campaigns":false,"_monsterinsights_skip_tracking":false,"_monsterinsights_sitenote_active":false,"_monsterinsights_sitenote_note":"","_monsterinsights_sitenote_category":0},"categories":[19],"tags":[],"aioseo_notices":[],"gutentor_comment":0,"rttpg_featured_image_url":{"full":["https:\/\/arantv.az\/wp-content\/uploads\/2025\/04\/da87cbc1167146637793237645111007615.jpg",975,540,false],"landscape":["https:\/\/arantv.az\/wp-content\/uploads\/2025\/04\/da87cbc1167146637793237645111007615.jpg",975,540,false],"portraits":["https:\/\/arantv.az\/wp-content\/uploads\/2025\/04\/da87cbc1167146637793237645111007615.jpg",975,540,false],"thumbnail":["https:\/\/arantv.az\/wp-content\/uploads\/2025\/04\/da87cbc1167146637793237645111007615-500x280.jpg",500,280,true],"medium":["https:\/\/arantv.az\/wp-content\/uploads\/2025\/04\/da87cbc1167146637793237645111007615-660x365.jpg",660,365,true],"large":["https:\/\/arantv.az\/wp-content\/uploads\/2025\/04\/da87cbc1167146637793237645111007615-840x465.jpg",640,354,true],"1536x1536":["https:\/\/arantv.az\/wp-content\/uploads\/2025\/04\/da87cbc1167146637793237645111007615.jpg",975,540,false],"2048x2048":["https:\/\/arantv.az\/wp-content\/uploads\/2025\/04\/da87cbc1167146637793237645111007615.jpg",975,540,false],"post-thumbnail":["https:\/\/arantv.az\/wp-content\/uploads\/2025\/04\/da87cbc1167146637793237645111007615-240x172.jpg",240,172,true],"advps-thumb-one":["https:\/\/arantv.az\/wp-content\/uploads\/2025\/04\/da87cbc1167146637793237645111007615.jpg",975,540,false]},"rttpg_author":{"display_name":"V\u00fcsal Rafiqo\u011flu","author_link":"https:\/\/arantv.az\/?author=2"},"rttpg_comment":0,"rttpg_category":"<a href=\"https:\/\/arantv.az\/?cat=19\" rel=\"category\">G\u00fcnd\u0259m<\/a>","rttpg_excerpt":"Az\u0259rbaycan v\u0259 G\u00fcrc\u00fcstan \u00a0aras\u0131nda formala\u015fm\u0131\u015f strateji t\u0259r\u0259fda\u015fl\u0131q m\u00fcnasib\u0259tl\u0259ri siyasi, iqtisadi v\u0259 m\u0259d\u0259ni sah\u0259l\u0259rl\u0259 yana\u015f\u0131, parlamentl\u0259raras\u0131 \u0259m\u0259kda\u015fl\u0131qda da \u00f6z\u00fcn\u00fc ayd\u0131n \u015f\u0259kild\u0259 g\u00f6st\u0259rir. H\u0259r iki \u00f6lk\u0259nin parlamentl\u0259ri aras\u0131nda qurulan \u0259laq\u0259l\u0259r qar\u015f\u0131l\u0131ql\u0131 h\u00f6rm\u0259t, suverenliy\u0259 v\u0259 \u0259razi b\u00fct\u00f6vl\u00fcy\u00fcn\u0259 d\u0259st\u0259k prinsipl\u0259rin\u0259 \u0259saslan\u0131r. Bu m\u00fcnasib\u0259tl\u0259r regionda demokratik d\u0259y\u0259rl\u0259rin, qanunvericilik t\u0259cr\u00fcb\u0259sinin v\u0259 beyn\u0259lxalq h\u00fcququn t\u0259\u015fviqin\u0259 xidm\u0259t edir. Az\u0259rbaycan Respublikas\u0131n\u0131n Milli M\u0259clisi v\u0259&hellip;","_links":{"self":[{"href":"https:\/\/arantv.az\/index.php?rest_route=\/wp\/v2\/posts\/801572"}],"collection":[{"href":"https:\/\/arantv.az\/index.php?rest_route=\/wp\/v2\/posts"}],"about":[{"href":"https:\/\/arantv.az\/index.php?rest_route=\/wp\/v2\/types\/post"}],"author":[{"embeddable":true,"href":"https:\/\/arantv.az\/index.php?rest_route=\/wp\/v2\/users\/2"}],"replies":[{"embeddable":true,"href":"https:\/\/arantv.az\/index.php?rest_route=%2Fwp%2Fv2%2Fcomments&post=801572"}],"version-history":[{"count":2,"href":"https:\/\/arantv.az\/index.php?rest_route=\/wp\/v2\/posts\/801572\/revisions"}],"predecessor-version":[{"id":801576,"href":"https:\/\/arantv.az\/index.php?rest_route=\/wp\/v2\/posts\/801572\/revisions\/801576"}],"wp:featuredmedia":[{"embeddable":true,"href":"https:\/\/arantv.az\/index.php?rest_route=\/wp\/v2\/media\/801573"}],"wp:attachment":[{"href":"https:\/\/arantv.az\/index.php?rest_route=%2Fwp%2Fv2%2Fmedia&parent=801572"}],"wp:term":[{"taxonomy":"category","embeddable":true,"href":"https:\/\/arantv.az\/index.php?rest_route=%2Fwp%2Fv2%2Fcategories&post=801572"},{"taxonomy":"post_tag","embeddable":true,"href":"https:\/\/arantv.az\/index.php?rest_route=%2Fwp%2Fv2%2Ftags&post=801572"}],"curies":[{"name":"wp","href":"https:\/\/api.w.org\/{rel}","templated":true}]}}