{"id":801585,"date":"2025-04-21T13:22:00","date_gmt":"2025-04-21T09:22:00","guid":{"rendered":"https:\/\/arantv.az\/?p=801585"},"modified":"2025-04-21T13:22:00","modified_gmt":"2025-04-21T09:22:00","slug":"bakidaki-d%c9%99hs%c9%99tli-yangindan-%c9%99n-son-goruntul%c9%99r-video","status":"publish","type":"post","link":"https:\/\/arantv.az\/?p=801585","title":{"rendered":"Bak\u0131dak\u0131 d\u0259h\u015f\u0259tli yan\u011f\u0131ndan \u018fN SON G\u00d6R\u00dcNT\u00dcL\u018fR &#8211; V\u0130DEO"},"content":{"rendered":"<p><strong>Nizami k\u00fc\u00e7\u0259si 196 \u00fcnvan\u0131ndak\u0131 anbarda yan\u011f\u0131n\u0131n qar\u015f\u0131s\u0131n\u0131n al\u0131nmas\u0131 \u00fc\u00e7\u00fcn t\u0259dbirl\u0259r davam etdirilir.<\/strong><\/p>\n<p><strong>Musavat.com<\/strong>-un hadis\u0259 yerind\u0259 olan \u0259m\u0259kda\u015f\u0131 x\u0259b\u0259r verir ki, haz\u0131rda F\u00f6vq\u0259lad\u0259 Hallar Nazirliyinin yan\u011f\u0131ns\u00f6nd\u00fcrm\u0259 briqadalar\u0131 yan\u011f\u0131n\u0131n lokalla\u015fd\u0131r\u0131lmas\u0131 \u00fc\u00e7\u00fcn \u00e7al\u0131\u015f\u0131rlar.<\/p>\n<p>Penitensiar Xidm\u0259tin inzibati binas\u0131n\u0131n qon\u015fulu\u011funda meydana g\u0259l\u0259n yan\u011f\u0131n\u0131n s\u00f6nd\u00fcr\u00fclm\u0259si \u00fc\u00e7\u00fcn hadis\u0259 yerin\u0259 D\u00f6vl\u0259t Yan\u011f\u0131ndan M\u00fchafiz\u0259 Xidm\u0259tinin yan\u011f\u0131ndan m\u00fchafiz\u0259 b\u00f6lm\u0259l\u0259ri \u00e7a\u011f\u0131r\u0131\u015f \u00fczr\u0259 c\u0259lb olunublar. Yan\u011f\u0131n\u0131n hans\u0131 s\u0259b\u0259bd\u0259n meydana g\u0259lm\u0259si h\u0259l\u0259lik b\u0259lli deyil.<\/p>\n<p>M\u0259lumata g\u00f6r\u0259, t\u0259xir\u0259sal\u0131nmaz t\u0259dbirl\u0259r say\u0259sind\u0259 yan\u011f\u0131n\u0131n daha geni\u015f sah\u0259y\u0259 yay\u0131lmas\u0131na imkan verilm\u0259d\u0259n m\u0259hdudla\u015fd\u0131r\u0131l\u0131b. \u018fraziy\u0259 FHN-in 6 yan\u011f\u0131ns\u00f6nd\u00fcrm\u0259 briqadas\u0131 c\u0259lb olunub.<\/p>\n<p><strong><em>Haz\u0131rda yan\u011f\u0131n davam edir.<\/em><\/strong><\/p>\n","protected":false},"excerpt":{"rendered":"<p>Nizami k\u00fc\u00e7\u0259si 196 \u00fcnvan\u0131ndak\u0131 anbarda yan\u011f\u0131n\u0131n qar\u015f\u0131s\u0131n\u0131n al\u0131nmas\u0131 \u00fc\u00e7\u00fcn t\u0259dbirl\u0259r davam etdirilir. Musavat.com-un hadis\u0259 yerind\u0259 olan \u0259m\u0259kda\u015f\u0131 x\u0259b\u0259r verir ki, haz\u0131rda F\u00f6vq\u0259lad\u0259 Hallar Nazirliyinin yan\u011f\u0131ns\u00f6nd\u00fcrm\u0259 briqadalar\u0131 yan\u011f\u0131n\u0131n lokalla\u015fd\u0131r\u0131lmas\u0131 \u00fc\u00e7\u00fcn \u00e7al\u0131\u015f\u0131rlar. Penitensiar Xidm\u0259tin inzibati binas\u0131n\u0131n qon\u015fulu\u011funda meydana g\u0259l\u0259n yan\u011f\u0131n\u0131n s\u00f6nd\u00fcr\u00fclm\u0259si \u00fc\u00e7\u00fcn hadis\u0259 yerin\u0259 D\u00f6vl\u0259t Yan\u011f\u0131ndan M\u00fchafiz\u0259 Xidm\u0259tinin yan\u011f\u0131ndan m\u00fchafiz\u0259 b\u00f6lm\u0259l\u0259ri \u00e7a\u011f\u0131r\u0131\u015f \u00fczr\u0259 c\u0259lb olunublar. Yan\u011f\u0131n\u0131n hans\u0131 s\u0259b\u0259bd\u0259n meydana g\u0259lm\u0259si h\u0259l\u0259lik b\u0259lli deyil. M\u0259lumata g\u00f6r\u0259, t\u0259xir\u0259sal\u0131nmaz t\u0259dbirl\u0259r say\u0259sind\u0259 yan\u011f\u0131n\u0131n daha geni\u015f sah\u0259y\u0259 yay\u0131lmas\u0131na imkan verilm\u0259d\u0259n m\u0259hdudla\u015fd\u0131r\u0131l\u0131b. \u018fraziy\u0259 FHN-in 6 yan\u011f\u0131ns\u00f6nd\u00fcrm\u0259 briqadas\u0131 c\u0259lb olunub. Haz\u0131rda yan\u011f\u0131n davam edir.<\/p>\n","protected":false},"author":2,"featured_media":801586,"comment_status":"closed","ping_status":"closed","sticky":false,"template":"","format":"standard","meta":{"om_disable_all_campaigns":false,"_monsterinsights_skip_tracking":false,"_monsterinsights_sitenote_active":false,"_monsterinsights_sitenote_note":"","_monsterinsights_sitenote_category":0},"categories":[5],"tags":[],"aioseo_notices":[],"gutentor_comment":0,"rttpg_featured_image_url":{"full":["https:\/\/arantv.az\/wp-content\/uploads\/2025\/04\/a1c7000306cc5186fee2fea1b18bc594.jpg",870,500,false],"landscape":["https:\/\/arantv.az\/wp-content\/uploads\/2025\/04\/a1c7000306cc5186fee2fea1b18bc594.jpg",870,500,false],"portraits":["https:\/\/arantv.az\/wp-content\/uploads\/2025\/04\/a1c7000306cc5186fee2fea1b18bc594.jpg",870,500,false],"thumbnail":["https:\/\/arantv.az\/wp-content\/uploads\/2025\/04\/a1c7000306cc5186fee2fea1b18bc594-500x280.jpg",500,280,true],"medium":["https:\/\/arantv.az\/wp-content\/uploads\/2025\/04\/a1c7000306cc5186fee2fea1b18bc594-635x365.jpg",635,365,true],"large":["https:\/\/arantv.az\/wp-content\/uploads\/2025\/04\/a1c7000306cc5186fee2fea1b18bc594-840x483.jpg",640,368,true],"1536x1536":["https:\/\/arantv.az\/wp-content\/uploads\/2025\/04\/a1c7000306cc5186fee2fea1b18bc594.jpg",870,500,false],"2048x2048":["https:\/\/arantv.az\/wp-content\/uploads\/2025\/04\/a1c7000306cc5186fee2fea1b18bc594.jpg",870,500,false],"post-thumbnail":["https:\/\/arantv.az\/wp-content\/uploads\/2025\/04\/a1c7000306cc5186fee2fea1b18bc594-240x172.jpg",240,172,true],"advps-thumb-one":["https:\/\/arantv.az\/wp-content\/uploads\/2025\/04\/a1c7000306cc5186fee2fea1b18bc594.jpg",870,500,false]},"rttpg_author":{"display_name":"V\u00fcsal Rafiqo\u011flu","author_link":"https:\/\/arantv.az\/?author=2"},"rttpg_comment":0,"rttpg_category":"<a href=\"https:\/\/arantv.az\/?cat=5\" rel=\"category\">Hadis\u0259<\/a>","rttpg_excerpt":"Nizami k\u00fc\u00e7\u0259si 196 \u00fcnvan\u0131ndak\u0131 anbarda yan\u011f\u0131n\u0131n qar\u015f\u0131s\u0131n\u0131n al\u0131nmas\u0131 \u00fc\u00e7\u00fcn t\u0259dbirl\u0259r davam etdirilir. Musavat.com-un hadis\u0259 yerind\u0259 olan \u0259m\u0259kda\u015f\u0131 x\u0259b\u0259r verir ki, haz\u0131rda F\u00f6vq\u0259lad\u0259 Hallar Nazirliyinin yan\u011f\u0131ns\u00f6nd\u00fcrm\u0259 briqadalar\u0131 yan\u011f\u0131n\u0131n lokalla\u015fd\u0131r\u0131lmas\u0131 \u00fc\u00e7\u00fcn \u00e7al\u0131\u015f\u0131rlar. Penitensiar Xidm\u0259tin inzibati binas\u0131n\u0131n qon\u015fulu\u011funda meydana g\u0259l\u0259n yan\u011f\u0131n\u0131n s\u00f6nd\u00fcr\u00fclm\u0259si \u00fc\u00e7\u00fcn hadis\u0259 yerin\u0259 D\u00f6vl\u0259t Yan\u011f\u0131ndan M\u00fchafiz\u0259 Xidm\u0259tinin yan\u011f\u0131ndan m\u00fchafiz\u0259 b\u00f6lm\u0259l\u0259ri \u00e7a\u011f\u0131r\u0131\u015f \u00fczr\u0259 c\u0259lb olunublar. Yan\u011f\u0131n\u0131n hans\u0131&hellip;","_links":{"self":[{"href":"https:\/\/arantv.az\/index.php?rest_route=\/wp\/v2\/posts\/801585"}],"collection":[{"href":"https:\/\/arantv.az\/index.php?rest_route=\/wp\/v2\/posts"}],"about":[{"href":"https:\/\/arantv.az\/index.php?rest_route=\/wp\/v2\/types\/post"}],"author":[{"embeddable":true,"href":"https:\/\/arantv.az\/index.php?rest_route=\/wp\/v2\/users\/2"}],"replies":[{"embeddable":true,"href":"https:\/\/arantv.az\/index.php?rest_route=%2Fwp%2Fv2%2Fcomments&post=801585"}],"version-history":[{"count":1,"href":"https:\/\/arantv.az\/index.php?rest_route=\/wp\/v2\/posts\/801585\/revisions"}],"predecessor-version":[{"id":801587,"href":"https:\/\/arantv.az\/index.php?rest_route=\/wp\/v2\/posts\/801585\/revisions\/801587"}],"wp:featuredmedia":[{"embeddable":true,"href":"https:\/\/arantv.az\/index.php?rest_route=\/wp\/v2\/media\/801586"}],"wp:attachment":[{"href":"https:\/\/arantv.az\/index.php?rest_route=%2Fwp%2Fv2%2Fmedia&parent=801585"}],"wp:term":[{"taxonomy":"category","embeddable":true,"href":"https:\/\/arantv.az\/index.php?rest_route=%2Fwp%2Fv2%2Fcategories&post=801585"},{"taxonomy":"post_tag","embeddable":true,"href":"https:\/\/arantv.az\/index.php?rest_route=%2Fwp%2Fv2%2Ftags&post=801585"}],"curies":[{"name":"wp","href":"https:\/\/api.w.org\/{rel}","templated":true}]}}