{"id":801588,"date":"2025-04-21T13:23:29","date_gmt":"2025-04-21T09:23:29","guid":{"rendered":"https:\/\/arantv.az\/?p=801588"},"modified":"2025-04-21T13:23:29","modified_gmt":"2025-04-21T09:23:29","slug":"boykot-olunan-parad-avropa-dovl%c9%99tl%c9%99rind%c9%99n-moskvaya-daha-bir-80-z%c9%99rb%c9%99si","status":"publish","type":"post","link":"https:\/\/arantv.az\/?p=801588","title":{"rendered":"Boykot olunan parad &#8211; Avropa d\u00f6vl\u0259tl\u0259rind\u0259n Moskvaya daha bir \u201c80\u201d z\u0259rb\u0259si"},"content":{"rendered":"<p><strong>Rusiyan\u0131n xarici i\u015fl\u0259r naziri Sergey Lavrov deyib ki, Avropa \u0130ttifaq\u0131 nasizmin dir\u00e7\u0259li\u015fi prosesind\u0259 lider oldu\u011fu \u00fc\u00e7\u00fcn may\u0131n 9-da Moskvada ke\u00e7iril\u0259c\u0259k Q\u0259l\u0259b\u0259 parad\u0131na avropal\u0131 r\u0259smi \u015f\u0259xsl\u0259rin qat\u0131lmas\u0131n\u0131 ist\u0259mir.<\/strong><\/p>\n<p>Lavrov onu da deyib ki, Rusiya nasizm ideologiyas\u0131n\u0131 h\u0259mi\u015f\u0259lik m\u0259hv etm\u0259k \u00fc\u00e7\u00fcn h\u0259r c\u00fcr s\u0259y g\u00f6st\u0259rm\u0259k niyy\u0259tind\u0259dir.<\/p>\n<p>Bu, bir ger\u00e7\u0259kdir: son ill\u0259rd\u0259 Avropada da ksenofobiya meyll\u0259ri (irq\u00e7ilik, mill\u0259t\u00e7ilik, islamofobiya) g\u00fccl\u0259nib, se\u00e7kil\u0259rd\u0259 \u0259sas\u0259n \u201cmiqrantlar\u0131n Avropaya t\u0259hl\u00fck\u0259 olmas\u0131ndan\u201d, \u201cd\u00f6vl\u0259tin \u00f6z dini, milli d\u0259y\u0259rl\u0259rini qorumaq borcu\u201dndan dan\u0131\u015fan siyasi q\u00fcvv\u0259l\u0259r daha \u00e7ox s\u0259s al\u0131rlar. Ancaq bu da bir ger\u00e7\u0259kdir ki, Avropa \u00f6lk\u0259l\u0259rind\u0259 neo-nasistl\u0259rin ideologiyas\u0131 ciddi populyarl\u0131q qazana bilmir. Onlar hans\u0131sa bir d\u00f6vl\u0259ti t\u0259kba\u015f\u0131na idar\u0259 ed\u0259c\u0259k q\u0259d\u0259r elektoral bazaya malik deyill\u0259r: ya se\u00e7ki birincisi olsalar da, koalisiya qurma\u011fa m\u00f6htac olurlar, ya da se\u00e7ki ikincisi olur, amma h\u00f6kum\u0259t kabinetin\u0259 daxil ola bilmir, ana m\u00fcxalif\u0259t m\u00f6vqeyind\u0259 qal\u0131rlar.<\/p>\n<p><img loading=\"lazy\" src=\"https:\/\/cdn.musavat.com\/news\/thumbnails\/7d3d0509ef88a167f19c2108fb1b5189.jpg\" alt=\"lavvvv.jpg (273 KB)\" width=\"700\" height=\"460\" \/><\/p>\n<p>Lavrovun xarici i\u015fl\u0259r naziri olaraq t\u0259msil etdiyi Rusiyada is\u0259 \u0259ksin\u0259dir: art\u0131q a\u00e7\u0131q \u015fovinizm d\u00f6vl\u0259t siyas\u0259tin\u0259 \u00e7evrilib. Bu \u0259traf d\u00fcnyaya m\u00fcnasib\u0259td\u0259, el\u0259c\u0259 d\u0259 Rusiyan\u0131n daxilind\u0259 ya\u015fayan etnik azl\u0131qlara, miqrantlara yana\u015fmada \u00f6z\u00fcn\u00fc bariz \u015f\u0259kild\u0259 g\u00f6st\u0259rir. H\u00f6kum\u0259t adamlar\u0131, deputatlar, s\u0259n\u0259t adamlar\u0131, s\u0131ravi \u201cpatriotlar\u201d h\u0259r f\u00fcrs\u0259td\u0259 \u201cm\u00f6ht\u0259\u015f\u0259m rus xalq\u0131n\u0131n \u00f6z tarixi \u0259z\u0259m\u0259tini b\u0259rpa etm\u0259si\u201dnd\u0259n dan\u0131\u015f\u0131r, irqi, dini, milli ayr\u0131se\u00e7kilik edir v\u0259 bunu qanunil\u0259\u015fdirir, \u201cyadellil\u0259r\u201di xor g\u00f6r\u00fcr, k\u00fctl\u0259vi \u015f\u0259kild\u0259 c\u0259zaland\u0131r\u0131r, qon\u015fu d\u00f6vl\u0259tl\u0259r\u0259 qar\u015f\u0131 t\u0259hdid sovururlar.<\/p>\n<p>B\u00fct\u00fcn bunlar nasizmin nec\u0259 bir t\u0259hl\u00fck\u0259li ideologiya oldu\u011funu g\u00f6rm\u00fc\u015f, onun ac\u0131lar\u0131n\u0131 ya\u015fam\u0131\u015f Avropan\u0131n g\u00f6z\u00fc qar\u015f\u0131s\u0131nda ba\u015f verir.<\/p>\n<p>Avropa d\u00f6vl\u0259tl\u0259rinin \u00f6z r\u0259smi \u015f\u0259xsl\u0259rini nasizm \u00fcz\u0259rind\u0259 q\u0259l\u0259b\u0259nin 80 illik yubileyini qeyd etm\u0259k \u00fc\u00e7\u00fcn Rusiyan\u0131n paytaxt\u0131na g\u00f6nd\u0259rm\u0259m\u0259sinin \u0259sas s\u0259b\u0259bi m\u0259hz Kremlin Ukraynaya qar\u015f\u0131 apard\u0131\u011f\u0131 i\u015f\u011fal\u00e7\u0131 m\u00fcharib\u0259dir. \u00d6t\u0259n \u0259srin 30-cu ill\u0259rinin sonlar\u0131nda nasist Almaniyas\u0131 hans\u0131 b\u0259han\u0259l\u0259rl\u0259 nec\u0259 siyas\u0259t yeridirdis\u0259, indiki Rusiya da eyni \u015feyi edir. Avropal\u0131 r\u0259smil\u0259rin i\u015f\u011fal\u00e7\u0131 \u00f6lk\u0259nin paytaxt\u0131na topla\u015faraq 80 il \u0259vv\u0259lki h\u0259rbi q\u0259l\u0259b\u0259nin ild\u00f6n\u00fcm\u00fcn\u00fc qeyd etm\u0259si Rusiyan\u0131n indiki h\u0259rbi t\u0259cav\u00fcz\u00fcn\u0259 d\u0259st\u0259k verm\u0259k, onu legitiml\u0259\u015fdirm\u0259k dem\u0259k olard\u0131. Avropa d\u00f6vl\u0259tl\u0259ri buna qar\u015f\u0131d\u0131r, ona g\u00f6r\u0259 d\u0259 Q\u0259l\u0259b\u0259 parad\u0131n\u0131 boykot edir.<\/p>\n<p><img loading=\"lazy\" src=\"https:\/\/cdn.musavat.com\/news\/thumbnails\/1dcdc9351c1f9e2ea9061598baaed84d.jpg\" alt=\"eyzen.jpg (40 KB)\" width=\"725\" height=\"486\" \/><\/p>\n<p><strong>\u00a0Amerikal\u0131 general Eyzenhauer v\u0259 m\u00fctt\u0259fiq qo\u015funlar\u0131n komandanlar\u0131<\/strong><\/p>\n<p>Bu q\u0259l\u0259b\u0259ni qazanan is\u0259 t\u0259kc\u0259 Rusiya v\u0259 ruslar deyil. Nasizm \u00fcz\u0259rind\u0259 q\u0259l\u0259b\u0259d\u0259 ke\u00e7mi\u015f SSR\u0130-y\u0259 daxil olan 15 m\u00fctt\u0259fiq respublikan\u0131n ham\u0131s\u0131n\u0131n, h\u0259m\u00e7inin AB\u015e v\u0259 B\u00f6y\u00fck Britaniyan\u0131n, Fransa, \u0130taliya, Yuqoslaviya m\u00fcqavim\u0259t h\u0259r\u0259katlar\u0131n\u0131n rolu var. T\u0259kc\u0259 Rusiyan\u0131n \u00fcmidin\u0259 qalsayd\u0131, Hitler Xabarovska q\u0259d\u0259r ged\u0259r, orada Yaponiya il\u0259 s\u00fclh dan\u0131\u015f\u0131qlar\u0131 aparar v\u0259 SSR\u0130-ni b\u00f6l\u0259rdi.<\/p>\n<p>Bu g\u00fcn h\u0259r bir tarix\u00e7i \u00fc\u00e7\u00fcn b\u0259lli faktd\u0131r ki, AB\u015e-nin v\u0259 B\u00f6y\u00fck Britaniyan\u0131n \u00f6l\u00e7\u00fcy\u0259g\u0259lm\u0259z h\u0259rbi yard\u0131mlar\u0131 olmasa, sovet-alman m\u00fcharib\u0259si iki ilin i\u00e7ind\u0259 ba\u015fa \u00e7atard\u0131.<\/p>\n<p>Ancaq indi m\u0259hz Rusiya Hitler Almaniyas\u0131 \u00fcz\u0259rind\u0259 q\u0259l\u0259b\u0259y\u0259 sahib \u00e7\u0131x\u0131r v\u0259 bu zaman \u00f6z\u00fcn\u0259 \u015f\u0259rik qo\u015fmur. Bu da Avropa d\u00f6vl\u0259tl\u0259rini Moskvada ke\u00e7iril\u0259c\u0259k Q\u0259l\u0259b\u0259 parad\u0131nda i\u015ftirakdan \u00e7\u0259kindir\u0259c\u0259k amildir. Avropal\u0131lar Moskvaya g\u0259l\u0259r\u0259k prezident Putinin b\u00fct\u00fcn d\u00fcnyaya h\u0259rbi q\u00fcdr\u0259t, \u0259z\u0259l\u0259 n\u00fcmayi\u015f etdirm\u0259si \u015fousunda i\u015ftirak etm\u0259k ist\u0259mirl\u0259r.<\/p>\n<p>Lavrov v\u0259 dig\u0259r Kreml t\u0259bli\u011fat\u00e7\u0131lar\u0131 kollektiv Q\u0259rbi bu m\u00f6vqeyini nasizmin dir\u00e7\u0259li\u015fi kimi q\u0259l\u0259m\u0259 verm\u0259k ist\u0259yirl\u0259r, amma \u00f6zl\u0259ri deyir, \u00f6zl\u0259ri e\u015fidirl\u0259r.<\/p>\n<p>\u201cBiz buna d\u00f6zm\u0259y\u0259c\u0259yik, bu ideologiyan\u0131n ba\u015f qald\u0131rmamas\u0131, bird\u0259f\u0259lik m\u0259hv edilm\u0259si v\u0259 Avropan\u0131n \u00f6z d\u0259y\u0259rl\u0259rin\u0259 qay\u0131tmas\u0131 \u00fc\u00e7\u00fcn \u0259limizd\u0259n g\u0259l\u0259ni ed\u0259c\u0259yik\u201d, &#8211; dey\u0259n Lavrova Avropa d\u00f6vl\u0259tl\u0259rind\u0259n reaksiya ver\u0259n yoxdur. Art\u0131q \u201cqoca qit\u0259\u201dd\u0259 ruslarla polemikaya girm\u0259k ist\u0259mirl\u0259r. Onlar Kremll\u0259 h\u0259r hans\u0131 bir dan\u0131\u015f\u0131\u011f\u0131n, s\u00f6vd\u0259l\u0259\u015fm\u0259nin xeyri olmad\u0131\u011f\u0131 q\u0259na\u0259tin\u0259 g\u0259libl\u0259r.<\/p>\n<p>Ancaq II d\u00fcnya m\u00fcharib\u0259sind\u0259n sonra SSR\u0130-nin satellitin\u0259 \u00e7evrilmi\u015f Macar\u0131stan, Serbiya, Slovakiya kimi \u00f6lk\u0259l\u0259rin liderl\u0259ri y\u0259qin ki, Moskvaya g\u0259l\u0259c\u0259k, Q\u0259l\u0259b\u0259 parad\u0131na tama\u015fa ed\u0259c\u0259kl\u0259r. Vaxtil\u0259 t\u0259krar\u0259n SSR\u0130-nin h\u0259rbi t\u0259cav\u00fcz\u00fcn\u0259 m\u0259ruz qalm\u0131\u015f bu \u00f6lk\u0259l\u0259rd\u0259, g\u00f6r\u00fcn\u00fcr, t\u0259sirli t\u0259r\u0259fdarlar korpusu yarad\u0131l\u0131bm\u0131\u015f, ona g\u00f6r\u0259 d\u0259 onlar h\u0259l\u0259 d\u0259 Moskvaya boylan\u0131rlar.<\/p>\n<p><img loading=\"lazy\" src=\"https:\/\/cdn.musavat.com\/news\/thumbnails\/7a10091485faada449307abec5ac2d39.jpg\" alt=\"kayakal.JPG (31 KB)\" width=\"745\" height=\"420\" \/><\/p>\n<p>Bir ne\u00e7\u0259 g\u00fcn \u00f6nc\u0259 Avropa \u0130ttifaq\u0131n\u0131n xarici i\u015fl\u0259r naziri\u00a0<strong>Kaya Kallas<\/strong>\u00a0bildirib ki, birlik Avropa liderl\u0259ri v\u0259 r\u0259smil\u0259rinin Moskvada 9 Maya dair m\u0259rasimd\u0259 ist\u0259nil\u0259n formada i\u015ftirak\u0131n\u0131 ciddi q\u0259bul ed\u0259c\u0259k. Kallas A\u0130-y\u0259 namiz\u0259d \u00f6lk\u0259l\u0259rin n\u00fcmay\u0259nd\u0259 hey\u0259tl\u0259rinin s\u0259f\u0259rin\u0259 qar\u015f\u0131 x\u0259b\u0259rdarl\u0131q edib. \u201cTeleqraf\u201d q\u0259zeti yaz\u0131b ki, Serbiya prezidenti Aleksandr Vu\u00e7i\u00e7 parad \u00fc\u00e7\u00fcn Moskvaya g\u0259l\u0259rs\u0259, \u00f6lk\u0259sinin ittifaqa daxil olmas\u0131 r\u0259dd edil\u0259 bil\u0259r. Serbiya prezidenti is\u0259 A\u0130-nin t\u0259zyiqin\u0259 baxmayaraq Moskvaya s\u0259f\u0259r ed\u0259c\u0259yini bildirib.<\/p>\n<p><img loading=\"lazy\" src=\"https:\/\/cdn.musavat.com\/news\/thumbnails\/a82caf9af76e75bea01a6f58ce16cf79.jpg\" alt=\"fikkko.jpg (57 KB)\" width=\"744\" height=\"419\" \/><\/p>\n<p>Slovakiyan\u0131n ba\u015f naziri Robert Fiko da Moskvaya s\u0259f\u0259r etm\u0259yi planla\u015fd\u0131rd\u0131\u011f\u0131n\u0131 deyib. Onun s\u00f6zl\u0259rin\u0259 g\u00f6r\u0259, Slovakiya suveren \u00f6lk\u0259dir, ona g\u00f6r\u0259 d\u0259 he\u00e7 kim ona hara getm\u0259li oldu\u011funu dey\u0259 bilm\u0259z. Parad zaman\u0131 o, \u201cSlovakiyan\u0131n azad edilm\u0259sind\u0259 h\u0259lak olan minl\u0259rl\u0259 q\u0131rm\u0131z\u0131 ordu \u0259sg\u0259rinin xatir\u0259sini yad etm\u0259yi\u201d planla\u015fd\u0131r\u0131r.<\/p>\n<p>Ke\u00e7mi\u015f SSR\u0130 respublikalar\u0131n\u0131n \u00e7oxunun Moskvadak\u0131 paradda i\u015ftirak\u0131 bir ne\u00e7\u0259 s\u0259b\u0259bd\u0259n lab\u00fcdd\u00fcr. Burada nasizm \u00fcz\u0259rind\u0259 q\u0259l\u0259b\u0259d\u0259 pay sahibi olmaq fakt\u0131 il\u0259 yana\u015f\u0131, h\u0259l\u0259 d\u0259 postsovet m\u0259kan\u0131ndan cayna\u011f\u0131n\u0131 \u00e7\u0259km\u0259y\u0259n \u201crus ay\u0131s\u0131\u201d amili d\u0259 var. H\u0259tta son ill\u0259rd\u0259 Rusiya il\u0259 \u201csi\u00e7an-pi\u015fik\u201d oynayan Erm\u0259nistan\u0131n ba\u015f naziri Nikol Pa\u015finyan da Moskvaya ged\u0259c\u0259k.<\/p>\n<p>Ancaq bu, nasizm \u00fcz\u0259rind\u0259 q\u0259l\u0259b\u0259nin 80 illiyi m\u0259rasiminin 45 il \u00f6nc\u0259 boykot olunan \u201cMoskva-80\u201d olimpiadas\u0131 kimi boykot olunmas\u0131n\u0131n qar\u015f\u0131s\u0131n\u0131 almayacaq.<\/p>\n<p><strong>Araz Altayl\u0131, Musavat.com<\/strong><\/p>\n<p>&nbsp;<\/p>\n","protected":false},"excerpt":{"rendered":"<p>Rusiyan\u0131n xarici i\u015fl\u0259r naziri Sergey Lavrov deyib ki, Avropa \u0130ttifaq\u0131 nasizmin dir\u00e7\u0259li\u015fi prosesind\u0259 lider oldu\u011fu \u00fc\u00e7\u00fcn may\u0131n 9-da Moskvada ke\u00e7iril\u0259c\u0259k Q\u0259l\u0259b\u0259 parad\u0131na avropal\u0131 r\u0259smi \u015f\u0259xsl\u0259rin qat\u0131lmas\u0131n\u0131 ist\u0259mir. Lavrov onu da deyib ki, Rusiya nasizm ideologiyas\u0131n\u0131 h\u0259mi\u015f\u0259lik m\u0259hv etm\u0259k \u00fc\u00e7\u00fcn h\u0259r c\u00fcr s\u0259y g\u00f6st\u0259rm\u0259k niyy\u0259tind\u0259dir. Bu, bir ger\u00e7\u0259kdir: son ill\u0259rd\u0259 Avropada da ksenofobiya meyll\u0259ri (irq\u00e7ilik, mill\u0259t\u00e7ilik, islamofobiya) g\u00fccl\u0259nib, se\u00e7kil\u0259rd\u0259 \u0259sas\u0259n \u201cmiqrantlar\u0131n Avropaya t\u0259hl\u00fck\u0259 olmas\u0131ndan\u201d, \u201cd\u00f6vl\u0259tin \u00f6z dini, milli d\u0259y\u0259rl\u0259rini qorumaq borcu\u201dndan dan\u0131\u015fan siyasi q\u00fcvv\u0259l\u0259r daha \u00e7ox s\u0259s al\u0131rlar. Ancaq bu da bir ger\u00e7\u0259kdir ki, Avropa \u00f6lk\u0259l\u0259rind\u0259 neo-nasistl\u0259rin ideologiyas\u0131 ciddi populyarl\u0131q qazana&hellip;<\/p>\n","protected":false},"author":2,"featured_media":801589,"comment_status":"closed","ping_status":"closed","sticky":false,"template":"","format":"standard","meta":{"om_disable_all_campaigns":false,"_monsterinsights_skip_tracking":false,"_monsterinsights_sitenote_active":false,"_monsterinsights_sitenote_note":"","_monsterinsights_sitenote_category":0},"categories":[19],"tags":[],"aioseo_notices":[],"gutentor_comment":0,"rttpg_featured_image_url":{"full":["https:\/\/arantv.az\/wp-content\/uploads\/2025\/04\/9563ddc0fff731ee79790542296434ba.jpg",824,474,false],"landscape":["https:\/\/arantv.az\/wp-content\/uploads\/2025\/04\/9563ddc0fff731ee79790542296434ba.jpg",824,474,false],"portraits":["https:\/\/arantv.az\/wp-content\/uploads\/2025\/04\/9563ddc0fff731ee79790542296434ba.jpg",824,474,false],"thumbnail":["https:\/\/arantv.az\/wp-content\/uploads\/2025\/04\/9563ddc0fff731ee79790542296434ba-500x280.jpg",500,280,true],"medium":["https:\/\/arantv.az\/wp-content\/uploads\/2025\/04\/9563ddc0fff731ee79790542296434ba-635x365.jpg",635,365,true],"large":["https:\/\/arantv.az\/wp-content\/uploads\/2025\/04\/9563ddc0fff731ee79790542296434ba.jpg",640,368,false],"1536x1536":["https:\/\/arantv.az\/wp-content\/uploads\/2025\/04\/9563ddc0fff731ee79790542296434ba.jpg",824,474,false],"2048x2048":["https:\/\/arantv.az\/wp-content\/uploads\/2025\/04\/9563ddc0fff731ee79790542296434ba.jpg",824,474,false],"post-thumbnail":["https:\/\/arantv.az\/wp-content\/uploads\/2025\/04\/9563ddc0fff731ee79790542296434ba-240x172.jpg",240,172,true],"advps-thumb-one":["https:\/\/arantv.az\/wp-content\/uploads\/2025\/04\/9563ddc0fff731ee79790542296434ba.jpg",824,474,false]},"rttpg_author":{"display_name":"V\u00fcsal Rafiqo\u011flu","author_link":"https:\/\/arantv.az\/?author=2"},"rttpg_comment":0,"rttpg_category":"<a href=\"https:\/\/arantv.az\/?cat=19\" rel=\"category\">G\u00fcnd\u0259m<\/a>","rttpg_excerpt":"Rusiyan\u0131n xarici i\u015fl\u0259r naziri Sergey Lavrov deyib ki, Avropa \u0130ttifaq\u0131 nasizmin dir\u00e7\u0259li\u015fi prosesind\u0259 lider oldu\u011fu \u00fc\u00e7\u00fcn may\u0131n 9-da Moskvada ke\u00e7iril\u0259c\u0259k Q\u0259l\u0259b\u0259 parad\u0131na avropal\u0131 r\u0259smi \u015f\u0259xsl\u0259rin qat\u0131lmas\u0131n\u0131 ist\u0259mir. Lavrov onu da deyib ki, Rusiya nasizm ideologiyas\u0131n\u0131 h\u0259mi\u015f\u0259lik m\u0259hv etm\u0259k \u00fc\u00e7\u00fcn h\u0259r c\u00fcr s\u0259y g\u00f6st\u0259rm\u0259k niyy\u0259tind\u0259dir. Bu, bir ger\u00e7\u0259kdir: son ill\u0259rd\u0259 Avropada da ksenofobiya meyll\u0259ri (irq\u00e7ilik, mill\u0259t\u00e7ilik,&hellip;","_links":{"self":[{"href":"https:\/\/arantv.az\/index.php?rest_route=\/wp\/v2\/posts\/801588"}],"collection":[{"href":"https:\/\/arantv.az\/index.php?rest_route=\/wp\/v2\/posts"}],"about":[{"href":"https:\/\/arantv.az\/index.php?rest_route=\/wp\/v2\/types\/post"}],"author":[{"embeddable":true,"href":"https:\/\/arantv.az\/index.php?rest_route=\/wp\/v2\/users\/2"}],"replies":[{"embeddable":true,"href":"https:\/\/arantv.az\/index.php?rest_route=%2Fwp%2Fv2%2Fcomments&post=801588"}],"version-history":[{"count":1,"href":"https:\/\/arantv.az\/index.php?rest_route=\/wp\/v2\/posts\/801588\/revisions"}],"predecessor-version":[{"id":801590,"href":"https:\/\/arantv.az\/index.php?rest_route=\/wp\/v2\/posts\/801588\/revisions\/801590"}],"wp:featuredmedia":[{"embeddable":true,"href":"https:\/\/arantv.az\/index.php?rest_route=\/wp\/v2\/media\/801589"}],"wp:attachment":[{"href":"https:\/\/arantv.az\/index.php?rest_route=%2Fwp%2Fv2%2Fmedia&parent=801588"}],"wp:term":[{"taxonomy":"category","embeddable":true,"href":"https:\/\/arantv.az\/index.php?rest_route=%2Fwp%2Fv2%2Fcategories&post=801588"},{"taxonomy":"post_tag","embeddable":true,"href":"https:\/\/arantv.az\/index.php?rest_route=%2Fwp%2Fv2%2Ftags&post=801588"}],"curies":[{"name":"wp","href":"https:\/\/api.w.org\/{rel}","templated":true}]}}