{"id":801660,"date":"2025-04-21T17:54:33","date_gmt":"2025-04-21T13:54:33","guid":{"rendered":"https:\/\/arantv.az\/?p=801660"},"modified":"2025-04-21T17:54:33","modified_gmt":"2025-04-21T13:54:33","slug":"orxan-fikr%c9%99toglu-yuks%c9%99k-v%c9%99zif%c9%99y%c9%99-t%c9%99yin-olundu","status":"publish","type":"post","link":"https:\/\/arantv.az\/?p=801660","title":{"rendered":"Orxan Fikr\u0259to\u011flu Y\u00dcKS\u018fK V\u018fZ\u0130F\u018fY\u018f t\u0259yin olundu"},"content":{"rendered":"<p><strong>M\u0259d\u0259niyy\u0259t naziri Adil K\u0259rimlinin m\u00fcvafiq \u0259mri il\u0259 bu v\u0259zif\u0259y\u0259 \u018fm\u0259kdar inc\u0259s\u0259n\u0259t xadimi, yaz\u0131\u00e7\u0131, publisist Orxan Fikr\u0259to\u011flu (Orxan Sad\u0131qov) t\u0259yinat al\u0131b.<\/strong><\/p>\n<p><strong>ARANTV.AZ <\/strong>\u00a0x\u0259b\u0259r verir ki, o, M\u0259d\u0259niyy\u0259t Nazirliyinin f\u0259aliyy\u0259t istiqam\u0259tl\u0259ri \u00fczr\u0259 bir ne\u00e7\u0259 vacib sah\u0259nin koordinasiyas\u0131n\u0131 h\u0259yata ke\u00e7ir\u0259c\u0259k.<\/p>\n<p>Orxan Fikr\u0259to\u011flu uzun m\u00fcdd\u0259t m\u00fcxt\u0259lif media orqanlar\u0131nda v\u0259 bir s\u0131ra qurumlarda f\u0259aliyy\u0259t g\u00f6st\u0259rib.<\/p>\n<p>Bu t\u0259yinatad\u0259k M\u0259d\u0259niyy\u0259t Nazirliyinin tabeliyind\u0259ki Az\u0259rbaycan Respublikas\u0131 Kino Agentliyinin ba\u015f direktorun s\u0259lahiyy\u0259tl\u0259rini m\u00fcv\u0259qq\u0259ti icra edib.<\/p>\n","protected":false},"excerpt":{"rendered":"<p>M\u0259d\u0259niyy\u0259t naziri Adil K\u0259rimlinin m\u00fcvafiq \u0259mri il\u0259 bu v\u0259zif\u0259y\u0259 \u018fm\u0259kdar inc\u0259s\u0259n\u0259t xadimi, yaz\u0131\u00e7\u0131, publisist Orxan Fikr\u0259to\u011flu (Orxan Sad\u0131qov) t\u0259yinat al\u0131b. ARANTV.AZ \u00a0x\u0259b\u0259r verir ki, o, M\u0259d\u0259niyy\u0259t Nazirliyinin f\u0259aliyy\u0259t istiqam\u0259tl\u0259ri \u00fczr\u0259 bir ne\u00e7\u0259 vacib sah\u0259nin koordinasiyas\u0131n\u0131 h\u0259yata ke\u00e7ir\u0259c\u0259k. Orxan Fikr\u0259to\u011flu uzun m\u00fcdd\u0259t m\u00fcxt\u0259lif media orqanlar\u0131nda v\u0259 bir s\u0131ra qurumlarda f\u0259aliyy\u0259t g\u00f6st\u0259rib. Bu t\u0259yinatad\u0259k M\u0259d\u0259niyy\u0259t Nazirliyinin tabeliyind\u0259ki Az\u0259rbaycan Respublikas\u0131 Kino Agentliyinin ba\u015f direktorun s\u0259lahiyy\u0259tl\u0259rini m\u00fcv\u0259qq\u0259ti icra edib.<\/p>\n","protected":false},"author":2,"featured_media":801661,"comment_status":"closed","ping_status":"closed","sticky":false,"template":"","format":"standard","meta":{"om_disable_all_campaigns":false,"_monsterinsights_skip_tracking":false,"_monsterinsights_sitenote_active":false,"_monsterinsights_sitenote_note":"","_monsterinsights_sitenote_category":0},"categories":[1],"tags":[],"aioseo_notices":[],"gutentor_comment":0,"rttpg_featured_image_url":{"full":["https:\/\/arantv.az\/wp-content\/uploads\/2025\/04\/c3577bfed712288cc1b5b70b77c2f9f1.jpg",870,500,false],"landscape":["https:\/\/arantv.az\/wp-content\/uploads\/2025\/04\/c3577bfed712288cc1b5b70b77c2f9f1.jpg",870,500,false],"portraits":["https:\/\/arantv.az\/wp-content\/uploads\/2025\/04\/c3577bfed712288cc1b5b70b77c2f9f1.jpg",870,500,false],"thumbnail":["https:\/\/arantv.az\/wp-content\/uploads\/2025\/04\/c3577bfed712288cc1b5b70b77c2f9f1-500x280.jpg",500,280,true],"medium":["https:\/\/arantv.az\/wp-content\/uploads\/2025\/04\/c3577bfed712288cc1b5b70b77c2f9f1-635x365.jpg",635,365,true],"large":["https:\/\/arantv.az\/wp-content\/uploads\/2025\/04\/c3577bfed712288cc1b5b70b77c2f9f1-840x483.jpg",640,368,true],"1536x1536":["https:\/\/arantv.az\/wp-content\/uploads\/2025\/04\/c3577bfed712288cc1b5b70b77c2f9f1.jpg",870,500,false],"2048x2048":["https:\/\/arantv.az\/wp-content\/uploads\/2025\/04\/c3577bfed712288cc1b5b70b77c2f9f1.jpg",870,500,false],"post-thumbnail":["https:\/\/arantv.az\/wp-content\/uploads\/2025\/04\/c3577bfed712288cc1b5b70b77c2f9f1-240x172.jpg",240,172,true],"advps-thumb-one":["https:\/\/arantv.az\/wp-content\/uploads\/2025\/04\/c3577bfed712288cc1b5b70b77c2f9f1.jpg",870,500,false]},"rttpg_author":{"display_name":"V\u00fcsal Rafiqo\u011flu","author_link":"https:\/\/arantv.az\/?author=2"},"rttpg_comment":0,"rttpg_category":"<a href=\"https:\/\/arantv.az\/?cat=1\" rel=\"category\">C\u0259miyy\u0259t<\/a>","rttpg_excerpt":"M\u0259d\u0259niyy\u0259t naziri Adil K\u0259rimlinin m\u00fcvafiq \u0259mri il\u0259 bu v\u0259zif\u0259y\u0259 \u018fm\u0259kdar inc\u0259s\u0259n\u0259t xadimi, yaz\u0131\u00e7\u0131, publisist Orxan Fikr\u0259to\u011flu (Orxan Sad\u0131qov) t\u0259yinat al\u0131b. ARANTV.AZ \u00a0x\u0259b\u0259r verir ki, o, M\u0259d\u0259niyy\u0259t Nazirliyinin f\u0259aliyy\u0259t istiqam\u0259tl\u0259ri \u00fczr\u0259 bir ne\u00e7\u0259 vacib sah\u0259nin koordinasiyas\u0131n\u0131 h\u0259yata ke\u00e7ir\u0259c\u0259k. Orxan Fikr\u0259to\u011flu uzun m\u00fcdd\u0259t m\u00fcxt\u0259lif media orqanlar\u0131nda v\u0259 bir s\u0131ra qurumlarda f\u0259aliyy\u0259t g\u00f6st\u0259rib. Bu t\u0259yinatad\u0259k M\u0259d\u0259niyy\u0259t Nazirliyinin tabeliyind\u0259ki&hellip;","_links":{"self":[{"href":"https:\/\/arantv.az\/index.php?rest_route=\/wp\/v2\/posts\/801660"}],"collection":[{"href":"https:\/\/arantv.az\/index.php?rest_route=\/wp\/v2\/posts"}],"about":[{"href":"https:\/\/arantv.az\/index.php?rest_route=\/wp\/v2\/types\/post"}],"author":[{"embeddable":true,"href":"https:\/\/arantv.az\/index.php?rest_route=\/wp\/v2\/users\/2"}],"replies":[{"embeddable":true,"href":"https:\/\/arantv.az\/index.php?rest_route=%2Fwp%2Fv2%2Fcomments&post=801660"}],"version-history":[{"count":2,"href":"https:\/\/arantv.az\/index.php?rest_route=\/wp\/v2\/posts\/801660\/revisions"}],"predecessor-version":[{"id":801663,"href":"https:\/\/arantv.az\/index.php?rest_route=\/wp\/v2\/posts\/801660\/revisions\/801663"}],"wp:featuredmedia":[{"embeddable":true,"href":"https:\/\/arantv.az\/index.php?rest_route=\/wp\/v2\/media\/801661"}],"wp:attachment":[{"href":"https:\/\/arantv.az\/index.php?rest_route=%2Fwp%2Fv2%2Fmedia&parent=801660"}],"wp:term":[{"taxonomy":"category","embeddable":true,"href":"https:\/\/arantv.az\/index.php?rest_route=%2Fwp%2Fv2%2Fcategories&post=801660"},{"taxonomy":"post_tag","embeddable":true,"href":"https:\/\/arantv.az\/index.php?rest_route=%2Fwp%2Fv2%2Ftags&post=801660"}],"curies":[{"name":"wp","href":"https:\/\/api.w.org\/{rel}","templated":true}]}}