{"id":801664,"date":"2025-04-21T17:55:37","date_gmt":"2025-04-21T13:55:37","guid":{"rendered":"https:\/\/arantv.az\/?p=801664"},"modified":"2025-04-21T17:55:37","modified_gmt":"2025-04-21T13:55:37","slug":"s%c9%99m%c9%99rq%c9%99nd-zirv%c9%99si-v%c9%99-turk-dovl%c9%99tl%c9%99ri-kktc-ni-kim-niy%c9%99-v%c9%99-nec%c9%99-satmadi-kipr-nazirind%c9%99n-d%c9%99rslik-kimi-aciqlama","status":"publish","type":"post","link":"https:\/\/arantv.az\/?p=801664","title":{"rendered":"S\u0259m\u0259rq\u0259nd zirv\u0259si v\u0259 T\u00fcrk d\u00f6vl\u0259tl\u0259ri: KKTC-ni kim, niy\u0259 v\u0259 nec\u0259 satmad\u0131? \u2013 Kipr nazirind\u0259n d\u0259rslik kimi a\u00e7\u0131qlama"},"content":{"rendered":"<p><strong>X\u0259b\u0259r verdiyimiz kimi, aprelin 4-d\u0259 \u00d6zb\u0259kistanda ke\u00e7iril\u0259n Orta Asiya v\u0259 Avropa \u0130ttifaq\u0131 sammitind\u0259 \u00d6zb\u0259kistan, T\u00fcrkm\u0259nistan v\u0259 Qazax\u0131stan BMT T\u015e-nin \u015eimali Kipr T\u00fcrk Respublikas\u0131n\u0131n qurulmas\u0131n\u0131 q\u0131nayan v\u0259 onu tan\u0131mama\u011fa \u00e7a\u011f\u0131ran 541 v\u0259 550 sayl\u0131 q\u0259tnam\u0259ni q\u0259bul edib, sadiq olduqlar\u0131n\u0131 b\u0259yan etdil\u0259r.<\/strong><\/p>\n<p><strong><img loading=\"lazy\" src=\"https:\/\/cdn.musavat.com\/news\/thumbnails\/d5c19f6db4675cf62de111b0ab13db86.jpg\" alt=\"SAD\u0130R.jpeg (94 KB)\" width=\"700\" height=\"436\" \/><\/strong><\/p>\n<p>\u00dcst\u0259lik, art\u0131q yanvardan etibar\u0259n Orta Asiya respublikalar\u0131 Yunan Kiprin\u0259 s\u0259fir t\u0259yin etm\u0259y\u0259 ba\u015flay\u0131b. \u0130ctimai v\u0259 media s\u0259viyy\u0259sind\u0259 Orta Asiya respublikalar\u0131na qar\u015f\u0131 s\u0259rt bir q\u0131naq, t\u0259nqid m\u00f6vcuddur.<\/p>\n<p><strong>Musavat.com<\/strong>-un x\u0259b\u0259rin\u0259 g\u00f6r\u0259, \u015eimali Kiprin ictimai i\u015fl\u0259r v\u0259 n\u0259qliyyat naziri Erhan Ar\u0131kl\u0131 a\u00e7\u0131qlama ver\u0259r\u0259k bildirib ki, t\u00fcrk d\u00f6vl\u0259tl\u0259rinin bel\u0259 bir add\u0131m atmas\u0131 hidd\u0259t\u0259 s\u0259b\u0259b olub:<\/p>\n<p>\u201cAvropa \u0130ttifaq\u0131 (A\u0130) v\u0259 M\u0259rk\u0259zi Asiya \u00f6lk\u0259l\u0259ri aras\u0131nda 4 aprel 2025-ci ild\u0259 S\u0259m\u0259rq\u0259ndd\u0259 ke\u00e7irilmi\u015f zirv\u0259 g\u00f6r\u00fc\u015f\u00fcnd\u0259 dost v\u0259 qarda\u015f \u00f6lk\u0259l\u0259rin BMT-nin 541 v\u0259 550 sayl\u0131 q\u0259tnam\u0259l\u0259rin\u0259 sadiq olduqlar\u0131n\u0131 b\u0259yan etm\u0259l\u0259ri T\u00fcrkiy\u0259 v\u0259 \u015eimali Kipr T\u00fcrk Cumhuriyy\u0259tind\u0259 haql\u0131 hidd\u0259t\u0259 s\u0259b\u0259b olub. T\u00fcrk D\u00f6vl\u0259tl\u0259ri T\u0259\u015fkilat\u0131n\u0131n \u00fczv\u00fc olan bu \u00f6lk\u0259l\u0259rin KKTC-ni 12 milyard avroya satd\u0131qlar\u0131 v\u0259 T\u00fcrkiy\u0259ni k\u00fcr\u0259yind\u0259n b\u0131\u00e7aqlad\u0131\u011f\u0131 bildirildi.<\/p>\n<p><img loading=\"lazy\" src=\"https:\/\/cdn.musavat.com\/news\/thumbnails\/9b6ee9018f4a3cd4b99e75248ddf0aa5.jpg\" alt=\"ERHAN EN SON.jpg (108 KB)\" width=\"700\" height=\"397\" \/><\/p>\n<p>H\u0259m T\u00fcrkiy\u0259, h\u0259m d\u0259 KKTC m\u00fcxalif\u0259ti T\u00fcrkiy\u0259nin xarici siyas\u0259tinin v\u0259 \u201c\u0130ki d\u00f6vl\u0259tli h\u0259ll formulu\u201dnun iflasa u\u011frad\u0131\u011f\u0131n\u0131 s\u00f6yl\u0259y\u0259r\u0259k, z\u0259f\u0259r hayq\u0131rt\u0131lar\u0131 s\u0259sl\u0259ndirirl\u0259r.<\/p>\n<p>M\u0259nim M\u0259rk\u0259zi Asiya il\u0259, x\u00fcsusil\u0259 Q\u0131r\u011f\u0131z\u0131stanla \u00e7ox yax\u0131n \u0259laq\u0259l\u0259rim var. biriy\u0259m. Sammitin ert\u0259si g\u00fcn\u00fc Bi\u015fkekd\u0259 Q\u0131r\u011f\u0131z\u0131stan Prezidenti c\u0259nab Sad\u0131r Japarovla uzunm\u00fcdd\u0259tli g\u00f6r\u00fc\u015f\u00fcm oldu. O, m\u0259n\u0259 sammit v\u0259 Ursula fon Der Leyenl\u0259 g\u00f6r\u00fc\u015f\u00fc bar\u0259d\u0259 dan\u0131\u015fd\u0131. M\u00f6vzunu \u0259trafl\u0131 \u00f6yr\u0259ndim. M\u0259lum oldu ki, m\u0259s\u0259l\u0259 T\u00fcrkiy\u0259 v\u0259 KKTC m\u00fcxalif\u0259tinin dediyi kimi deyil. \u018fvv\u0259la onu qeyd edim ki, S\u0259m\u0259rq\u0259nd B\u0259yannam\u0259sini haz\u0131rlayanlar x\u00fcsusil\u0259 Kipr m\u0259s\u0259l\u0259si il\u0259 ba\u011fl\u0131 b\u0259zi b\u0259yanatlar\u0131 gizl\u0259tmi\u015f, qeyri-m\u00fc\u0259yy\u0259n ifad\u0259l\u0259r i\u015fl\u0259tm\u0259kl\u0259 h\u0259m m\u00fcvafiq d\u00f6vl\u0259t ba\u015f\u00e7\u0131lar\u0131n\u0131n diqq\u0259tind\u0259n, h\u0259m d\u0259 ictimaiyy\u0259tin reaksiyas\u0131ndan yay\u0131nma\u011fa \u00e7al\u0131\u015fm\u0131\u015flar.<\/p>\n<p>M\u0259s\u0259l\u0259n, Kiprl\u0259 ba\u011fl\u0131 b\u00fct\u00fcn beyn\u0259lxalq m\u0259tnl\u0259rd\u0259 v\u0259 b\u0259yannam\u0259l\u0259rd\u0259 \u201cKiprl\u0259 ba\u011fl\u0131 BMT-nin q\u0259bul etdiyi q\u0259rarlara ba\u011fl\u0131y\u0131q\u201d ifad\u0259l\u0259ri i\u015fl\u0259dildiyi halda, S\u0259m\u0259rq\u0259nd B\u0259yannam\u0259sind\u0259 bel\u0259 bir ifad\u0259 i\u015fl\u0259dilm\u0259mi\u015f, \u0259v\u0259zind\u0259 \u00fcmumiyy\u0259tl\u0259, Kipr s\u00f6z\u00fc i\u015fl\u0259dilm\u0259d\u0259n \u201cBiz BMT-nin 541 v\u0259 550 sayl\u0131 q\u0259tnam\u0259l\u0259rin\u0259 ba\u011fl\u0131y\u0131q\u201d ifad\u0259l\u0259ri i\u015fl\u0259dilmi\u015fdir. Dan\u0131\u015fd\u0131\u011f\u0131m he\u00e7 bir adam bu q\u0259rarlar\u0131n n\u0259 dem\u0259k oldu\u011funu bildiyini dem\u0259di. T\u00fcrkiy\u0259d\u0259 bir ara\u015fd\u0131rma apar\u0131lsa bel\u0259, 1000 n\u0259f\u0259rd\u0259n 5-i bel\u0259 bu q\u0259rarlar\u0131n n\u0259 oldu\u011funu bilm\u0259y\u0259c\u0259k. Lakin bu n\u0259tic\u0259ni d\u0259yi\u015fmir\u201d.<\/p>\n<p><strong><em>Nazirin s\u00f6zl\u0259rin\u0259 g\u00f6r\u0259, Orta Asiya d\u00f6vl\u0259tl\u0259rinin yunan Kiprini tan\u0131mas\u0131 q\u0259diml\u0259r\u0259 gedib \u00e7\u0131x\u0131r:<\/em><\/strong><\/p>\n<p>\u201cAz\u0259rbaycan; 2 aprel 1992-ci il<br \/>\nQ\u0131r\u011f\u0131z\u0131stan; 20 fevral 1992-ci il<br \/>\nQazax\u0131stan; 2 aprel 1992-ci il<br \/>\n\u00d6zb\u0259kistan; 30 may 1997-ci il<br \/>\nT\u00fcrkm\u0259nistan; 13 noyabr 2007-ci il<\/p>\n<p>C\u0259nubi Kipr d\u0259 t\u00fcrk d\u00f6vl\u0259tl\u0259rini tan\u0131yan ilk \u00f6lk\u0259l\u0259rd\u0259n biridir. C\u0259nubi Kipr Az\u0259rbaycan\u0131 ilk d\u0259f\u0259 24 dekabr 1991-ci ild\u0259, Q\u0131r\u011f\u0131z\u0131stan v\u0259 Qazax\u0131stan\u0131 1992-ci ild\u0259, 1997-ci ild\u0259 \u00d6zb\u0259kistan\u0131, 2007-ci ild\u0259 is\u0259 T\u00fcrkm\u0259nistan\u0131 eyni vaxtda tan\u0131y\u0131b.<\/p>\n<p>T\u00fcrk D\u00f6vl\u0259tl\u0259ri C\u0259nubi Kipri r\u0259sm\u0259n tan\u0131salar da, uzun m\u00fcdd\u0259t bu \u00f6lk\u0259 il\u0259 diplomatik \u0259laq\u0259l\u0259r qurmay\u0131b, s\u0259firlik a\u00e7may\u0131blar. H\u0259tta 11 noyabr 2022-ci ild\u0259 \u015eKTC-ni TDT-y\u0259 M\u00fc\u015fahid\u0259\u00e7i \u00dczv kimi q\u0259bul etdil\u0259r.<\/p>\n<p><img loading=\"lazy\" src=\"https:\/\/cdn.musavat.com\/news\/thumbnails\/e438a75926e4edadfc61232ce877d348.jpg\" alt=\"K\u0130PR SON.jpg (140 KB)\" width=\"700\" height=\"467\" \/><\/p>\n<p>B\u0259s, S\u0259m\u0259rq\u0259nd Sammitind\u0259 hans\u0131 q\u0259rar q\u0259bul edilib? H\u0259mi\u015f\u0259 dediyimiz kimi, A\u0130 yunanlar\u0131n v\u0259 Yunan\u0131stan\u0131n \u0259lind\u0259 oyunca\u011fa \u00e7evrilib. Bu \u00f6lk\u0259nin A\u0130-nin b\u00fct\u00fcn beyn\u0259lxalq \u0259laq\u0259l\u0259ri \u00fczr\u0259 ipotekas\u0131 var.<\/p>\n<p>A\u0130 uzun m\u00fcdd\u0259tdir ki, M\u0259rk\u0259zi Asiya \u00f6lk\u0259l\u0259ri il\u0259 yax\u0131ndan maraqlan\u0131r. X\u00fcsusil\u0259 Ukrayna m\u00fcharib\u0259sind\u0259n sonra Rusiyan\u0131n enerji resurslar\u0131ndan silah kimi istifad\u0259 etm\u0259si A\u0130-ni ciddi \u00e7\u0259tin v\u0259ziyy\u0259t\u0259 sal\u0131b. A\u0130 yeni enerji m\u0259nb\u0259l\u0259ri tapmaqla yana\u015f\u0131, \u0259n b\u00f6y\u00fck qaz v\u0259 neft hasilat\u00e7\u0131lar\u0131 olan M\u0259rk\u0259zi Asiya respublikalar\u0131 il\u0259 birba\u015fa \u0259laq\u0259ni n\u0259z\u0259rd\u0259 tuturdu.<\/p>\n<p>A\u0130 M\u0259rk\u0259zi Asiya \u00f6lk\u0259l\u0259rin\u0259: \u201cBiz sizinl\u0259 birba\u015fa \u0259laq\u0259 yaratmaq, iqtisadiyyat\u0131n\u0131z\u0131 inki\u015faf etdirm\u0259y\u0259 k\u00f6m\u0259k etm\u0259k, d\u00fcnya il\u0259 \u0259laq\u0259l\u0259r qurmaq, h\u0259tta sizinl\u0259 strateji t\u0259r\u0259fda\u015fl\u0131q qurmaq ist\u0259yirik. Bununla bel\u0259, Kipr Respublikas\u0131 v\u0259 Yunan\u0131stan bu \u0259laq\u0259l\u0259ri \u0259ng\u0259ll\u0259y\u0259 bil\u0259r. Buna g\u00f6r\u0259 d\u0259 siz BMT-nin q\u0259rarlar\u0131na \u0259m\u0259l etm\u0259li v\u0259 Kipr Respublikas\u0131n\u0131n \u0259razi b\u00fct\u00f6vl\u00fcy\u00fcn\u0259 h\u00f6rm\u0259t etm\u0259lisiniz. Bu s\u0259b\u0259bd\u0259n \u201c\u015eKTC-d\u0259n uzaq durun\u201d, &#8211; dey\u0259 t\u0259zyiq edirdi.<\/p>\n<p>Rusiya il\u0259 \u00c7in aras\u0131nda ili\u015fib qalan v\u0259 Trampdan sonra AB\u015e-\u0131n siyas\u0259tin\u0259 v\u0259 d\u0259st\u0259yin\u0259 inam\u0131n\u0131 itir\u0259n Orta Asiya T\u00fcrk C\u00fcmhuriyy\u0259tl\u0259rinin A\u0130-nin siyasi v\u0259 iqtisadi g\u00fcc\u00fcn\u0259 s\u0131\u011f\u0131nma\u011fa ehtiyac\u0131 var idi. \u201cStrateji t\u0259r\u0259fda\u015fl\u0131q\u201d t\u0259klifi onlar \u00fc\u00e7\u00fcn h\u0259yati \u0259h\u0259miyy\u0259t k\u0259sb edirdi.<\/p>\n<p>Dig\u0259r t\u0259r\u0259fd\u0259n, \u0259srin layih\u0259si olan tarixi \u0130p\u0259k Yolu layih\u0259si Orta Asiya \u00f6lk\u0259l\u0259ri \u00fc\u00e7\u00fcn son d\u0259r\u0259c\u0259 \u0259h\u0259miyy\u0259tli v\u0259 strateji bir gedi\u015f idi. \u00c7in bu layih\u0259y\u0259 t\u0259xmin\u0259n 27 milyard dollar ay\u0131r\u0131b. \u018fg\u0259r bu yol tamamil\u0259 \u00c7in t\u0259r\u0259find\u0259n \u00e7\u0259kils\u0259ydi, M\u0259rk\u0259zi Asiya \u00f6lk\u0259l\u0259rind\u0259 ciddi probleml\u0259r yaradar v\u0259 \u00c7inin M\u0259rk\u0259zi Asiyada geni\u015fl\u0259nm\u0259 siyas\u0259tini g\u00fccl\u0259ndir\u0259rdi.<\/p>\n<p><img loading=\"lazy\" src=\"https:\/\/cdn.musavat.com\/news\/thumbnails\/e302fe6dcfb88431158e8aa22b1e6eb3.jpg\" alt=\"\u0130PEK SON.jpg (70 KB)\" width=\"678\" height=\"381\" \/><\/p>\n<p>Bu Respublikalar uzun m\u00fcdd\u0259t resurs axtar\u0131\u015f\u0131nda idil\u0259r. A\u0130 bu f\u00fcrs\u0259ti \u0259ld\u0259n verm\u0259di. 12 milyard dollarla bu Respublikalar\u0131n qap\u0131s\u0131n\u0131 d\u00f6yd\u00fc. Strateji T\u0259r\u0259fda\u015fl\u0131q t\u0259klif etdi. Onlar S\u0259m\u0259rq\u0259ndd\u0259 g\u00f6r\u00fc\u015fd\u00fcl\u0259r, \u00c7in v\u0259 Rusiyan\u0131n hegemonlu\u011funa qar\u015f\u0131 \u00f6z g\u0259l\u0259c\u0259kl\u0259ri \u00fc\u00e7\u00fcn bu b\u0259yannam\u0259ni imzalad\u0131lar.<\/p>\n<p>B\u0259s Orta Asiya respublikalar\u0131n\u0131n C\u0259nubi Kipri d\u00f6vl\u0259t olaraq tan\u0131mas\u0131 v\u0259 orada s\u0259firlikl\u0259r a\u00e7mas\u0131 g\u0259l\u0259c\u0259kd\u0259 onlar\u0131n \u015eKTC-ni tan\u0131mas\u0131na mane olurmu? Q\u0131r\u011f\u0131z\u0131stan Xarici \u0130\u015fl\u0259r Nazirliyinin r\u0259smisi m\u0259n\u0259 g\u00fcl\u0259r\u0259k dedi: \u201c\u018frhan b\u0259y, xahi\u015f edir\u0259m, bu bar\u0259d\u0259 narahat olmay\u0131n. Siz iki d\u00f6vl\u0259tli h\u0259ll deyirsiniz. T\u00fcrk d\u00f6vl\u0259tl\u0259rinin b\u0259zil\u0259rinin bu iki d\u00f6vl\u0259td\u0259n birini tan\u0131mas\u0131 dig\u0259rini tan\u0131mas\u0131na \u0259ng\u0259l deyil. Yet\u0259r ki, \u015f\u0259rtl\u0259r uy\u011fun g\u0259lsin\u201d.<\/p>\n<p>T\u00fcrkiy\u0259 d\u00f6vl\u0259ti v\u0259 T\u00fcrkiy\u0259 Xarici \u0130\u015fl\u0259r Nazirliyi d\u0259 bu faktlar\u0131 \u00e7ox g\u00f6z\u0259l bilir. Buna g\u00f6r\u0259 d\u0259 reaksiya verm\u0259di. \u00c7\u00fcnki T\u00fcrkiy\u0259nin t\u0259kba\u015f\u0131na Rusiya v\u0259 \u00c7inin hegemon siyas\u0259tl\u0259rin\u0259 qar\u015f\u0131 Orta Asiya \u00f6lk\u0259l\u0259rini m\u00fcdafi\u0259 etm\u0259si m\u00fcmk\u00fcn deyil. A\u0130-nin regiona strateji t\u0259r\u0259fda\u015f kimi daxil olmas\u0131 \u00e7ox yax\u015f\u0131 hald\u0131r. A\u0130 T\u0259hl\u00fck\u0259sizliyi bax\u0131m\u0131ndan, tezlikl\u0259 T\u00fcrkiy\u0259nin qap\u0131s\u0131n\u0131 d\u00f6y\u0259c\u0259k. Zaman bizim xeyrimiz\u0259dir\u201d, &#8211; nazir bildirib.<\/p>\n<p><strong><em>Qeyd ed\u0259k ki, Erhan Ar\u0131kl\u0131 2005-ci ild\u0259 \u015eimali Kipr T\u00fcrk C\u00fcmhuriyy\u0259ti Xarici \u0130\u015fl\u0259r Nazirliyinin x\u00fcsusi n\u00fcmay\u0259nd\u0259si v\u0259zif\u0259sin\u0259 t\u0259yin edilib v\u0259 bu v\u0259zif\u0259 \u00e7\u0259r\u00e7iv\u0259sind\u0259 Az\u0259rbaycana birba\u015fa u\u00e7u\u015flar\u0131n qurulmas\u0131na nail olub.<\/em><\/strong><\/p>\n<p>Daha sonra \u015eKTC-nin Orta Asiya \u00fczr\u0259 n\u00fcmay\u0259nd\u0259si kimi f\u0259aliyy\u0259t g\u00f6st\u0259rib. Q\u0131r\u011f\u0131z\u0131standa r\u0259smi v\u0259zif\u0259sini ba\u015fa vurduqdan sonra Q\u0131r\u011f\u0131z\u0131stan D\u00f6vl\u0259t Arabayev Universitetind\u0259 professor v\u0259zif\u0259sind\u0259 \u00e7al\u0131\u015fm\u0131\u015f, burada T\u00fcrkologiya kafedras\u0131n\u0131 t\u0259sis edib v\u0259 \u0130lahiyyat fak\u00fclt\u0259sind\u0259 d\u0259rs deyib.<\/p>\n<p>2016-c\u0131 ild\u0259 Yeni Do\u011fu\u015f Partiyas\u0131n\u0131 yarad\u0131b v\u0259 partiyan\u0131n lideri se\u00e7ilib. 2020-ci ild\u0259 ke\u00e7iril\u0259n prezident se\u00e7kil\u0259rind\u0259 i\u015ftirak edib. 2020-ci ilin \u0259vv\u0259lind\u0259 qurulan koalisiya h\u00f6kum\u0259tind\u0259 Ba\u015f nazirin k\u00f6m\u0259k\u00e7isi, \u0130qtisadiyyat v\u0259 Enerji naziri kimi \u00e7al\u0131\u015f\u0131b. 2022-ci ilin \u0259vv\u0259lind\u0259n is\u0259 ictimai i\u015fl\u0259r v\u0259 n\u0259qliyyat naziri v\u0259zif\u0259sind\u0259dir.<\/p>\n","protected":false},"excerpt":{"rendered":"<p>X\u0259b\u0259r verdiyimiz kimi, aprelin 4-d\u0259 \u00d6zb\u0259kistanda ke\u00e7iril\u0259n Orta Asiya v\u0259 Avropa \u0130ttifaq\u0131 sammitind\u0259 \u00d6zb\u0259kistan, T\u00fcrkm\u0259nistan v\u0259 Qazax\u0131stan BMT T\u015e-nin \u015eimali Kipr T\u00fcrk Respublikas\u0131n\u0131n qurulmas\u0131n\u0131 q\u0131nayan v\u0259 onu tan\u0131mama\u011fa \u00e7a\u011f\u0131ran 541 v\u0259 550 sayl\u0131 q\u0259tnam\u0259ni q\u0259bul edib, sadiq olduqlar\u0131n\u0131 b\u0259yan etdil\u0259r. \u00dcst\u0259lik, art\u0131q yanvardan etibar\u0259n Orta Asiya respublikalar\u0131 Yunan Kiprin\u0259 s\u0259fir t\u0259yin etm\u0259y\u0259 ba\u015flay\u0131b. \u0130ctimai v\u0259 media s\u0259viyy\u0259sind\u0259 Orta Asiya respublikalar\u0131na qar\u015f\u0131 s\u0259rt bir q\u0131naq, t\u0259nqid m\u00f6vcuddur. Musavat.com-un x\u0259b\u0259rin\u0259 g\u00f6r\u0259, \u015eimali Kiprin ictimai i\u015fl\u0259r v\u0259 n\u0259qliyyat naziri Erhan Ar\u0131kl\u0131 a\u00e7\u0131qlama ver\u0259r\u0259k bildirib ki, t\u00fcrk d\u00f6vl\u0259tl\u0259rinin bel\u0259 bir add\u0131m atmas\u0131 hidd\u0259t\u0259 s\u0259b\u0259b&hellip;<\/p>\n","protected":false},"author":2,"featured_media":801665,"comment_status":"closed","ping_status":"closed","sticky":false,"template":"","format":"standard","meta":{"om_disable_all_campaigns":false,"_monsterinsights_skip_tracking":false,"_monsterinsights_sitenote_active":false,"_monsterinsights_sitenote_note":"","_monsterinsights_sitenote_category":0},"categories":[4],"tags":[],"aioseo_notices":[],"gutentor_comment":0,"rttpg_featured_image_url":{"full":["https:\/\/arantv.az\/wp-content\/uploads\/2025\/04\/f344f63316cf0f88b394cff7f4a479e0.jpg",850,500,false],"landscape":["https:\/\/arantv.az\/wp-content\/uploads\/2025\/04\/f344f63316cf0f88b394cff7f4a479e0.jpg",850,500,false],"portraits":["https:\/\/arantv.az\/wp-content\/uploads\/2025\/04\/f344f63316cf0f88b394cff7f4a479e0.jpg",850,500,false],"thumbnail":["https:\/\/arantv.az\/wp-content\/uploads\/2025\/04\/f344f63316cf0f88b394cff7f4a479e0-500x280.jpg",500,280,true],"medium":["https:\/\/arantv.az\/wp-content\/uploads\/2025\/04\/f344f63316cf0f88b394cff7f4a479e0-621x365.jpg",621,365,true],"large":["https:\/\/arantv.az\/wp-content\/uploads\/2025\/04\/f344f63316cf0f88b394cff7f4a479e0-840x494.jpg",640,376,true],"1536x1536":["https:\/\/arantv.az\/wp-content\/uploads\/2025\/04\/f344f63316cf0f88b394cff7f4a479e0.jpg",850,500,false],"2048x2048":["https:\/\/arantv.az\/wp-content\/uploads\/2025\/04\/f344f63316cf0f88b394cff7f4a479e0.jpg",850,500,false],"post-thumbnail":["https:\/\/arantv.az\/wp-content\/uploads\/2025\/04\/f344f63316cf0f88b394cff7f4a479e0-240x172.jpg",240,172,true],"advps-thumb-one":["https:\/\/arantv.az\/wp-content\/uploads\/2025\/04\/f344f63316cf0f88b394cff7f4a479e0.jpg",850,500,false]},"rttpg_author":{"display_name":"V\u00fcsal Rafiqo\u011flu","author_link":"https:\/\/arantv.az\/?author=2"},"rttpg_comment":0,"rttpg_category":"<a href=\"https:\/\/arantv.az\/?cat=4\" rel=\"category\">Siyas\u0259t<\/a>","rttpg_excerpt":"X\u0259b\u0259r verdiyimiz kimi, aprelin 4-d\u0259 \u00d6zb\u0259kistanda ke\u00e7iril\u0259n Orta Asiya v\u0259 Avropa \u0130ttifaq\u0131 sammitind\u0259 \u00d6zb\u0259kistan, T\u00fcrkm\u0259nistan v\u0259 Qazax\u0131stan BMT T\u015e-nin \u015eimali Kipr T\u00fcrk Respublikas\u0131n\u0131n qurulmas\u0131n\u0131 q\u0131nayan v\u0259 onu tan\u0131mama\u011fa \u00e7a\u011f\u0131ran 541 v\u0259 550 sayl\u0131 q\u0259tnam\u0259ni q\u0259bul edib, sadiq olduqlar\u0131n\u0131 b\u0259yan etdil\u0259r. \u00dcst\u0259lik, art\u0131q yanvardan etibar\u0259n Orta Asiya respublikalar\u0131 Yunan Kiprin\u0259 s\u0259fir t\u0259yin etm\u0259y\u0259 ba\u015flay\u0131b. \u0130ctimai v\u0259&hellip;","_links":{"self":[{"href":"https:\/\/arantv.az\/index.php?rest_route=\/wp\/v2\/posts\/801664"}],"collection":[{"href":"https:\/\/arantv.az\/index.php?rest_route=\/wp\/v2\/posts"}],"about":[{"href":"https:\/\/arantv.az\/index.php?rest_route=\/wp\/v2\/types\/post"}],"author":[{"embeddable":true,"href":"https:\/\/arantv.az\/index.php?rest_route=\/wp\/v2\/users\/2"}],"replies":[{"embeddable":true,"href":"https:\/\/arantv.az\/index.php?rest_route=%2Fwp%2Fv2%2Fcomments&post=801664"}],"version-history":[{"count":2,"href":"https:\/\/arantv.az\/index.php?rest_route=\/wp\/v2\/posts\/801664\/revisions"}],"predecessor-version":[{"id":801667,"href":"https:\/\/arantv.az\/index.php?rest_route=\/wp\/v2\/posts\/801664\/revisions\/801667"}],"wp:featuredmedia":[{"embeddable":true,"href":"https:\/\/arantv.az\/index.php?rest_route=\/wp\/v2\/media\/801665"}],"wp:attachment":[{"href":"https:\/\/arantv.az\/index.php?rest_route=%2Fwp%2Fv2%2Fmedia&parent=801664"}],"wp:term":[{"taxonomy":"category","embeddable":true,"href":"https:\/\/arantv.az\/index.php?rest_route=%2Fwp%2Fv2%2Fcategories&post=801664"},{"taxonomy":"post_tag","embeddable":true,"href":"https:\/\/arantv.az\/index.php?rest_route=%2Fwp%2Fv2%2Ftags&post=801664"}],"curies":[{"name":"wp","href":"https:\/\/api.w.org\/{rel}","templated":true}]}}