{"id":801770,"date":"2025-04-22T10:19:50","date_gmt":"2025-04-22T06:19:50","guid":{"rendered":"https:\/\/arantv.az\/?p=801770"},"modified":"2025-04-22T10:19:50","modified_gmt":"2025-04-22T06:19:50","slug":"bir-nec%c9%99-kollec%c9%99-t%c9%99yinat-oldu","status":"publish","type":"post","link":"https:\/\/arantv.az\/?p=801770","title":{"rendered":"Bir ne\u00e7\u0259 kollec\u0259 t\u0259yinat oldu"},"content":{"rendered":"<p><strong>Bir ne\u00e7\u0259 kollec\u0259 t\u0259yinat olub.<\/strong><\/p>\n<p>Bu bar\u0259d\u0259\u00a0<strong>Musavat.com<\/strong>-a Elm v\u0259 Ali T\u0259hsil \u00fczr\u0259 D\u00f6vl\u0259t Agentliyind\u0259n m\u0259lumat verilib.<\/p>\n<p>Bildirilib ki, R\u00f6v\u015f\u0259n Qurbanov Masall\u0131 D\u00f6vl\u0259t Regional Kollecinin direktoru, Sevda H\u0259s\u0259nova Az\u0259rbaycan Memarl\u0131q v\u0259 \u0130n\u015faat Universiteti n\u0259zdind\u0259 \u0130n\u015faat Kollecinin direktor m\u00fcavini t\u0259yin edilib, D\u00fcrr\u0259 Hac\u0131yevaya is\u0259 Zaqatala D\u00f6vl\u0259t \u0130dar\u0259etm\u0259 v\u0259 Texnologiya Kollecinin direktoru v\u0259zif\u0259sinin m\u00fcv\u0259qq\u0259ti icras\u0131 h\u0259val\u0259 edilib.<\/p>\n<p>Qeyd ed\u0259k ki, R.Qurbanov bakalavr t\u0259hsilini L\u0259nk\u0259ran D\u00f6vl\u0259t Universitetind\u0259 \u201cFilologiya (Az\u0259rbaycan dili v\u0259 \u0259d\u0259biyyat m\u00fc\u0259llimliyi)\u201d ixtisas\u0131 \u00fczr\u0259, magistratura t\u0259hsilini is\u0259 \u201cDil\u015f\u00fcnasl\u0131q (Az\u0259rbaycan dili)\u201d ixtisas\u0131 \u00fczr\u0259 al\u0131b. R.Qurbanov AMEA-n\u0131n N\u0259simi ad\u0131na Dil\u00e7ilik \u0130nstitutunun dissertanturas\u0131n\u0131 bitirib v\u0259 filologiya \u00fczr\u0259 f\u0259ls\u0259f\u0259 doktoru elmi d\u0259r\u0259c\u0259si al\u0131b. R.Qurbanov m\u00fcxt\u0259lif ill\u0259rd\u0259 ADPU-nun C\u0259lilabad filial\u0131nda v\u0259 Masall\u0131 D\u00f6vl\u0259t Regional Kollecind\u0259 v\u0259 bir s\u0131ra t\u0259hsil m\u00fc\u0259ssis\u0259l\u0259rind\u0259 m\u00fc\u0259llim kimi f\u0259aliyy\u0259t g\u00f6st\u0259rib.<\/p>\n<p>S.H\u0259s\u0259nova ali t\u0259hsilini Ming\u0259\u00e7evir Politexnik \u0130nstitutunun \u201cToxuculuq v\u0259 y\u00fcng\u00fcl s\u0259naye iqtisadiyyat\u0131 v\u0259 idar\u0259etm\u0259si\u201d ixtisas\u0131 \u00fczr\u0259 ba\u015fa vurub. Daha sonra Bak\u0131 Avrasiya Universitetinin doktoranturas\u0131na q\u0259bul olmu\u015f, dissertasiya i\u015fini m\u00fcdafi\u0259 ed\u0259r\u0259k iqtisad \u00fczr\u0259 f\u0259ls\u0259f\u0259 doktoru elmi d\u0259r\u0259c\u0259sini alm\u0131\u015fd\u0131r. Pedaqoji f\u0259aliyy\u0259tin\u0259 G\u0259d\u0259b\u0259y rayonu Da\u015fbulaq tam orta m\u0259kt\u0259bind\u0259 ba\u015flayan S.H\u0259s\u0259nova m\u00fcxt\u0259lif ill\u0259rd\u0259 Bak\u0131 S\u0259naye Pedaqoji Kolleci, Az\u0259rbaycan D\u00f6vl\u0259t Pedaqoji Kolleci v\u0259 dig\u0259r kollecl\u0259rd\u0259 \u0259m\u0259k f\u0259aliyy\u0259ti il\u0259 m\u0259\u015f\u011ful olub.<\/p>\n<p>D.Hac\u0131yeva bakalavr t\u0259hsilini Az\u0259rbaycan Dill\u0259r Universitetind\u0259 \u201c\u0130ngilis dili m\u00fc\u0259llimliyi\u201d ixtisas\u0131 \u00fczr\u0259, magistratura t\u0259hsilini is\u0259 D\u00f6vl\u0259t Proqram\u0131 \u00e7\u0259r\u00e7iv\u0259sind\u0259 B\u00f6y\u00fck Britaniyan\u0131n Qlazqo Strasklayd Universitetind\u0259 \u201cT\u0259hsil t\u0259dqiqatlar\u0131 v\u0259 t\u0259\u015fkilati inki\u015faf\u201d ixtisas\u0131 \u00fczr\u0259 m\u00fcv\u0259ff\u0259qiyy\u0259tl\u0259 ba\u015fa vurub. O, m\u00fcxt\u0259lif d\u00f6vl\u0259t qurumlar\u0131 v\u0259 t\u0259\u015fkilatlar\u0131nda \u0259m\u0259k f\u0259aliyy\u0259ti il\u0259 m\u0259\u015f\u011ful olub. H\u0259m\u00e7inin Az\u0259rbaycan Respublikas\u0131n\u0131n T\u0259hsil \u0130nstitutunda Layih\u0259l\u0259rin idar\u0259 olunmas\u0131 v\u0259 beyn\u0259lxalq \u0259m\u0259kda\u015fl\u0131q \u015f\u00f6b\u0259sind\u0259 ba\u015f m\u00fct\u0259x\u0259ssis v\u0259 Elm v\u0259 T\u0259hsil Nazirliyi il\u0259 ORT \u0130srail m\u0259kt\u0259bl\u0259r \u015f\u0259b\u0259k\u0259sinin birg\u0259 h\u0259yata ke\u00e7irdiyi \u0130nnovativ m\u0259kt\u0259b layih\u0259sinin koordinatoru v\u0259zif\u0259sind\u0259 \u00e7al\u0131\u015f\u0131b.<\/p>\n","protected":false},"excerpt":{"rendered":"<p>Bir ne\u00e7\u0259 kollec\u0259 t\u0259yinat olub. Bu bar\u0259d\u0259\u00a0Musavat.com-a Elm v\u0259 Ali T\u0259hsil \u00fczr\u0259 D\u00f6vl\u0259t Agentliyind\u0259n m\u0259lumat verilib. Bildirilib ki, R\u00f6v\u015f\u0259n Qurbanov Masall\u0131 D\u00f6vl\u0259t Regional Kollecinin direktoru, Sevda H\u0259s\u0259nova Az\u0259rbaycan Memarl\u0131q v\u0259 \u0130n\u015faat Universiteti n\u0259zdind\u0259 \u0130n\u015faat Kollecinin direktor m\u00fcavini t\u0259yin edilib, D\u00fcrr\u0259 Hac\u0131yevaya is\u0259 Zaqatala D\u00f6vl\u0259t \u0130dar\u0259etm\u0259 v\u0259 Texnologiya Kollecinin direktoru v\u0259zif\u0259sinin m\u00fcv\u0259qq\u0259ti icras\u0131 h\u0259val\u0259 edilib. Qeyd ed\u0259k ki, R.Qurbanov bakalavr t\u0259hsilini L\u0259nk\u0259ran D\u00f6vl\u0259t Universitetind\u0259 \u201cFilologiya (Az\u0259rbaycan dili v\u0259 \u0259d\u0259biyyat m\u00fc\u0259llimliyi)\u201d ixtisas\u0131 \u00fczr\u0259, magistratura t\u0259hsilini is\u0259 \u201cDil\u015f\u00fcnasl\u0131q (Az\u0259rbaycan dili)\u201d ixtisas\u0131 \u00fczr\u0259 al\u0131b. R.Qurbanov AMEA-n\u0131n N\u0259simi ad\u0131na Dil\u00e7ilik \u0130nstitutunun dissertanturas\u0131n\u0131 bitirib v\u0259 filologiya&hellip;<\/p>\n","protected":false},"author":2,"featured_media":801771,"comment_status":"closed","ping_status":"closed","sticky":false,"template":"","format":"standard","meta":{"om_disable_all_campaigns":false,"_monsterinsights_skip_tracking":false,"_monsterinsights_sitenote_active":false,"_monsterinsights_sitenote_note":"","_monsterinsights_sitenote_category":0},"categories":[1],"tags":[],"aioseo_notices":[],"gutentor_comment":0,"rttpg_featured_image_url":{"full":["https:\/\/arantv.az\/wp-content\/uploads\/2025\/04\/0ab7560607fcd007f2b5b0eafa5db8cb.jpg",850,500,false],"landscape":["https:\/\/arantv.az\/wp-content\/uploads\/2025\/04\/0ab7560607fcd007f2b5b0eafa5db8cb.jpg",850,500,false],"portraits":["https:\/\/arantv.az\/wp-content\/uploads\/2025\/04\/0ab7560607fcd007f2b5b0eafa5db8cb.jpg",850,500,false],"thumbnail":["https:\/\/arantv.az\/wp-content\/uploads\/2025\/04\/0ab7560607fcd007f2b5b0eafa5db8cb-500x280.jpg",500,280,true],"medium":["https:\/\/arantv.az\/wp-content\/uploads\/2025\/04\/0ab7560607fcd007f2b5b0eafa5db8cb-621x365.jpg",621,365,true],"large":["https:\/\/arantv.az\/wp-content\/uploads\/2025\/04\/0ab7560607fcd007f2b5b0eafa5db8cb-840x494.jpg",640,376,true],"1536x1536":["https:\/\/arantv.az\/wp-content\/uploads\/2025\/04\/0ab7560607fcd007f2b5b0eafa5db8cb.jpg",850,500,false],"2048x2048":["https:\/\/arantv.az\/wp-content\/uploads\/2025\/04\/0ab7560607fcd007f2b5b0eafa5db8cb.jpg",850,500,false],"post-thumbnail":["https:\/\/arantv.az\/wp-content\/uploads\/2025\/04\/0ab7560607fcd007f2b5b0eafa5db8cb-240x172.jpg",240,172,true],"advps-thumb-one":["https:\/\/arantv.az\/wp-content\/uploads\/2025\/04\/0ab7560607fcd007f2b5b0eafa5db8cb.jpg",850,500,false]},"rttpg_author":{"display_name":"V\u00fcsal Rafiqo\u011flu","author_link":"https:\/\/arantv.az\/?author=2"},"rttpg_comment":0,"rttpg_category":"<a href=\"https:\/\/arantv.az\/?cat=1\" rel=\"category\">C\u0259miyy\u0259t<\/a>","rttpg_excerpt":"Bir ne\u00e7\u0259 kollec\u0259 t\u0259yinat olub. Bu bar\u0259d\u0259\u00a0Musavat.com-a Elm v\u0259 Ali T\u0259hsil \u00fczr\u0259 D\u00f6vl\u0259t Agentliyind\u0259n m\u0259lumat verilib. Bildirilib ki, R\u00f6v\u015f\u0259n Qurbanov Masall\u0131 D\u00f6vl\u0259t Regional Kollecinin direktoru, Sevda H\u0259s\u0259nova Az\u0259rbaycan Memarl\u0131q v\u0259 \u0130n\u015faat Universiteti n\u0259zdind\u0259 \u0130n\u015faat Kollecinin direktor m\u00fcavini t\u0259yin edilib, D\u00fcrr\u0259 Hac\u0131yevaya is\u0259 Zaqatala D\u00f6vl\u0259t \u0130dar\u0259etm\u0259 v\u0259 Texnologiya Kollecinin direktoru v\u0259zif\u0259sinin m\u00fcv\u0259qq\u0259ti icras\u0131 h\u0259val\u0259 edilib. Qeyd&hellip;","_links":{"self":[{"href":"https:\/\/arantv.az\/index.php?rest_route=\/wp\/v2\/posts\/801770"}],"collection":[{"href":"https:\/\/arantv.az\/index.php?rest_route=\/wp\/v2\/posts"}],"about":[{"href":"https:\/\/arantv.az\/index.php?rest_route=\/wp\/v2\/types\/post"}],"author":[{"embeddable":true,"href":"https:\/\/arantv.az\/index.php?rest_route=\/wp\/v2\/users\/2"}],"replies":[{"embeddable":true,"href":"https:\/\/arantv.az\/index.php?rest_route=%2Fwp%2Fv2%2Fcomments&post=801770"}],"version-history":[{"count":1,"href":"https:\/\/arantv.az\/index.php?rest_route=\/wp\/v2\/posts\/801770\/revisions"}],"predecessor-version":[{"id":801772,"href":"https:\/\/arantv.az\/index.php?rest_route=\/wp\/v2\/posts\/801770\/revisions\/801772"}],"wp:featuredmedia":[{"embeddable":true,"href":"https:\/\/arantv.az\/index.php?rest_route=\/wp\/v2\/media\/801771"}],"wp:attachment":[{"href":"https:\/\/arantv.az\/index.php?rest_route=%2Fwp%2Fv2%2Fmedia&parent=801770"}],"wp:term":[{"taxonomy":"category","embeddable":true,"href":"https:\/\/arantv.az\/index.php?rest_route=%2Fwp%2Fv2%2Fcategories&post=801770"},{"taxonomy":"post_tag","embeddable":true,"href":"https:\/\/arantv.az\/index.php?rest_route=%2Fwp%2Fv2%2Ftags&post=801770"}],"curies":[{"name":"wp","href":"https:\/\/api.w.org\/{rel}","templated":true}]}}