{"id":801777,"date":"2025-04-22T10:24:12","date_gmt":"2025-04-22T06:24:12","guid":{"rendered":"https:\/\/arantv.az\/?p=801777"},"modified":"2025-04-22T10:24:12","modified_gmt":"2025-04-22T06:24:12","slug":"dilcilik-tariximizin-heyd%c9%99r-%c9%99liyev-dovru","status":"publish","type":"post","link":"https:\/\/arantv.az\/?p=801777","title":{"rendered":"Dil\u00e7ilik tariximizin Heyd\u0259r \u018fliyev d\u00f6vr\u00fc"},"content":{"rendered":"<h5>Z\u0259ngin ifad\u0259 imkanlar\u0131na malik olan Az\u0259rbaycan dilinin q\u0259dim tarixi vard\u0131r. Tarixin m\u00fcxt\u0259lif d\u00f6vrl\u0259rind\u0259 ana dilimiz bir \u00e7ox t\u0259sirl\u0259r\u0259 m\u0259ruz qalsa da xalq\u0131m\u0131z bu dili qoruyub ya\u015fatm\u0131\u015f v\u0259 yeti\u015f\u0259n n\u00f6vb\u0259ti n\u0259sill\u0259r\u0259 \u00f6t\u00fcrm\u00fc\u015fd\u00fcr. Milli dilimiz \u00fc\u00e7\u00fcn \u00e7\u0259tin d\u00f6vl\u0259rd\u0259n biri \u00f6lk\u0259mizin Sovetl\u0259r birliyinin t\u0259rkibind\u0259 oldu\u011fu ill\u0259r, x\u00fcsusil\u0259 d\u0259 1970-ci ill\u0259rin ortalar\u0131 olmu\u015fdur. Lakin Az\u0259rbaycan\u0131n dahi o\u011flu Heyd\u0259r \u018fliyevin c\u0259sar\u0259ti v\u0259 \u015f\u0259xsi t\u0259\u015f\u0259bb\u00fcs\u00fc n\u0259tic\u0259sind\u0259 Az\u0259rbaycan dili zaman\u0131n bu s\u0131na\u011f\u0131ndan da u\u011furla \u00e7\u0131xa bilmi\u015fdir. Bel\u0259 ki, 1978-ci il 21 aprel tarixind\u0259 q\u0259bul olunmu\u015f Az\u0259rbaycan SSR Konstitusiyas\u0131nda ulu \u00f6nd\u0259r Heyd\u0259r \u018fliyevin\u00a0 t\u0259\u015f\u0259bb\u00fcs\u00fc il\u0259 \u201cAz\u0259rbaycan Sovet Sosialist Respublikas\u0131n\u0131n d\u00f6vl\u0259t dili Az\u0259rbaycan dilidir\u201d, madd\u0259si\u00a0 \u00f6z \u0259ksini tapm\u0131\u015fd\u0131r. Sovetl\u0259r d\u00f6vr\u00fcnd\u0259 Az\u0259rbaycan dilinin m\u0259nfi t\u0259sirl\u0259r\u0259 m\u0259ruz qalmas\u0131n\u0131n qar\u015f\u0131s\u0131n\u0131 almaq \u00fc\u00e7\u00fcn dahi \u015f\u0259xsiyy\u0259t h\u0259r zaman \u00f6z g\u00fcc\u00fcn\u00fc s\u0259f\u0259rb\u0259r etmi\u015f, xalq\u0131m\u0131z\u0131n milli s\u0259rv\u0259tini qoruyub saxlaya bilmi\u015fdir.<\/h5>\n<p>Xalq\u0131m\u0131z m\u00fcst\u0259qillik \u0259ld\u0259 etdikd\u0259n sonra ana dilimiz b\u00fct\u00fcn t\u0259sirl\u0259rd\u0259n azad olmu\u015f v\u0259 \u00fcmummilli liderimiz Heyd\u0259r \u018fliyevin misilsiz xidm\u0259tl\u0259ri say\u0259sind\u0259 Az\u0259rbaycan dili \u00f6z\u00fcn\u00fcn yeni inki\u015faf m\u0259rh\u0259l\u0259sin\u0259 q\u0259d\u0259m qoymu\u015fdur.<\/p>\n<p>H\u0259r mill\u0259tin \u00f6z\u00fcn\u0259 m\u0259xsus ana dili var ki, bu onun milli s\u0259rv\u0259tidir. Ana dili mill\u0259tin m\u0259n\u0259vi diriliyidir. H\u0259r k\u0259s \u00f6z anas\u0131n\u0131 v\u0259 v\u0259t\u0259nini sevdiyi kimi, ana dilini d\u0259 sevir. Ulu \u00f6nd\u0259rimiz Heyd\u0259r \u018fliyev \u00f6z ana dilini bilm\u0259y\u0259nl\u0259ri \u201c\u015fik\u0259st\u201d adland\u0131r\u0131rd\u0131. Dahi \u015f\u0259xsiyy\u0259t Heyd\u0259r \u018fliyev ana dilimiz haqq\u0131nda demi\u015fdir: \u201cBizim \u00e7ox g\u00f6z\u0259l, z\u0259ngin, cazib\u0259dar dilimiz var. B\u0259lk\u0259 d\u0259 biz bu dild\u0259 dan\u0131\u015fd\u0131\u011f\u0131m\u0131za g\u00f6r\u0259 \u00f6z dilimizin z\u0259nginliyini v\u0259 g\u00f6z\u0259lliyini h\u0259l\u0259 tam d\u0259rk ed\u0259 bilm\u0259mi\u015fik. Ancaq bilin ki, bu, h\u0259qiq\u0259tdir. Ona g\u00f6r\u0259 d\u0259 bunu he\u00e7 bir \u015fey\u0259 d\u0259yi\u015fm\u0259k olmaz. H\u0259r bir Az\u0259rbaycan v\u0259t\u0259nda\u015f\u0131, h\u0259r bir az\u0259rbaycanl\u0131 \u00f6z ana dilini-Az\u0259rbaycan dilini, d\u00f6vl\u0259t dilini m\u00fck\u0259mm\u0259l bilm\u0259lidir. G\u0259ncl\u0259r\u0259 t\u00f6vsiyy\u0259 edir\u0259m ki, \u0259g\u0259r kimins\u0259 bu bar\u0259d\u0259 \u00e7at\u0131\u015fmazl\u0131\u011f\u0131 varsa, \u00e7al\u0131\u015f\u0131n, bunu aradan qald\u0131r\u0131n. Xarici \u00f6lk\u0259l\u0259rd\u0259 t\u0259hsil alark\u0259n, h\u0259min \u00f6lk\u0259nin dilini \u00f6yr\u0259n\u0259rk\u0259n \u00f6z dilinizi he\u00e7 vaxt unutmay\u0131n v\u0259 \u00f6z ana dilinizi he\u00e7 bir ba\u015fqa dil\u0259 d\u0259yi\u015fm\u0259yin. Xalq\u0131n, mill\u0259tin, insan\u0131n \u00f6z ana dilind\u0259n \u0259ziz he\u00e7 bir \u015feyi ola bilm\u0259z.\u201d<\/p>\n<p>Ulu \u00f6nd\u0259r Heyd\u0259r \u018fliyevin ana dilimz haqq\u0131nda s\u00f6yl\u0259mi\u015f oldu\u011fu bu m\u00fcq\u0259dd\u0259s s\u00f6zl\u0259r\u0259 diqq\u0259t yetirdikd\u0259 bir daha Az\u0259rbaycan dilinin n\u0259 q\u0259d\u0259r s\u0259lis, geni\u015f v\u0259 z\u0259ngin ifad\u0259 imkanlar\u0131na malik oldu\u011funu g\u00f6rm\u0259k olur. Eyni zamanda \u00fcmummilli liderimiz bu nitqi il\u0259 h\u0259r bir v\u0259t\u0259nda\u015f\u0131n, x\u00fcsusil\u0259 d\u0259 g\u0259ncl\u0259rin qar\u015f\u0131s\u0131nda m\u00fcq\u0259dd\u0259s bir v\u0259zif\u0259 qoymu\u015fdur. Bu m\u00fcq\u0259dd\u0259s v\u0259zif\u0259 ana dilimiz olan Az\u0259rbaycan dilinin m\u00fck\u0259mm\u0259l \u00f6yr\u0259nilm\u0259si v\u0259 onun qorunub saxlanmas\u0131d\u0131r.<\/p>\n<p>Bu i\u015fd\u0259 ulu \u00f6nd\u0259r Heyd\u0259r \u018fliyev misilsiz xidm\u0259tl\u0259r g\u00f6st\u0259rmi\u015f, h\u0259m\u00e7inin h\u0259r bir az\u0259rbaycanl\u0131ya b\u00f6y\u00fck \u00f6rn\u0259k olmu\u015fdur. Bel\u0259 ki, b\u00fct\u00fcn xarici \u00f6lk\u0259l\u0259r\u0259 s\u0259f\u0259rl\u0259ri zaman\u0131 \u00a0\u00f6z \u00e7\u0131x\u0131\u015flar\u0131n\u0131 d\u00f6vl\u0259t dilimiz olan Az\u0259rbaycan dilind\u0259 etm\u0259si ana dilimizin t\u0259bli\u011fat\u0131 say\u0259sind\u0259 g\u00f6rlm\u00fc\u015f b\u00f6y\u00fck i\u015fl\u0259rdir. Az\u0259rbaycan dilinin inki\u015faf\u0131 namin\u0259 g\u00f6r\u00fclm\u00fc\u015f i\u015fl\u0259r bununla yekunla\u015fm\u0131r. \u00dcmummilli lider Heyd\u0259r \u018fliyev bu sah\u0259d\u0259 bir \u00e7ox f\u0259rman v\u0259 s\u0259r\u0259ncamlar imzalam\u0131\u015fd\u0131r. 2001-ci il iyunun 18-d\u0259 \u201cD\u00f6vl\u0259t dilinin t\u0259tbiqi i\u015finin t\u0259kmill\u0259\u015fdirilm\u0259si haqq\u0131nda\u201d, 2001-ci il avqust ay\u0131n\u0131n 9-da \u201cAz\u0259rbaycan \u0259lifbas\u0131 v\u0259 Az\u0259rbaycan dili g\u00fcn\u00fcn\u00fcn t\u0259sis edilm\u0259si haqq\u0131nda\u201d f\u0259rmanlar verildi. M\u0259hz\u00a0 2001-ci il avqustun 9-da imzalanan F\u0259rmana \u0259sas\u0259n avqustun 1-i \u00f6lk\u0259mizd\u0259 Az\u0259rbaycan \u0259lifbas\u0131 v\u0259 Az\u0259rbaycan dili g\u00fcn\u00fc kimi qeyd olunur.<\/p>\n<p>Ulu \u00f6nd\u0259r Heyd\u0259r \u018fliyevin 2001-ci il iyunun 18-d\u0259 imzalam\u0131\u015f oldu\u011fu \u201cD\u00f6vl\u0259t dilinin t\u0259tbiqi i\u015finin t\u0259kmill\u0259\u015fdirilm\u0259si haqq\u0131nda\u201d F\u0259rman\u0131 \u00f6z\u00fcnd\u0259 bir \u00e7ox m\u0259qs\u0259dl\u0259ri c\u0259ml\u0259\u015fdirirdi. Az\u0259rbaycan\u0131n d\u00f6vl\u0259t m\u00fcst\u0259qilliyinin ba\u015fl\u0131ca r\u0259mzl\u0259rind\u0259n say\u0131lan Az\u0259rbaycan dilinin t\u0259tbiq v\u0259 inki\u015faf etdirilm\u0259sin\u0259 d\u00f6vl\u0259t qay\u011f\u0131s\u0131n\u0131n art\u0131r\u0131lmas\u0131, ana dilimizin \u00f6yr\u0259nilm\u0259si, elmi t\u0259dqiqinin f\u0259alla\u015fd\u0131r\u0131lmas\u0131, dilimizin c\u0259miyy\u0259td\u0259 t\u0259tbiq dair\u0259sinin geni\u015fl\u0259ndirilm\u0259si v\u0259 bu i\u015f\u0259 n\u0259zar\u0259tin g\u00fccl\u0259ndirilm\u0259si kimi m\u0259s\u0259l\u0259l\u0259r g\u00fcnd\u0259md\u0259 olmu\u015fdur. Bu F\u0259rmana \u0259sas\u0259n Az\u0259rbaycan Respublikas\u0131 Prezidentinin yan\u0131nda D\u00f6vl\u0259t Dil Komissiyas\u0131 yarad\u0131lm\u0131\u015f v\u0259 Az\u0259rbaycan Respublikas\u0131nda d\u00f6vl\u0259t dili haqq\u0131nda qanun layih\u0259sini haz\u0131rlan\u0131b Az\u0259rbaycan Respublikas\u0131n\u0131n Prezidentin\u0259 t\u0259qdim edilmi\u015fdir. H\u0259m\u00e7inin Az\u0259rbaycan Respublikas\u0131n\u0131n nazirlik, idar\u0259, t\u0259\u015fkilat v\u0259 m\u00fc\u0259ssis\u0259 r\u0259hb\u0259rl\u0259ri \u00f6z tabelikl\u0259rind\u0259 olan qurumlarda d\u00f6vl\u0259t dilinin v\u0259 lat\u0131n qrafikas\u0131n\u0131n t\u0259tbiqi i\u015finin yax\u015f\u0131la\u015fd\u0131r\u0131lmas\u0131 il\u0259 ba\u011fl\u0131 uzunm\u00fcdd\u0259tli kompleks planlar haz\u0131rlay\u0131b h\u0259yata ke\u00e7irmi\u015fl\u0259r. Bu F\u0259rman\u0131n t\u0259l\u0259bind\u0259n ir\u0259li g\u0259l\u0259r\u0259k Az\u0259rbaycan Respublikas\u0131n\u0131n T\u0259hsil Nazirliyi v\u0259 Az\u0259rbaycan Milli Elml\u0259r Akademiyas\u0131 bir s\u0131ra t\u0259dbirl\u0259r planlar\u0131 h\u0259yata ke\u00e7irmi\u015f, \u00f6lk\u0259d\u0259 yay\u0131mlanan telekanallarda n\u00fcmayi\u015f etdirilm\u0259k \u00fc\u00e7\u00fcn al\u0131nm\u0131\u015f xarici kino v\u0259 televiziya m\u0259mulatlar\u0131n\u0131n Az\u0259rbaycan dilin\u0259 dubliyaj\u0131 m\u0259s\u0259l\u0259l\u0259ri \u00f6z h\u0259llini tapm\u0131\u015fd\u0131r. Eyni zamanda, \u00f6lk\u0259d\u0259 Az\u0259rbaycan dilind\u0259 \u00e7ap olunan q\u0259zet, jurnal, b\u00fclleten, kitab v\u0259 dig\u0259r \u00e7ap m\u0259hsullar\u0131n\u0131n istehsal\u0131n\u0131n 2001-ci il avqustun 1-\u0259 q\u0259d\u0259r b\u00fct\u00f6vl\u00fckd\u0259 lat\u0131n qrafikas\u0131na ke\u00e7m\u0259sini t\u0259min etmi\u015fdir.<\/p>\n<p>2002-ci il sentyabr ay\u0131n\u0131n 30-da\u00a0 3 f\u0259sil 20 madd\u0259d\u0259n ibar\u0259t \u201cAz\u0259rbaycan Respublikas\u0131nda d\u00f6vl\u0259t dili haqq\u0131nda\u201d Az\u0259rbaycan Respublikas\u0131n\u0131n\u00a0Qanunu q\u0259bul edildi. 2003-c\u00fc ilin yanvar\u0131n 2-d\u0259 is\u0259 \u201cAz\u0259rbaycan Respublikas\u0131nda d\u00f6vl\u0259t dili haqq\u0131nda\u201d F\u0259rman imzaland\u0131.<\/p>\n<p>Ulu \u00f6nd\u0259rimizin siyasi kursunu u\u011furla davam etdir\u0259n c\u0259nab prezidentimiz \u0130lham \u018fliyev d\u0259 Az\u0259rbaycan dilinin inki\u015faf etdirilm\u0259sin\u0259 x\u00fcsusi diqq\u0259t yetirm\u0259kd\u0259dir. Bel\u0259 ki, Az\u0259rbaycan Respublikas\u0131n\u0131n Prezidenti c\u0259nab \u0130lham \u018fliyev d\u00f6vl\u0259t dilin yad t\u0259sirl\u0259rd\u0259n qorunub saxlanmas\u0131 v\u0259 inki\u015faf\u0131n\u0131 t\u0259min etm\u0259k m\u0259qs\u0259dil\u0259 m\u00fcxt\u0259lif f\u0259rman v\u0259 s\u0259r\u0259ncamlar imzalam\u0131\u015fd\u0131r.<\/p>\n<p>M\u00fcdr\u00fckl\u0259rd\u0259n Hegel demi\u015fdir: \u201cAna dilind\u0259 dan\u0131\u015fmaq b\u00f6y\u00fck m\u0259d\u0259niyy\u0259tdir\u201d.\u00a0 M\u00fcst\u0259qil Az\u0259rbaycan\u0131m\u0131z\u0131n h\u0259r bir v\u0259t\u0259nda\u015f\u0131na is\u0259 bu b\u00f6y\u00fck m\u0259d\u0259niyy\u0259ti m\u0259hz \u00fcmummilli liderimiz Heyd\u0259r \u018fliyev \u00f6yr\u0259tdi. Ulu \u00f6nd\u0259rimiz bunu b\u00fct\u00fcn \u00e7\u0131x\u0131\u015f v\u0259 nitql\u0259rini ana dilimizd\u0259 etm\u0259kl\u0259, h\u0259m\u00e7inin Az\u0259rbaycan dilinin inki\u015faf\u0131na g\u00f6st\u0259rdiyi xidm\u0259tl\u0259ri il\u0259 etmi\u015f oldu. B\u00fct\u00fcn bunlara \u0259saslanaraq m\u00fcst\u0259qil Az\u0259rbaycan\u0131m\u0131z\u0131n h\u0259r bir v\u0259t\u0259nda\u015f\u0131, \u0259n \u0259sas da g\u0259ncl\u0259rimiz \u00fcmummilli liderimizin bu m\u00fcq\u0259dd\u0259s amallar\u0131na sadiq qalaraq ana dilimizi m\u00fck\u0259mm\u0259l bilm\u0259li v\u0259 onu qoruyaraq g\u0259l\u0259c\u0259k n\u0259sill\u0259r\u0259 \u00f6t\u00fcrm\u0259lidir. Bunu ona g\u00f6r\u0259 etm\u0259liyik ki, Az\u0259rbaycan adl\u0131 bir m\u0259ml\u0259k\u0259t, xalq\u0131m\u0131z v\u0259 ana dilimiz daim m\u00f6vcud olsun.<\/p>\n<p><img src=\"https:\/\/ikisahil.az\/upload\/\/2025\/04\/22\/\/-ffc58105174530147822917582510913715.jpg\" alt=\"\" \/><\/p>\n<p><strong>Anar \u015eahmuradov,<\/strong><\/p>\n<p><em>YAP A\u011fda\u015f rayon t\u0259\u015fkilat\u0131n ideoloji i\u015fl\u0259r \u00fczr\u0259 m\u0259sl\u0259h\u0259t\u00e7isi<\/em><\/p>\n","protected":false},"excerpt":{"rendered":"<p>Z\u0259ngin ifad\u0259 imkanlar\u0131na malik olan Az\u0259rbaycan dilinin q\u0259dim tarixi vard\u0131r. Tarixin m\u00fcxt\u0259lif d\u00f6vrl\u0259rind\u0259 ana dilimiz bir \u00e7ox t\u0259sirl\u0259r\u0259 m\u0259ruz qalsa da xalq\u0131m\u0131z bu dili qoruyub ya\u015fatm\u0131\u015f v\u0259 yeti\u015f\u0259n n\u00f6vb\u0259ti n\u0259sill\u0259r\u0259 \u00f6t\u00fcrm\u00fc\u015fd\u00fcr. Milli dilimiz \u00fc\u00e7\u00fcn \u00e7\u0259tin d\u00f6vl\u0259rd\u0259n biri \u00f6lk\u0259mizin Sovetl\u0259r birliyinin t\u0259rkibind\u0259 oldu\u011fu ill\u0259r, x\u00fcsusil\u0259 d\u0259 1970-ci ill\u0259rin ortalar\u0131 olmu\u015fdur. Lakin Az\u0259rbaycan\u0131n dahi o\u011flu Heyd\u0259r \u018fliyevin c\u0259sar\u0259ti v\u0259 \u015f\u0259xsi t\u0259\u015f\u0259bb\u00fcs\u00fc n\u0259tic\u0259sind\u0259 Az\u0259rbaycan dili zaman\u0131n bu s\u0131na\u011f\u0131ndan da u\u011furla \u00e7\u0131xa bilmi\u015fdir. Bel\u0259 ki, 1978-ci il 21 aprel tarixind\u0259 q\u0259bul olunmu\u015f Az\u0259rbaycan SSR Konstitusiyas\u0131nda ulu \u00f6nd\u0259r Heyd\u0259r \u018fliyevin\u00a0 t\u0259\u015f\u0259bb\u00fcs\u00fc il\u0259 \u201cAz\u0259rbaycan Sovet Sosialist&hellip;<\/p>\n","protected":false},"author":2,"featured_media":801778,"comment_status":"closed","ping_status":"closed","sticky":false,"template":"","format":"standard","meta":{"om_disable_all_campaigns":false,"_monsterinsights_skip_tracking":false,"_monsterinsights_sitenote_active":false,"_monsterinsights_sitenote_note":"","_monsterinsights_sitenote_category":0},"categories":[19],"tags":[],"aioseo_notices":[],"gutentor_comment":0,"rttpg_featured_image_url":{"full":["https:\/\/arantv.az\/wp-content\/uploads\/2025\/04\/0533a888162780052269716029710636132.jpg",975,540,false],"landscape":["https:\/\/arantv.az\/wp-content\/uploads\/2025\/04\/0533a888162780052269716029710636132.jpg",975,540,false],"portraits":["https:\/\/arantv.az\/wp-content\/uploads\/2025\/04\/0533a888162780052269716029710636132.jpg",975,540,false],"thumbnail":["https:\/\/arantv.az\/wp-content\/uploads\/2025\/04\/0533a888162780052269716029710636132-500x280.jpg",500,280,true],"medium":["https:\/\/arantv.az\/wp-content\/uploads\/2025\/04\/0533a888162780052269716029710636132-660x365.jpg",660,365,true],"large":["https:\/\/arantv.az\/wp-content\/uploads\/2025\/04\/0533a888162780052269716029710636132-840x465.jpg",640,354,true],"1536x1536":["https:\/\/arantv.az\/wp-content\/uploads\/2025\/04\/0533a888162780052269716029710636132.jpg",975,540,false],"2048x2048":["https:\/\/arantv.az\/wp-content\/uploads\/2025\/04\/0533a888162780052269716029710636132.jpg",975,540,false],"post-thumbnail":["https:\/\/arantv.az\/wp-content\/uploads\/2025\/04\/0533a888162780052269716029710636132-240x172.jpg",240,172,true],"advps-thumb-one":["https:\/\/arantv.az\/wp-content\/uploads\/2025\/04\/0533a888162780052269716029710636132.jpg",975,540,false]},"rttpg_author":{"display_name":"V\u00fcsal Rafiqo\u011flu","author_link":"https:\/\/arantv.az\/?author=2"},"rttpg_comment":0,"rttpg_category":"<a href=\"https:\/\/arantv.az\/?cat=19\" rel=\"category\">G\u00fcnd\u0259m<\/a>","rttpg_excerpt":"Z\u0259ngin ifad\u0259 imkanlar\u0131na malik olan Az\u0259rbaycan dilinin q\u0259dim tarixi vard\u0131r. Tarixin m\u00fcxt\u0259lif d\u00f6vrl\u0259rind\u0259 ana dilimiz bir \u00e7ox t\u0259sirl\u0259r\u0259 m\u0259ruz qalsa da xalq\u0131m\u0131z bu dili qoruyub ya\u015fatm\u0131\u015f v\u0259 yeti\u015f\u0259n n\u00f6vb\u0259ti n\u0259sill\u0259r\u0259 \u00f6t\u00fcrm\u00fc\u015fd\u00fcr. Milli dilimiz \u00fc\u00e7\u00fcn \u00e7\u0259tin d\u00f6vl\u0259rd\u0259n biri \u00f6lk\u0259mizin Sovetl\u0259r birliyinin t\u0259rkibind\u0259 oldu\u011fu ill\u0259r, x\u00fcsusil\u0259 d\u0259 1970-ci ill\u0259rin ortalar\u0131 olmu\u015fdur. Lakin Az\u0259rbaycan\u0131n dahi o\u011flu Heyd\u0259r \u018fliyevin&hellip;","_links":{"self":[{"href":"https:\/\/arantv.az\/index.php?rest_route=\/wp\/v2\/posts\/801777"}],"collection":[{"href":"https:\/\/arantv.az\/index.php?rest_route=\/wp\/v2\/posts"}],"about":[{"href":"https:\/\/arantv.az\/index.php?rest_route=\/wp\/v2\/types\/post"}],"author":[{"embeddable":true,"href":"https:\/\/arantv.az\/index.php?rest_route=\/wp\/v2\/users\/2"}],"replies":[{"embeddable":true,"href":"https:\/\/arantv.az\/index.php?rest_route=%2Fwp%2Fv2%2Fcomments&post=801777"}],"version-history":[{"count":1,"href":"https:\/\/arantv.az\/index.php?rest_route=\/wp\/v2\/posts\/801777\/revisions"}],"predecessor-version":[{"id":801779,"href":"https:\/\/arantv.az\/index.php?rest_route=\/wp\/v2\/posts\/801777\/revisions\/801779"}],"wp:featuredmedia":[{"embeddable":true,"href":"https:\/\/arantv.az\/index.php?rest_route=\/wp\/v2\/media\/801778"}],"wp:attachment":[{"href":"https:\/\/arantv.az\/index.php?rest_route=%2Fwp%2Fv2%2Fmedia&parent=801777"}],"wp:term":[{"taxonomy":"category","embeddable":true,"href":"https:\/\/arantv.az\/index.php?rest_route=%2Fwp%2Fv2%2Fcategories&post=801777"},{"taxonomy":"post_tag","embeddable":true,"href":"https:\/\/arantv.az\/index.php?rest_route=%2Fwp%2Fv2%2Ftags&post=801777"}],"curies":[{"name":"wp","href":"https:\/\/api.w.org\/{rel}","templated":true}]}}