{"id":801797,"date":"2025-04-22T11:18:40","date_gmt":"2025-04-22T07:18:40","guid":{"rendered":"https:\/\/arantv.az\/?p=801797"},"modified":"2025-04-22T11:18:40","modified_gmt":"2025-04-22T07:18:40","slug":"leyla-%c9%99liyeva-vyetnam-kommunist-partiyasi-m%c9%99rk%c9%99zi-komit%c9%99sinin-bas-katibinin-xanimi-il%c9%99-gorusub","status":"publish","type":"post","link":"https:\/\/arantv.az\/?p=801797","title":{"rendered":"Leyla \u018fliyeva Vyetnam Kommunist Partiyas\u0131 M\u0259rk\u0259zi Komit\u0259sinin Ba\u015f katibinin xan\u0131m\u0131 il\u0259 g\u00f6r\u00fc\u015f\u00fcb"},"content":{"rendered":"<div class=\"content lead font-weight-normal\">\n<p>Heyd\u0259r \u018fliyev Fondunun vitse-prezidenti Leyla \u018fliyeva Vyetnama s\u0259f\u0259ri \u00e7\u0259r\u00e7iv\u0259sind\u0259 Vyetnam Kommunist Partiyas\u0131 M\u0259rk\u0259zi Komit\u0259sinin Ba\u015f katibinin xan\u0131m\u0131 No Fon Li il\u0259 g\u00f6r\u00fc\u015f\u00fcb.<\/p>\n<p><strong>ARANTV.AZ x\u0259b\u0259r verir ki, <\/strong>g\u00f6r\u00fc\u015f bu \u00f6lk\u0259nin Milli T\u0259sviri \u0130nc\u0259s\u0259n\u0259t Muzeyind\u0259 ke\u00e7irilib. Bildirilib ki, muzey Vyetnam\u0131n b\u0259dii irsini n\u00fcmayi\u015f etdir\u0259n \u0259sas m\u0259d\u0259niyy\u0259t ocaqlar\u0131ndand\u0131r. Muzeyin qalereyalar\u0131 yerli v\u0259 dig\u0259r \u00f6lk\u0259l\u0259rd\u0259n ziyar\u0259t\u00e7il\u0259ri c\u0259lb ed\u0259n unikal kolleksiyaya sahibdir. Daimi ekspozisiyalarla yana\u015f\u0131, burada m\u00fcv\u0259qq\u0259ti s\u0259rgil\u0259r, u\u015faqlar \u00fc\u00e7\u00fcn yarad\u0131c\u0131 m\u0259kan da var.<\/p>\n<p>Heyd\u0259r \u018fliyev Fondunun vitse-prezidenti Leyla \u018fliyeva v\u0259 Vyetnam Kommunist Partiyas\u0131 M\u0259rk\u0259zi Komit\u0259sinin Ba\u015f katibinin xan\u0131m\u0131 No Fon Li iki \u00f6lk\u0259 aras\u0131nda m\u00f6vcud \u0259laq\u0259l\u0259rin geni\u015fl\u0259nm\u0259si il\u0259 ba\u011fl\u0131 fikir m\u00fcbadil\u0259si apar\u0131blar.<\/p>\n<p>Qeyd edilib ki, Az\u0259rbaycanla Vyetnam aras\u0131nda s\u0131x \u0259m\u0259kda\u015fl\u0131q h\u0259l\u0259 Ulu \u00d6nd\u0259r Heyd\u0259r \u018fliyevin Sovet \u0130ttifaq\u0131 Kommunist Partiyas\u0131 M\u0259rk\u0259zi Komit\u0259sinin Siyasi B\u00fcrosunun \u00fczv\u00fc, SSR\u0130 Nazirl\u0259r Soveti s\u0259drinin birinci m\u00fcavini v\u0259zif\u0259sind\u0259 ilk xarici s\u0259f\u0259rini m\u0259hz Vyetnama etdiyi vaxtdan ba\u015flay\u0131b. Bu g\u00fcn is\u0259 \u00dcmummilli Liderin ad\u0131n\u0131 da\u015f\u0131yan Fond iki \u00f6lk\u0259 aras\u0131nda m\u00fcnasib\u0259tl\u0259rin s\u0131x t\u0259r\u0259fda\u015fl\u0131q, qar\u015f\u0131l\u0131ql\u0131 h\u00f6rm\u0259t v\u0259 dostluq s\u0259viyy\u0259l\u0259rind\u0259 davam etdirilm\u0259si \u00fc\u00e7\u00fcn Vyetnamla m\u00fcxt\u0259lif sah\u0259l\u0259rd\u0259 \u0259laq\u0259l\u0259rin d\u0259rinl\u0259\u015fm\u0259sin\u0259 \u00f6z t\u00f6hf\u0259sini verir.<\/p>\n<p>G\u00f6r\u00fc\u015fd\u0259 d\u00f6vl\u0259t s\u0259viyy\u0259sind\u0259 qurulan m\u00fcnasib\u0259tl\u0259rin m\u00fcxt\u0259lif istiqam\u0259tl\u0259rd\u0259, o c\u00fcml\u0259d\u0259n m\u0259d\u0259niyy\u0259t, t\u0259hsil, sosial sah\u0259l\u0259r \u00fczr\u0259 layih\u0259l\u0259r \u00e7\u0259r\u00e7iv\u0259sind\u0259 daha da d\u0259rinl\u0259\u015fm\u0259sinin vacibliyi vur\u011fulan\u0131b, bu il may\u0131n 7-8-d\u0259 Vyetnam Kommunist Partiyas\u0131 M\u0259rk\u0259zi Komit\u0259sinin Ba\u015f katibi To Lam\u0131n Az\u0259rbaycana n\u0259z\u0259rd\u0259 tutulan s\u0259f\u0259rinin iki \u00f6lk\u0259 \u0259m\u0259kda\u015fl\u0131\u011f\u0131n\u0131n m\u00f6hk\u0259ml\u0259nm\u0259sind\u0259 n\u00f6vb\u0259ti add\u0131m olaca\u011f\u0131na \u0259minlikl\u0259rini ifad\u0259 edilib.<\/p>\n<p>Dahi Az\u0259rbaycan b\u0259st\u0259kar\u0131 Qara Qarayevin 1954-c\u00fc ild\u0259 yazd\u0131\u011f\u0131 \u201cVyetnam s\u00fcitas\u0131\u201d \u0259s\u0259rinin 2023-c\u00fc ild\u0259 Hanoy \u015f\u0259h\u0259rind\u0259 premyeras\u0131n\u0131n ke\u00e7irilm\u0259si, Az\u0259rbaycan musiqi\u00e7il\u0259rinin Vyetnam Milli Musiqi Akademiyas\u0131 il\u0259 birg\u0259 konsert proqram\u0131n\u0131n t\u0259\u015fkili kimi m\u0259d\u0259ni layih\u0259l\u0259rin g\u0259l\u0259c\u0259kd\u0259 d\u0259 davam etdirilm\u0259sinin, h\u0259r iki \u00f6lk\u0259nin m\u0259d\u0259niyy\u0259t g\u00fcnl\u0259rinin t\u0259\u015fkil olunmas\u0131n\u0131n, o c\u00fcml\u0259d\u0259n m\u0259d\u0259niyy\u0259t xadiml\u0259rinin, ziyal\u0131lar\u0131n v\u0259 g\u0259nc f\u0259allar\u0131n qar\u015f\u0131l\u0131ql\u0131 s\u0259f\u0259rl\u0259rinin vacibliyi vur\u011fulan\u0131b.<\/p>\n<p>Heyd\u0259r \u018fliyev Fondunun Vyetnamda h\u0259yata ke\u00e7irdiyi layih\u0259l\u0259rin bundan sonra da m\u00fcxt\u0259lif sah\u0259l\u0259r \u00fczr\u0259 davam etdiril\u0259c\u0259yi bildirilib, iki \u00f6lk\u0259nin turizm potensial\u0131, \u0259traf m\u00fchitin qorunmas\u0131na y\u00f6n\u0259l\u0259n layih\u0259l\u0259r diqq\u0259t m\u0259rk\u0259zind\u0259 olub. H\u0259yata ke\u00e7iril\u0259n layih\u0259l\u0259rin \u00f6lk\u0259l\u0259rimiz v\u0259 xalqlar\u0131m\u0131z aras\u0131nda m\u00fcnasib\u0259tl\u0259rd\u0259 x\u00fcsusi rol oynad\u0131\u011f\u0131 qeyd edilib.<\/p>\n<div class=\"clearfix\"><\/div>\n<\/div>\n<div class=\"fotorama--hidden\"><\/div>\n<div id=\"galleryList\" class=\"fotorama fotorama1745306158437\" data-nav=\"thumbs\" data-width=\"100%\" data-thumbwidth=\"90\" data-thumbheight=\"60\" data-allowfullscreen=\"true\" data-autoplay=\"3000\" data-ratio=\"1.5\" data-keyboard=\"true\" data-fit=\"contain\">\n<div class=\"fotorama__wrap fotorama__wrap--css3 fotorama__wrap--slide fotorama__wrap--toggle-arrows fotorama__wrap--no-controls\">\n<div class=\"fotorama__stage fotorama__pointer\">\n<div class=\"fotorama__fullscreen-icon\" tabindex=\"0\" role=\"button\"><\/div>\n<div class=\"fotorama__stage__shaft\">\n<div class=\"fotorama__stage__frame fotorama__loaded fotorama__loaded--img\"><img class=\"fotorama__img\" src=\"https:\/\/ikisahil.az\/photo\/0x0_2\/upload\/gallery\/2025\/04\/22\/-b24d516b174530591655076689110885485.jpg\" \/><\/div>\n<div class=\"fotorama__stage__frame fotorama__loaded fotorama__loaded--img fotorama__active\"><img class=\"fotorama__img\" src=\"https:\/\/ikisahil.az\/photo\/0x0_2\/upload\/gallery\/2025\/04\/22\/-d58cc999174530591646598164510609759.jpg\" \/><\/div>\n<div class=\"fotorama__stage__frame fotorama__loaded fotorama__loaded--img\"><img class=\"fotorama__img\" src=\"https:\/\/ikisahil.az\/photo\/0x0_2\/upload\/gallery\/2025\/04\/22\/-b9b72b29174530591624842846710461384.jpg\" \/><\/div>\n<\/div>\n<div class=\"fotorama__arr fotorama__arr--prev\" tabindex=\"0\" role=\"button\"><\/div>\n<div class=\"fotorama__arr fotorama__arr--next\" tabindex=\"0\" role=\"button\"><\/div>\n<div class=\"fotorama__video-close\"><\/div>\n<\/div>\n<div class=\"fotorama__nav-wrap\">\n<div class=\"fotorama__nav fotorama__nav--thumbs fotorama__shadows--left\">\n<div class=\"fotorama__nav__shaft fotorama__grab\">\n<div class=\"fotorama__thumb-border\"><\/div>\n<div class=\"fotorama__nav__frame fotorama__nav__frame--thumb\" tabindex=\"0\" role=\"button\">\n<div class=\"fotorama__thumb fotorama__loaded fotorama__loaded--img\"><img class=\"fotorama__img\" src=\"https:\/\/ikisahil.az\/photo\/150x100_2\/upload\/gallery\/2025\/04\/22\/-2f4ccb0f174530591657093526010079889.jpg\" \/><\/div>\n<\/div>\n<div class=\"fotorama__nav__frame fotorama__nav__frame--thumb\" tabindex=\"0\" role=\"button\">\n<div class=\"fotorama__thumb fotorama__loaded fotorama__loaded--img\"><img class=\"fotorama__img\" src=\"https:\/\/ikisahil.az\/photo\/150x100_2\/upload\/gallery\/2025\/04\/22\/-8d55a249174530591679356123510392229.jpg\" \/><\/div>\n<\/div>\n<div class=\"fotorama__nav__frame fotorama__nav__frame--thumb\" tabindex=\"0\" role=\"button\">\n<div class=\"fotorama__thumb fotorama__loaded fotorama__loaded--img\"><img class=\"fotorama__img\" src=\"https:\/\/ikisahil.az\/photo\/150x100_2\/upload\/gallery\/2025\/04\/22\/-8900faaa174530591612777328410562554.jpg\" \/><\/div>\n<\/div>\n<div class=\"fotorama__nav__frame fotorama__nav__frame--thumb\" tabindex=\"0\" role=\"button\">\n<div class=\"fotorama__thumb fotorama__loaded fotorama__loaded--img\"><img class=\"fotorama__img\" src=\"https:\/\/ikisahil.az\/photo\/150x100_2\/upload\/gallery\/2025\/04\/22\/-99ba5c40174530591654924169010023878.jpg\" \/><\/div>\n<\/div>\n<div class=\"fotorama__nav__frame fotorama__nav__frame--thumb\" tabindex=\"0\" role=\"button\">\n<div class=\"fotorama__thumb fotorama__loaded fotorama__loaded--img\"><img class=\"fotorama__img\" src=\"https:\/\/ikisahil.az\/photo\/150x100_2\/upload\/gallery\/2025\/04\/22\/-a60937eb174530591669773163710703076.jpg\" \/><\/div>\n<\/div>\n<div class=\"fotorama__nav__frame fotorama__nav__frame--thumb\" tabindex=\"0\" role=\"button\">\n<div class=\"fotorama__thumb fotorama__loaded fotorama__loaded--img\"><img class=\"fotorama__img\" src=\"https:\/\/ikisahil.az\/photo\/150x100_2\/upload\/gallery\/2025\/04\/22\/-e0ae4561174530591639702380510584581.jpg\" \/><\/div>\n<\/div>\n<div class=\"fotorama__nav__frame fotorama__nav__frame--thumb\" tabindex=\"0\" role=\"button\">\n<div class=\"fotorama__thumb fotorama__loaded fotorama__loaded--img\"><img class=\"fotorama__img\" src=\"https:\/\/ikisahil.az\/photo\/150x100_2\/upload\/gallery\/2025\/04\/22\/-3593650417453059164016424021079736.jpg\" \/><\/div>\n<\/div>\n<div class=\"fotorama__nav__frame fotorama__nav__frame--thumb\" tabindex=\"0\" role=\"button\">\n<div class=\"fotorama__thumb fotorama__loaded fotorama__loaded--img\"><img class=\"fotorama__img\" src=\"https:\/\/ikisahil.az\/photo\/150x100_2\/upload\/gallery\/2025\/04\/22\/-a0b45d1b174530591697188139310449622.jpg\" \/><\/div>\n<\/div>\n<div class=\"fotorama__nav__frame fotorama__nav__frame--thumb\" tabindex=\"0\" role=\"button\">\n<div class=\"fotorama__thumb fotorama__loaded fotorama__loaded--img\"><img class=\"fotorama__img\" src=\"https:\/\/ikisahil.az\/photo\/150x100_2\/upload\/gallery\/2025\/04\/22\/-ce47be4a174530591642117786310233854.jpg\" \/><\/div>\n<\/div>\n<div class=\"fotorama__nav__frame fotorama__nav__frame--thumb\" tabindex=\"0\" role=\"button\">\n<div class=\"fotorama__thumb fotorama__loaded fotorama__loaded--img\"><img class=\"fotorama__img\" src=\"https:\/\/ikisahil.az\/photo\/150x100_2\/upload\/gallery\/2025\/04\/22\/-605ac7e4174530591691235250010517281.jpg\" \/><\/div>\n<\/div>\n<div class=\"fotorama__nav__frame fotorama__nav__frame--thumb\" tabindex=\"0\" role=\"button\">\n<div class=\"fotorama__thumb fotorama__loaded fotorama__loaded--img\"><img class=\"fotorama__img\" src=\"https:\/\/ikisahil.az\/photo\/150x100_2\/upload\/gallery\/2025\/04\/22\/-b24d516b174530591655076689110885485.jpg\" \/><\/div>\n<\/div>\n<div class=\"fotorama__nav__frame fotorama__nav__frame--thumb fotorama__active\" tabindex=\"0\" role=\"button\">\n<div class=\"fotorama__thumb fotorama__loaded fotorama__loaded--img\"><img class=\"fotorama__img\" src=\"https:\/\/ikisahil.az\/photo\/150x100_2\/upload\/gallery\/2025\/04\/22\/-d58cc999174530591646598164510609759.jpg\" \/><\/div>\n<\/div>\n<div class=\"fotorama__nav__frame fotorama__nav__frame--thumb\" tabindex=\"0\" role=\"button\">\n<div class=\"fotorama__thumb fotorama__loaded fotorama__loaded--img\"><img class=\"fotorama__img\" src=\"https:\/\/ikisahil.az\/photo\/150x100_2\/upload\/gallery\/2025\/04\/22\/-b9b72b29174530591624842846710461384.jpg\" \/><\/div>\n<\/div>\n<\/div>\n<\/div>\n<\/div>\n<\/div>\n<\/div>\n<div class=\"sharing my-2 row no-gutters d-print-none\">\n<div class=\"col-md-3\"><\/div>\n<\/div>\n<div class=\"d-none d-sm-block\"><\/div>\n","protected":false},"excerpt":{"rendered":"<p>Heyd\u0259r \u018fliyev Fondunun vitse-prezidenti Leyla \u018fliyeva Vyetnama s\u0259f\u0259ri \u00e7\u0259r\u00e7iv\u0259sind\u0259 Vyetnam Kommunist Partiyas\u0131 M\u0259rk\u0259zi Komit\u0259sinin Ba\u015f katibinin xan\u0131m\u0131 No Fon Li il\u0259 g\u00f6r\u00fc\u015f\u00fcb. ARANTV.AZ x\u0259b\u0259r verir ki, g\u00f6r\u00fc\u015f bu \u00f6lk\u0259nin Milli T\u0259sviri \u0130nc\u0259s\u0259n\u0259t Muzeyind\u0259 ke\u00e7irilib. Bildirilib ki, muzey Vyetnam\u0131n b\u0259dii irsini n\u00fcmayi\u015f etdir\u0259n \u0259sas m\u0259d\u0259niyy\u0259t ocaqlar\u0131ndand\u0131r. Muzeyin qalereyalar\u0131 yerli v\u0259 dig\u0259r \u00f6lk\u0259l\u0259rd\u0259n ziyar\u0259t\u00e7il\u0259ri c\u0259lb ed\u0259n unikal kolleksiyaya sahibdir. Daimi ekspozisiyalarla yana\u015f\u0131, burada m\u00fcv\u0259qq\u0259ti s\u0259rgil\u0259r, u\u015faqlar \u00fc\u00e7\u00fcn yarad\u0131c\u0131 m\u0259kan da var. Heyd\u0259r \u018fliyev Fondunun vitse-prezidenti Leyla \u018fliyeva v\u0259 Vyetnam Kommunist Partiyas\u0131 M\u0259rk\u0259zi Komit\u0259sinin Ba\u015f katibinin xan\u0131m\u0131 No Fon Li iki \u00f6lk\u0259 aras\u0131nda&hellip;<\/p>\n","protected":false},"author":2,"featured_media":801798,"comment_status":"closed","ping_status":"closed","sticky":false,"template":"","format":"standard","meta":{"om_disable_all_campaigns":false,"_monsterinsights_skip_tracking":false,"_monsterinsights_sitenote_active":false,"_monsterinsights_sitenote_note":"","_monsterinsights_sitenote_category":0},"categories":[4],"tags":[],"aioseo_notices":[],"gutentor_comment":0,"rttpg_featured_image_url":{"full":["https:\/\/arantv.az\/wp-content\/uploads\/2025\/04\/c25e9a36174530590170558426110699849.jpg",975,540,false],"landscape":["https:\/\/arantv.az\/wp-content\/uploads\/2025\/04\/c25e9a36174530590170558426110699849.jpg",975,540,false],"portraits":["https:\/\/arantv.az\/wp-content\/uploads\/2025\/04\/c25e9a36174530590170558426110699849.jpg",975,540,false],"thumbnail":["https:\/\/arantv.az\/wp-content\/uploads\/2025\/04\/c25e9a36174530590170558426110699849-500x280.jpg",500,280,true],"medium":["https:\/\/arantv.az\/wp-content\/uploads\/2025\/04\/c25e9a36174530590170558426110699849-660x365.jpg",660,365,true],"large":["https:\/\/arantv.az\/wp-content\/uploads\/2025\/04\/c25e9a36174530590170558426110699849-840x465.jpg",640,354,true],"1536x1536":["https:\/\/arantv.az\/wp-content\/uploads\/2025\/04\/c25e9a36174530590170558426110699849.jpg",975,540,false],"2048x2048":["https:\/\/arantv.az\/wp-content\/uploads\/2025\/04\/c25e9a36174530590170558426110699849.jpg",975,540,false],"post-thumbnail":["https:\/\/arantv.az\/wp-content\/uploads\/2025\/04\/c25e9a36174530590170558426110699849-240x172.jpg",240,172,true],"advps-thumb-one":["https:\/\/arantv.az\/wp-content\/uploads\/2025\/04\/c25e9a36174530590170558426110699849.jpg",975,540,false]},"rttpg_author":{"display_name":"V\u00fcsal Rafiqo\u011flu","author_link":"https:\/\/arantv.az\/?author=2"},"rttpg_comment":0,"rttpg_category":"<a href=\"https:\/\/arantv.az\/?cat=4\" rel=\"category\">Siyas\u0259t<\/a>","rttpg_excerpt":"Heyd\u0259r \u018fliyev Fondunun vitse-prezidenti Leyla \u018fliyeva Vyetnama s\u0259f\u0259ri \u00e7\u0259r\u00e7iv\u0259sind\u0259 Vyetnam Kommunist Partiyas\u0131 M\u0259rk\u0259zi Komit\u0259sinin Ba\u015f katibinin xan\u0131m\u0131 No Fon Li il\u0259 g\u00f6r\u00fc\u015f\u00fcb. ARANTV.AZ x\u0259b\u0259r verir ki, g\u00f6r\u00fc\u015f bu \u00f6lk\u0259nin Milli T\u0259sviri \u0130nc\u0259s\u0259n\u0259t Muzeyind\u0259 ke\u00e7irilib. Bildirilib ki, muzey Vyetnam\u0131n b\u0259dii irsini n\u00fcmayi\u015f etdir\u0259n \u0259sas m\u0259d\u0259niyy\u0259t ocaqlar\u0131ndand\u0131r. Muzeyin qalereyalar\u0131 yerli v\u0259 dig\u0259r \u00f6lk\u0259l\u0259rd\u0259n ziyar\u0259t\u00e7il\u0259ri c\u0259lb ed\u0259n unikal&hellip;","_links":{"self":[{"href":"https:\/\/arantv.az\/index.php?rest_route=\/wp\/v2\/posts\/801797"}],"collection":[{"href":"https:\/\/arantv.az\/index.php?rest_route=\/wp\/v2\/posts"}],"about":[{"href":"https:\/\/arantv.az\/index.php?rest_route=\/wp\/v2\/types\/post"}],"author":[{"embeddable":true,"href":"https:\/\/arantv.az\/index.php?rest_route=\/wp\/v2\/users\/2"}],"replies":[{"embeddable":true,"href":"https:\/\/arantv.az\/index.php?rest_route=%2Fwp%2Fv2%2Fcomments&post=801797"}],"version-history":[{"count":1,"href":"https:\/\/arantv.az\/index.php?rest_route=\/wp\/v2\/posts\/801797\/revisions"}],"predecessor-version":[{"id":801799,"href":"https:\/\/arantv.az\/index.php?rest_route=\/wp\/v2\/posts\/801797\/revisions\/801799"}],"wp:featuredmedia":[{"embeddable":true,"href":"https:\/\/arantv.az\/index.php?rest_route=\/wp\/v2\/media\/801798"}],"wp:attachment":[{"href":"https:\/\/arantv.az\/index.php?rest_route=%2Fwp%2Fv2%2Fmedia&parent=801797"}],"wp:term":[{"taxonomy":"category","embeddable":true,"href":"https:\/\/arantv.az\/index.php?rest_route=%2Fwp%2Fv2%2Fcategories&post=801797"},{"taxonomy":"post_tag","embeddable":true,"href":"https:\/\/arantv.az\/index.php?rest_route=%2Fwp%2Fv2%2Ftags&post=801797"}],"curies":[{"name":"wp","href":"https:\/\/api.w.org\/{rel}","templated":true}]}}