{"id":801849,"date":"2025-04-22T15:04:45","date_gmt":"2025-04-22T11:04:45","guid":{"rendered":"https:\/\/arantv.az\/?p=801849"},"modified":"2025-04-22T15:04:45","modified_gmt":"2025-04-22T11:04:45","slug":"az%c9%99rbaycan-cin-munasib%c9%99tl%c9%99ri-getdikc%c9%99-d%c9%99rinl%c9%99s%c9%99n-strateji-t%c9%99r%c9%99fdasliq-daha-qlobal-%c9%99m%c9%99kdasliga-cevrilir","status":"publish","type":"post","link":"https:\/\/arantv.az\/?p=801849","title":{"rendered":"Az\u0259rbaycan\u2013\u00c7in m\u00fcnasib\u0259tl\u0259ri: Getdikc\u0259 d\u0259rinl\u0259\u015f\u0259n strateji t\u0259r\u0259fda\u015fl\u0131q daha qlobal \u0259m\u0259kda\u015fl\u0131\u011fa \u00e7evrilir"},"content":{"rendered":"<p>Az\u0259rbaycan q\u0259dim \u0130p\u0259k yolu \u00fcz\u0259rind\u0259 yerl\u0259\u015f\u0259n strateji m\u00f6vqeyi il\u0259 yaln\u0131z tarix\u0259n deyil, h\u0259m d\u0259 m\u00fcasir d\u00f6vrd\u0259 d\u00fcnya iqtisadiyyat\u0131nda v\u0259 siyas\u0259tind\u0259 m\u00fch\u00fcm yer tutur. Prezident \u0130lham \u018fliyevin r\u0259hb\u0259rliyi il\u0259 \u00f6lk\u0259miz C\u0259nubi Qafqaz\u0131n lider d\u00f6vl\u0259ti olaraq beyn\u0259lxalq al\u0259md\u0259 m\u00f6vqeyini daha da m\u00f6hk\u0259ml\u0259ndirib. Haz\u0131rda Az\u0259rbaycan beyn\u0259lxalq ictimaiyy\u0259t t\u0259r\u0259find\u0259n etibarl\u0131 t\u0259r\u0259fda\u015f kimi q\u0259bul edilir, qlobal g\u00fcc m\u0259rk\u0259zl\u0259ri il\u0259 siyasi v\u0259 iqtisadi \u0259laq\u0259l\u0259rinin inki\u015faf\u0131, \u0259m\u0259kda\u015fl\u0131\u011f\u0131n daha da geni\u015fl\u0259ndirilm\u0259si bax\u0131m\u0131ndan b\u00f6y\u00fck \u00f6n\u0259m da\u015f\u0131y\u0131r. Bu m\u0259nada, \u00c7in Xalq Respublikas\u0131 il\u0259 \u0259laq\u0259l\u0259rin \u0259h\u0259miyy\u0259ti x\u00fcsusil\u0259 vur\u011fulanmal\u0131d\u0131r. \u00c7in \u00f6z n\u00f6vb\u0259sind\u0259 d\u00fcnyan\u0131n f\u00f6vq\u0259ld\u00f6vl\u0259ti kimi h\u0259m \u015e\u0259rq-Q\u0259rb, h\u0259m d\u0259 \u015eimal-C\u0259nub n\u0259qliyyat mar\u015frutlar\u0131n\u0131n k\u0259si\u015fm\u0259sind\u0259 yerl\u0259\u015f\u0259n Az\u0259rbaycanla \u0259m\u0259kda\u015fl\u0131\u011fa b\u00f6y\u00fck diqq\u0259t ay\u0131r\u0131r. Bu \u0259m\u0259kda\u015fl\u0131q yaln\u0131z iki \u00f6lk\u0259 aras\u0131ndak\u0131 \u0259laq\u0259l\u0259ri m\u00f6hk\u0259ml\u0259ndirm\u0259kl\u0259 m\u0259hdudla\u015fm\u0131r, h\u0259m d\u0259 regional v\u0259 qlobal iqtisadi inteqrasiyan\u0131 g\u00fccl\u0259ndirm\u0259k \u00fc\u00e7\u00fcn m\u00fch\u00fcm amildir.<\/p>\n<p><strong>\u201c\u0130ki sahil\u201d\u00a0<\/strong>Az\u0259rbaycanla \u00c7in aras\u0131nda tarix\u0259n formala\u015fm\u0131\u015f \u0259laq\u0259l\u0259r\u0259, iki \u00f6lk\u0259 aras\u0131ndak\u0131 m\u00fcnasib\u0259tl\u0259rin m\u00fcasir d\u00f6vrd\u0259 inki\u015faf\u0131na q\u0131sa n\u0259z\u0259r sal\u0131r.<\/p>\n<p>Az\u0259rbaycanla \u00c7in aras\u0131nda m\u00fcnasib\u0259tl\u0259r min ild\u0259n \u00e7ox \u0259vv\u0259l q\u0259dim \u0130p\u0259k yolu vasit\u0259sil\u0259 ba\u015flay\u0131b v\u0259 bu \u0259laq\u0259l\u0259r bu g\u00fcn\u0259d\u0259k davaml\u0131 inki\u015faf edir. \u0130ki xalq aras\u0131nda tarixi v\u0259 m\u0259d\u0259ni \u0259laq\u0259l\u0259rin t\u0259m\u0259li, q\u0259dim d\u00f6vrl\u0259r\u0259 gedib \u00e7\u0131xsa da, son 32 il \u0259rzind\u0259 bu m\u00fcnasib\u0259tl\u0259r daha da m\u00f6hk\u0259ml\u0259nib v\u0259 h\u0259r iki \u00f6lk\u0259nin rifah\u0131 namin\u0259 m\u00fcxt\u0259lif sah\u0259l\u0259rd\u0259 inki\u015faf edib.<\/p>\n<p>Az\u0259rbaycan il\u0259 \u00c7in aras\u0131ndak\u0131 diplomatik m\u00fcnasib\u0259tl\u0259r 1992-ci ilin aprelind\u0259 qurulub. Bu ill\u0259r \u0259rzind\u0259 \u0259laq\u0259l\u0259r g\u00fccl\u0259n\u0259r\u0259k, m\u00fcxt\u0259lif sah\u0259l\u0259rd\u0259 m\u00fc\u015ft\u0259r\u0259k \u0259m\u0259kda\u015fl\u0131q t\u0259\u015f\u0259bb\u00fcsl\u0259ri ir\u0259lil\u0259yib. 1992-ci ilin avqustunda \u00c7in Xalq Respublikas\u0131n\u0131n Az\u0259rbaycandak\u0131 s\u0259firliyi a\u00e7\u0131l\u0131b v\u0259 1993-c\u00fc ilin sentyabr\u0131nda is\u0259 Az\u0259rbaycan Milli M\u0259clisi Pekind\u0259 s\u0259firliyin a\u00e7\u0131lmas\u0131 haqq\u0131nda q\u0259rar q\u0259bul edib.<\/p>\n<p>Az\u0259rbaycan-\u00c7in m\u00fcnasib\u0259tl\u0259rinin inki\u015faf\u0131 Ulu \u00d6nd\u0259r Heyd\u0259r \u018fliyevin hakimiyy\u0259t\u0259 g\u0259li\u015find\u0259n sonra daha da s\u00fcr\u0259tl\u0259nib. 1994-c\u00fc ild\u0259 Ulu \u00d6nd\u0259r Heyd\u0259r \u018fliyevin \u00c7in\u0259 r\u0259smi s\u0259f\u0259ri zaman\u0131 iki \u00f6lk\u0259 aras\u0131nda s\u0259kkiz m\u00fch\u00fcm m\u00fcqavil\u0259 imzalan\u0131b. 1996-c\u0131 ilin aprelind\u0259 is\u0259 \u00c7in Xalq Respublikas\u0131n\u0131n Ba\u015f nazirinin m\u00fcavini Tsyan Tsi\u00e7en Az\u0259rbaycanda s\u0259f\u0259rd\u0259 olub. Bu s\u0259f\u0259rl\u0259r qar\u015f\u0131l\u0131ql\u0131 \u0259m\u0259kda\u015fl\u0131\u011f\u0131n v\u0259 dostlu\u011fun m\u00f6hk\u0259ml\u0259nm\u0259si bax\u0131m\u0131ndan m\u00fch\u00fcm \u0259h\u0259miyy\u0259t k\u0259sb edib.<\/p>\n<p>Az\u0259rbaycan Prezidenti \u0130lham \u018fliyev d\u0259 \u00c7inl\u0259 \u0259laq\u0259l\u0259rin inki\u015faf\u0131na x\u00fcsusi diqq\u0259t ay\u0131r\u0131b. 2003-c\u00fc ild\u0259n sonra d\u00f6vl\u0259timizin ba\u015f\u00e7\u0131s\u0131 bir ne\u00e7\u0259 d\u0259f\u0259 \u00c7in\u0259 r\u0259smi s\u0259f\u0259r edib. 2015-ci ilin dekabr\u0131nda h\u0259yata ke\u00e7iril\u0259n s\u0259f\u0259r zaman\u0131 \u201cAz\u0259rbaycan Respublikas\u0131 H\u00f6kum\u0259ti il\u0259 \u00c7in Xalq Respublikas\u0131 H\u00f6kum\u0259ti aras\u0131nda \u0130p\u0259k Yolu \u0130qtisadi K\u0259m\u0259rinin yarad\u0131lmas\u0131n\u0131n birg\u0259 t\u0259\u015fviqin\u0259 dair Anla\u015fma Memorandumu\u201d imzalan\u0131b. Bu s\u0259n\u0259d \u00f6lk\u0259l\u0259rimizin \u0259m\u0259kda\u015fl\u0131\u011f\u0131nda m\u00fch\u00fcm \u00f6n\u0259m da\u015f\u0131y\u0131r.<\/p>\n<p><img src=\"https:\/\/ikisahil.az\/upload\/\/2025\/04\/22\/\/-05a6241617453112819988319891066595.jpg\" alt=\"\" \/><\/p>\n<p>Son ill\u0259r \u0259rzind\u0259 Az\u0259rbaycan v\u0259 \u00c7in aras\u0131ndak\u0131 \u0259laq\u0259l\u0259rd\u0259 x\u00fcsusi canlanma ya\u015fan\u0131r. 2022-ci ilin sentyabr\u0131nda, \u015eanxay \u018fm\u0259kda\u015fl\u0131q T\u0259\u015fkilat\u0131n\u0131n S\u0259m\u0259rq\u0259ndd\u0259 ke\u00e7iril\u0259n Sammiti zaman\u0131 Az\u0259rbaycan Prezidenti \u0130lham \u018fliyev il\u0259 \u00c7in S\u0259dri Si Cinpin aras\u0131nda ke\u00e7iril\u0259n g\u00f6r\u00fc\u015fd\u0259 iki \u00f6lk\u0259 aras\u0131ndak\u0131 m\u00fcnasib\u0259tl\u0259rin g\u0259l\u0259c\u0259k inki\u015faf istiqam\u0259tl\u0259ri m\u00fc\u0259yy\u0259nl\u0259\u015fdirilib. 2023-c\u00fc ilin \u0259vv\u0259lind\u0259n is\u0259 y\u00fcks\u0259ks\u0259viyy\u0259li ikit\u0259r\u0259fli m\u00fcbadil\u0259l\u0259rin yeni dal\u011fas\u0131 ba\u015flay\u0131b, qar\u015f\u0131l\u0131ql\u0131 s\u0259f\u0259rl\u0259r davam edib.<\/p>\n<p>Prezident \u0130lham \u018fliyev 2023-c\u00fc ild\u0259 \u00c7inin \u201cChina Media Group\u201d media korporasiyas\u0131na verdiyi m\u00fcsahib\u0259d\u0259 iki \u00f6lk\u0259 aras\u0131ndak\u0131 m\u00fcnasib\u0259tl\u0259rin y\u00fcks\u0259k s\u0259viyy\u0259d\u0259 oldu\u011funu vur\u011fulay\u0131b. D\u00f6vl\u0259timizin ba\u015f\u00e7\u0131s\u0131, eyni zamanda, bu g\u00fcn regionun siyasi, habel\u0259 n\u0259qliyyat mar\u015frutlar\u0131 x\u0259rit\u0259sin\u0259 n\u0259z\u0259r sald\u0131qda \u00f6lk\u0259l\u0259rimizin bir-biri il\u0259 n\u0259 d\u0259r\u0259c\u0259d\u0259 eyni m\u00f6vqed\u0259n \u00e7\u0131x\u0131\u015f etm\u0259sin\u0259 toxunub.<\/p>\n<p>\u201cBeyn\u0259lxalq g\u00fcnd\u0259liy\u0259 aid t\u0259m\u0259l m\u0259s\u0259l\u0259l\u0259ri g\u00f6t\u00fcrs\u0259k g\u00f6r\u0259rik ki, bizim m\u00f6vqel\u0259rimiz suverenlik, m\u00fcst\u0259qillik, \u0259razi b\u00fct\u00f6vl\u00fcy\u00fc, dig\u0259rl\u0259rinin daxili i\u015fl\u0259rin\u0259 qar\u0131\u015fmamaq, iqtisadi \u0259m\u0259kda\u015fl\u0131q m\u0259s\u0259l\u0259l\u0259rind\u0259 m\u00f6vqel\u0259rimiz \u00fcst-\u00fcst\u0259 d\u00fc\u015f\u00fcr. Biz qar\u015f\u0131l\u0131ql\u0131 ticar\u0259tin h\u0259cminin artmas\u0131n\u0131 g\u00f6r\u00fcr\u00fck v\u0259 b\u00f6y\u00fck potensial x\u00fcsusil\u0259 g\u00f6z qaba\u011f\u0131ndad\u0131r. \u00d6lk\u0259l\u0259rimizi g\u0259l\u0259c\u0259kd\u0259 daha da birl\u0259\u015fdir\u0259c\u0259k meydana g\u0259l\u0259n yeni n\u0259qliyyat mar\u015frutlar\u0131n\u0131 g\u00f6r\u00fcr\u00fck. Bunun \u00f6z\u00fc d\u0259 regional t\u0259hl\u00fck\u0259sizliy\u0259 v\u0259 sabitliy\u0259 b\u00f6y\u00fck t\u00f6hf\u0259 olacaq\u201d, &#8211; dey\u0259 Az\u0259rbaycan Prezidenti b\u0259yan edib.<\/p>\n<p>Prezident \u0130lham \u018fliyevin bu fikri, Az\u0259rbaycan il\u0259 \u00c7in aras\u0131nda m\u00f6vcud olan strateji m\u00fcnasib\u0259tl\u0259rin v\u0259 \u0259m\u0259kda\u015fl\u0131\u011f\u0131n uzunm\u00fcdd\u0259tli perspektivini \u00e7ox yax\u015f\u0131 \u0259ks etdirir. \u018fslind\u0259, beyn\u0259lxalq g\u00fcnd\u0259likd\u0259 suverenlik, m\u00fcst\u0259qillik v\u0259 \u0259razi b\u00fct\u00f6vl\u00fcy\u00fc kimi prinsipl\u0259r bir \u00e7ox \u00f6lk\u0259 \u00fc\u00e7\u00fcn \u00f6n\u0259mli m\u0259s\u0259l\u0259l\u0259rdir v\u0259 Az\u0259rbaycanla \u00c7in bu m\u00f6vzularda ox\u015far m\u00f6vqed\u0259dirl\u0259r. Bu yana\u015fma, h\u0259m\u00e7inin iki \u00f6lk\u0259nin beyn\u0259lxalq arenada bir-birini d\u0259st\u0259kl\u0259m\u0259sini v\u0259 qar\u015f\u0131l\u0131ql\u0131 etibarlar\u0131n\u0131 art\u0131r\u0131r. Prezidentin vur\u011fulad\u0131\u011f\u0131 m\u00f6vqel\u0259r, yaln\u0131z r\u0259smi s\u0259viyy\u0259d\u0259 deyil, h\u0259m d\u0259 g\u00fcnd\u0259lik praktikalarda da \u0259h\u0259miyy\u0259tli bir yol x\u0259rit\u0259si kimi q\u0259bul edilm\u0259lidir. Bu yana\u015fma, h\u0259m Az\u0259rbaycan\u0131n, h\u0259m d\u0259 \u00c7inin uzunm\u00fcdd\u0259tli xarici siyas\u0259t h\u0259d\u0259fl\u0259rini d\u0259st\u0259kl\u0259y\u0259n v\u0259 qar\u015f\u0131l\u0131ql\u0131 faydalara \u0259saslanan bir strateji t\u0259m\u0259l yarad\u0131r.<\/p>\n<p>\u00c7in Xalq Respublikas\u0131n\u0131n S\u0259dri Si Cinpin d\u0259 Az\u0259rbaycanla m\u00fcnasib\u0259tl\u0259r\u0259 b\u00f6y\u00fck \u00f6n\u0259m verdiyini v\u0259 iki \u00f6lk\u0259nin dost v\u0259 t\u0259r\u0259fda\u015f olduqlar\u0131n\u0131 d\u0259f\u0259l\u0259rl\u0259 ifad\u0259 edib. Bu m\u00fcnasib\u0259tl\u0259r, yaln\u0131z iqtisadi v\u0259 siyasi deyil, h\u0259m d\u0259 regional t\u0259hl\u00fck\u0259sizlik v\u0259 sabitlik bax\u0131m\u0131ndan m\u00fch\u00fcm \u0259h\u0259miyy\u0259t da\u015f\u0131y\u0131r.<\/p>\n<p>2024-c\u00fc il iyulun 3-d\u0259 is\u0259 \u201cAz\u0259rbaycan Respublikas\u0131 il\u0259 \u00c7in Xalq Respublikas\u0131 aras\u0131nda strateji t\u0259r\u0259fda\u015fl\u0131\u011f\u0131n qurulmas\u0131 haqq\u0131nda Birg\u0259 B\u0259yannam\u0259\u201d q\u0259bul olunub. Bu B\u0259yannam\u0259 iki \u00f6lk\u0259 aras\u0131nda m\u00fcnasib\u0259tl\u0259rin yeni m\u0259rh\u0259l\u0259y\u0259 ke\u00e7m\u0259sini t\u0259min ed\u0259n m\u00fch\u00fcm bir add\u0131m olub. Birg\u0259 B\u0259yannam\u0259 tarixi hadis\u0259dir v\u0259 Az\u0259rbaycan-\u00c7in m\u00fcnasib\u0259tl\u0259rind\u0259 yeni s\u0259hif\u0259 a\u00e7\u0131r. Bu B\u0259yannam\u0259, h\u0259m\u00e7inin \u00c7XR il\u0259 Az\u0259rbaycan\u0131 r\u0259smi strateji t\u0259r\u0259fda\u015flara \u00e7evirir.<\/p>\n<p>D\u00f6vl\u0259timizin ba\u015f\u00e7\u0131s\u0131n\u0131n \u00c7in\u0259 bud\u0259f\u0259ki d\u00f6vl\u0259t s\u0259f\u0259ri iki \u00f6lk\u0259 aras\u0131nda strateji t\u0259r\u0259fda\u015fl\u0131\u011f\u0131n d\u0259rinl\u0259\u015fdirilm\u0259si i\u015fin\u0259 xidm\u0259t ed\u0259c\u0259k. Prezident \u0130lham \u018fliyev d\u00fcn\u0259n \u00c7inin Sinxua agentliyind\u0259 d\u0259rc olunmu\u015f m\u00fcsahib\u0259sind\u0259 bu bar\u0259d\u0259 qeyd edib: \u201c\u018fminlikl\u0259 dey\u0259 bil\u0259r\u0259m ki, \u00c7XR-\u0259 b\u00fct\u00fcn \u0259vv\u0259lki s\u0259f\u0259rl\u0259r z\u0259ngin proqrama malik idi v\u0259 qar\u015f\u0131l\u0131ql\u0131 maraqlara \u0259saslanan Az\u0259rbaycan-\u00c7in \u00e7oxt\u0259r\u0259fli \u0259m\u0259kda\u015fl\u0131\u011f\u0131n\u0131n geni\u015fl\u0259ndirilm\u0259sin\u0259 y\u00f6n\u0259lmi\u015f bir s\u0131ra m\u00fch\u00fcm ikit\u0259r\u0259fli s\u0259n\u0259dl\u0259rin imzalanmas\u0131 il\u0259 m\u00fc\u015fayi\u0259t olunurdu. \u0130nan\u0131ram ki, qar\u015f\u0131dak\u0131 s\u0259f\u0259r d\u0259 Az\u0259rbaycan Respublikas\u0131 il\u0259 \u00c7in Xalq Respublikas\u0131 aras\u0131nda strateji t\u0259r\u0259fda\u015fl\u0131\u011f\u0131n d\u0259rinl\u0259\u015fdirilm\u0259si i\u015fin\u0259 xidm\u0259t ed\u0259c\u0259k\u201d.<\/p>\n<p>Az\u0259rbaycan il\u0259 \u00c7in aras\u0131nda iqtisadi \u0259laq\u0259l\u0259rin inki\u015faf\u0131, \u00f6lk\u0259l\u0259rimizin strateji t\u0259r\u0259fda\u015fl\u0131q m\u00fcnasib\u0259tl\u0259rind\u0259 m\u00fch\u00fcm yer tutur. Bu \u0259laq\u0259l\u0259rin geni\u015fl\u0259ndirilm\u0259si v\u0259 m\u00f6vcud probleml\u0259rin h\u0259lli m\u0259qs\u0259dil\u0259 2009-cu ilin may\u0131nda H\u00f6kum\u0259tl\u0259raras\u0131 \u0130qtisadi Komissiya yarad\u0131l\u0131b. 2012-ci ild\u0259 Pekind\u0259, Az\u0259rbaycan\u0131n \u0130qtisadi \u0130nki\u015faf Nazirliyi il\u0259 \u00c7inin Kommersiya Nazirliyi aras\u0131nda \u0259m\u0259kda\u015fl\u0131q haqq\u0131nda memorandum imzalan\u0131b. H\u0259m\u00e7inin Az\u0259rbaycan 2016-c\u0131 ild\u0259 Asiya \u0130nfrastruktur \u0130nvestisiya Bank\u0131na \u00fczv olaraq beyn\u0259lxalq iqtisadi layih\u0259l\u0259r\u0259 daha s\u0131x inteqrasiya edib.<\/p>\n<p>Az\u0259rbaycan\u0131n \u201cK\u0259m\u0259r v\u0259 yol\u201d t\u0259\u015f\u0259bb\u00fcs\u00fcn\u0259 verdiyi \u00f6n\u0259m 2017-ci ilin oktyabr\u0131nda Bak\u0131-Tbilisi-Qars d\u0259mir yolunun a\u00e7\u0131l\u0131\u015f\u0131 il\u0259 \u00f6z t\u0259sdiqini tap\u0131b. Bu m\u00fch\u00fcm layih\u0259 h\u0259m Az\u0259rbaycan, h\u0259m d\u0259 \u00c7in \u00fc\u00e7\u00fcn iqtisadi \u0259laq\u0259l\u0259rin daha da m\u00f6hk\u0259ml\u0259nm\u0259sin\u0259 v\u0259 regional ticar\u0259t mar\u015frutlar\u0131n\u0131n inki\u015faf\u0131na xidm\u0259t edir. \u00c7in h\u00f6kum\u0259ti bu d\u0259mir yolunun istifad\u0259y\u0259 verilm\u0259sini v\u0259 tikintisind\u0259 Az\u0259rbaycan\u0131n oynad\u0131\u011f\u0131 m\u00fch\u00fcm rolu y\u00fcks\u0259k qiym\u0259tl\u0259ndirib.<\/p>\n<p>\u00d6lk\u0259l\u0259rimiz aras\u0131ndak\u0131 ticar\u0259t d\u00f6vriyy\u0259sind\u0259 d\u0259 m\u00fcsb\u0259t dinamika m\u00fc\u015fahid\u0259 edilir. Az\u0259rbaycan il\u0259 \u00c7in aras\u0131nda \u0259mt\u0259\u0259 d\u00f6vriyy\u0259sinin h\u0259cmi 2024-c\u00fc ild\u0259 \u0259vv\u0259lki ill\u0259 m\u00fcqayis\u0259d\u0259 20,7 faiz art\u0131b v\u0259 3,744 milyard dollar t\u0259\u015fkil edib. Bel\u0259likl\u0259, \u00c7in Az\u0259rbaycan\u0131n 4-c\u00fc \u0259n b\u00f6y\u00fck ticar\u0259t t\u0259r\u0259fda\u015f\u0131na \u00e7evrilib.<\/p>\n<p>Az\u0259rbaycan il\u0259 \u00c7in aras\u0131ndak\u0131 iqtisadi \u0259laq\u0259l\u0259rin geni\u015fl\u0259nm\u0259si, h\u0259m\u00e7inin beyn\u0259lxalq t\u0259\u015fkilatlarda da \u00f6z \u0259ksini tap\u0131b. \u015eanxay \u018fm\u0259kda\u015fl\u0131q T\u0259\u015fkilat\u0131 \u00e7\u0259r\u00e7iv\u0259sind\u0259ki birg\u0259 \u0259m\u0259kda\u015fl\u0131q, Az\u0259rbaycan-\u00c7in H\u00f6kum\u0259tl\u0259raras\u0131 Ticar\u0259t-\u0130qtisadi \u018fm\u0259kda\u015fl\u0131q Komissiyas\u0131n\u0131n f\u0259aliyy\u0259ti, Asiya \u0130nfrastruktur \u0130nvestisiya Bank\u0131 il\u0259 h\u0259yata ke\u00e7iril\u0259n birg\u0259 layih\u0259l\u0259r v\u0259 Az\u0259rbaycan\u0131n \u201cK\u0259m\u0259r v\u0259 yol\u201d t\u0259\u015f\u0259bb\u00fcs\u00fcn\u0259 qo\u015fulmas\u0131, bu \u0259laq\u0259l\u0259ri daha da g\u00fccl\u0259ndirib. Eyni zamanda, \u015e\u0259rq-Q\u0259rb v\u0259 Orta D\u0259hliz layih\u0259l\u0259ri \u00e7\u0259r\u00e7iv\u0259sind\u0259ki t\u0259r\u0259fda\u015fl\u0131qlar, n\u0259qliyyat v\u0259 ticar\u0259t \u0259laq\u0259l\u0259rinin inki\u015faf\u0131na b\u00f6y\u00fck t\u00f6hf\u0259 verib. Pekind\u0259 Az\u0259rbaycan\u0131n Ticar\u0259t Evinin a\u00e7\u0131lmas\u0131 da bu \u0259m\u0259kda\u015fl\u0131\u011f\u0131n u\u011furlar\u0131n\u0131 t\u0259zah\u00fcr etdirir.<\/p>\n<p>Bundan \u0259lav\u0259, Az\u0259rbaycan \u00c7in v\u0259t\u0259nda\u015flar\u0131 \u00fc\u00e7\u00fcn sad\u0259l\u0259\u015fdirilmi\u015f viza prosedurlar\u0131 t\u0259tbiq etm\u0259kl\u0259 iki \u00f6lk\u0259 aras\u0131nda turizm v\u0259 m\u0259d\u0259ni m\u00fcbadil\u0259ni asanla\u015fd\u0131r\u0131b. Bu c\u00fcr t\u0259\u015f\u0259bb\u00fcsl\u0259r, \u00f6lk\u0259l\u0259rimiz aras\u0131nda iqtisadi, m\u0259d\u0259ni v\u0259 sosial \u0259laq\u0259l\u0259rin d\u0259rinl\u0259\u015fm\u0259sin\u0259 imkan verir.<\/p>\n<p>\u0130nformasiya sah\u0259sind\u0259ki \u0259m\u0259kda\u015fl\u0131q da iki \u00f6lk\u0259 aras\u0131nda s\u0131x \u0259laq\u0259l\u0259rd\u0259 m\u00fch\u00fcm yer tutur.\u00a0AZ\u018fRTAC\u00a0il\u0259 Sinxua agentlikl\u0259ri aras\u0131nda 20 ild\u0259n art\u0131q m\u00fcdd\u0259tdir ki, qar\u015f\u0131l\u0131ql\u0131 x\u0259b\u0259r m\u00fcbadil\u0259si v\u0259 sosial media sah\u0259sind\u0259 \u0259m\u0259kda\u015fl\u0131q h\u0259yata ke\u00e7irilir. Bu, h\u0259r iki \u00f6lk\u0259 aras\u0131nda informasiya m\u00fcbadil\u0259sinin s\u00fcr\u0259tl\u0259nm\u0259sin\u0259 v\u0259 daha geni\u015f auditoriyaya \u00e7atd\u0131r\u0131lmas\u0131na \u015f\u0259rait yarad\u0131r.<\/p>\n<p>Az\u0259rbaycan il\u0259 \u00c7in aras\u0131nda m\u0259d\u0259ni \u0259laq\u0259l\u0259r uzun ill\u0259rdir m\u00f6hk\u0259m dostluq k\u00f6rp\u00fcs\u00fc qurur. 1995-ci ild\u0259 aprelin 12-21-d\u0259 Pekind\u0259 ke\u00e7iril\u0259n S\u0259ttar B\u0259hlulzad\u0259nin \u0259s\u0259rl\u0259rinin s\u0259rgisi, iki \u00f6lk\u0259 aras\u0131nda m\u0259d\u0259ni \u0259m\u0259kda\u015fl\u0131\u011f\u0131n ba\u015flan\u011f\u0131c\u0131n\u0131 qoyub. H\u0259m\u00e7inin 2001-ci ild\u0259 \u00c7inin Cizian \u0259yal\u0259tinin \u00c7\u00fccou \u015f\u0259h\u0259ri il\u0259 Sumqay\u0131t \u015f\u0259h\u0259ri qarda\u015fla\u015f\u0131b.<\/p>\n<p>2008-ci il avqustun 10-da Pekind\u0259 XXIX Yay Olimpiya Oyunlar\u0131 \u00e7\u0259r\u00e7iv\u0259sind\u0259 \u201cAz\u0259rbaycan g\u00fcn\u00fc\u201d, 2011-ci ilin may\u0131nda is\u0259 \u00c7ind\u0259 Az\u0259rbaycan M\u0259d\u0259niyy\u0259ti G\u00fcnl\u0259ri ke\u00e7irilib. Eyni zamanda, 2012-ci il dekabr\u0131n 10-14-d\u0259 Az\u0259rbaycanda \u00c7in Xalq Respublikas\u0131n\u0131n M\u0259d\u0259niyy\u0259t G\u00fcnl\u0259ri t\u0259\u015fkil olunub. Az\u0259rbaycanda f\u0259aliyy\u0259t g\u00f6st\u0259r\u0259n iki Konfutsi \u0130nstitutu v\u0259 \u00c7in dilin\u0259 olan artan maraq, iki \u00f6lk\u0259 aras\u0131ndak\u0131 m\u0259d\u0259ni \u0259laq\u0259l\u0259rin g\u00fccl\u0259nm\u0259sin\u0259 xidm\u0259t edir. Heyd\u0259r \u018fliyev Fondunun Nizami G\u0259nc\u0259vinin b\u00fcst\u00fcn\u00fc \u015eanxay \u018fm\u0259kda\u015fl\u0131q T\u0259\u015fkilat\u0131n\u0131n katibliyin\u0259 h\u0259diyy\u0259 etm\u0259si is\u0259 Az\u0259rbaycan m\u0259d\u0259niyy\u0259tinin \u00c7inl\u0259 \u0259laq\u0259l\u0259rd\u0259ki d\u0259y\u0259rini n\u00fcmayi\u015f etdirir. Bu c\u00fcr m\u0259d\u0259ni f\u0259aliyy\u0259tl\u0259r, xalqlar\u0131m\u0131z aras\u0131nda daha yax\u0131n \u0259laq\u0259l\u0259rin qurulmas\u0131na v\u0259 qar\u015f\u0131l\u0131ql\u0131 anla\u015fman\u0131n g\u00fccl\u0259nm\u0259sin\u0259 m\u00fch\u00fcm t\u00f6hf\u0259 verir.<\/p>\n<p>Heyd\u0259r \u018fliyev Fondunun h\u0259diyy\u0259si olan dahi \u015fair Nizami G\u0259nc\u0259vinin b\u00fcst\u00fcn\u00fcn is\u0259 \u015eanxay \u018fm\u0259kda\u015fl\u0131q T\u0259\u015fkilat\u0131n\u0131n katibliyinin binas\u0131nda daim n\u00fcmayi\u015f olunmas\u0131 Az\u0259rbaycan \u00fc\u00e7\u00fcn b\u00f6y\u00fck r\u0259mzi xarakter da\u015f\u0131y\u0131r.<\/p>\n<p>Az\u0259rbaycan il\u0259 \u00c7in aras\u0131nda formala\u015fan strateji t\u0259r\u0259fda\u015fl\u0131q m\u00fcnasib\u0259tl\u0259ri t\u0259kc\u0259 ikit\u0259r\u0259fli \u0259m\u0259kda\u015fl\u0131q \u00e7\u0259r\u00e7iv\u0259sind\u0259 deyil, h\u0259m d\u0259 regional v\u0259 qlobal s\u0259viyy\u0259d\u0259 s\u00fclh\u0259, sabitliy\u0259 v\u0259 inki\u015faf\u0131na t\u00f6hf\u0259 ver\u0259n n\u00fcmun\u0259vi model kimi \u00e7\u0131x\u0131\u015f edir. Tarixi \u0130p\u0259k yolunun yeni n\u0259f\u0259s ald\u0131\u011f\u0131 d\u00f6vrd\u0259 bu \u0259m\u0259kda\u015fl\u0131q g\u0259l\u0259c\u0259k n\u0259sill\u0259r \u00fc\u00e7\u00fcn dayan\u0131ql\u0131 t\u0259r\u0259fda\u015fl\u0131q v\u0259 qar\u015f\u0131l\u0131ql\u0131 fayda prinsipin\u0259 \u0259saslanan u\u011furlu bir yol x\u0259rit\u0259sidir. (AZ\u018fRTAC)<\/p>\n","protected":false},"excerpt":{"rendered":"<p>Az\u0259rbaycan q\u0259dim \u0130p\u0259k yolu \u00fcz\u0259rind\u0259 yerl\u0259\u015f\u0259n strateji m\u00f6vqeyi il\u0259 yaln\u0131z tarix\u0259n deyil, h\u0259m d\u0259 m\u00fcasir d\u00f6vrd\u0259 d\u00fcnya iqtisadiyyat\u0131nda v\u0259 siyas\u0259tind\u0259 m\u00fch\u00fcm yer tutur. Prezident \u0130lham \u018fliyevin r\u0259hb\u0259rliyi il\u0259 \u00f6lk\u0259miz C\u0259nubi Qafqaz\u0131n lider d\u00f6vl\u0259ti olaraq beyn\u0259lxalq al\u0259md\u0259 m\u00f6vqeyini daha da m\u00f6hk\u0259ml\u0259ndirib. Haz\u0131rda Az\u0259rbaycan beyn\u0259lxalq ictimaiyy\u0259t t\u0259r\u0259find\u0259n etibarl\u0131 t\u0259r\u0259fda\u015f kimi q\u0259bul edilir, qlobal g\u00fcc m\u0259rk\u0259zl\u0259ri il\u0259 siyasi v\u0259 iqtisadi \u0259laq\u0259l\u0259rinin inki\u015faf\u0131, \u0259m\u0259kda\u015fl\u0131\u011f\u0131n daha da geni\u015fl\u0259ndirilm\u0259si bax\u0131m\u0131ndan b\u00f6y\u00fck \u00f6n\u0259m da\u015f\u0131y\u0131r. Bu m\u0259nada, \u00c7in Xalq Respublikas\u0131 il\u0259 \u0259laq\u0259l\u0259rin \u0259h\u0259miyy\u0259ti x\u00fcsusil\u0259 vur\u011fulanmal\u0131d\u0131r. \u00c7in \u00f6z n\u00f6vb\u0259sind\u0259 d\u00fcnyan\u0131n f\u00f6vq\u0259ld\u00f6vl\u0259ti kimi h\u0259m \u015e\u0259rq-Q\u0259rb, h\u0259m d\u0259 \u015eimal-C\u0259nub n\u0259qliyyat mar\u015frutlar\u0131n\u0131n&hellip;<\/p>\n","protected":false},"author":2,"featured_media":801850,"comment_status":"closed","ping_status":"closed","sticky":false,"template":"","format":"standard","meta":{"om_disable_all_campaigns":false,"_monsterinsights_skip_tracking":false,"_monsterinsights_sitenote_active":false,"_monsterinsights_sitenote_note":"","_monsterinsights_sitenote_category":0},"categories":[8],"tags":[],"aioseo_notices":[],"gutentor_comment":0,"rttpg_featured_image_url":{"full":["https:\/\/arantv.az\/wp-content\/uploads\/2025\/04\/7cfd5df4174531125198111316710846924.jpg",975,540,false],"landscape":["https:\/\/arantv.az\/wp-content\/uploads\/2025\/04\/7cfd5df4174531125198111316710846924.jpg",975,540,false],"portraits":["https:\/\/arantv.az\/wp-content\/uploads\/2025\/04\/7cfd5df4174531125198111316710846924.jpg",975,540,false],"thumbnail":["https:\/\/arantv.az\/wp-content\/uploads\/2025\/04\/7cfd5df4174531125198111316710846924-500x280.jpg",500,280,true],"medium":["https:\/\/arantv.az\/wp-content\/uploads\/2025\/04\/7cfd5df4174531125198111316710846924-660x365.jpg",660,365,true],"large":["https:\/\/arantv.az\/wp-content\/uploads\/2025\/04\/7cfd5df4174531125198111316710846924-840x465.jpg",640,354,true],"1536x1536":["https:\/\/arantv.az\/wp-content\/uploads\/2025\/04\/7cfd5df4174531125198111316710846924.jpg",975,540,false],"2048x2048":["https:\/\/arantv.az\/wp-content\/uploads\/2025\/04\/7cfd5df4174531125198111316710846924.jpg",975,540,false],"post-thumbnail":["https:\/\/arantv.az\/wp-content\/uploads\/2025\/04\/7cfd5df4174531125198111316710846924-240x172.jpg",240,172,true],"advps-thumb-one":["https:\/\/arantv.az\/wp-content\/uploads\/2025\/04\/7cfd5df4174531125198111316710846924.jpg",975,540,false]},"rttpg_author":{"display_name":"V\u00fcsal Rafiqo\u011flu","author_link":"https:\/\/arantv.az\/?author=2"},"rttpg_comment":0,"rttpg_category":"<a href=\"https:\/\/arantv.az\/?cat=8\" rel=\"category\">\u018fsas s\u0259hif\u0259<\/a>","rttpg_excerpt":"Az\u0259rbaycan q\u0259dim \u0130p\u0259k yolu \u00fcz\u0259rind\u0259 yerl\u0259\u015f\u0259n strateji m\u00f6vqeyi il\u0259 yaln\u0131z tarix\u0259n deyil, h\u0259m d\u0259 m\u00fcasir d\u00f6vrd\u0259 d\u00fcnya iqtisadiyyat\u0131nda v\u0259 siyas\u0259tind\u0259 m\u00fch\u00fcm yer tutur. Prezident \u0130lham \u018fliyevin r\u0259hb\u0259rliyi il\u0259 \u00f6lk\u0259miz C\u0259nubi Qafqaz\u0131n lider d\u00f6vl\u0259ti olaraq beyn\u0259lxalq al\u0259md\u0259 m\u00f6vqeyini daha da m\u00f6hk\u0259ml\u0259ndirib. Haz\u0131rda Az\u0259rbaycan beyn\u0259lxalq ictimaiyy\u0259t t\u0259r\u0259find\u0259n etibarl\u0131 t\u0259r\u0259fda\u015f kimi q\u0259bul edilir, qlobal g\u00fcc m\u0259rk\u0259zl\u0259ri il\u0259 siyasi&hellip;","_links":{"self":[{"href":"https:\/\/arantv.az\/index.php?rest_route=\/wp\/v2\/posts\/801849"}],"collection":[{"href":"https:\/\/arantv.az\/index.php?rest_route=\/wp\/v2\/posts"}],"about":[{"href":"https:\/\/arantv.az\/index.php?rest_route=\/wp\/v2\/types\/post"}],"author":[{"embeddable":true,"href":"https:\/\/arantv.az\/index.php?rest_route=\/wp\/v2\/users\/2"}],"replies":[{"embeddable":true,"href":"https:\/\/arantv.az\/index.php?rest_route=%2Fwp%2Fv2%2Fcomments&post=801849"}],"version-history":[{"count":1,"href":"https:\/\/arantv.az\/index.php?rest_route=\/wp\/v2\/posts\/801849\/revisions"}],"predecessor-version":[{"id":801851,"href":"https:\/\/arantv.az\/index.php?rest_route=\/wp\/v2\/posts\/801849\/revisions\/801851"}],"wp:featuredmedia":[{"embeddable":true,"href":"https:\/\/arantv.az\/index.php?rest_route=\/wp\/v2\/media\/801850"}],"wp:attachment":[{"href":"https:\/\/arantv.az\/index.php?rest_route=%2Fwp%2Fv2%2Fmedia&parent=801849"}],"wp:term":[{"taxonomy":"category","embeddable":true,"href":"https:\/\/arantv.az\/index.php?rest_route=%2Fwp%2Fv2%2Fcategories&post=801849"},{"taxonomy":"post_tag","embeddable":true,"href":"https:\/\/arantv.az\/index.php?rest_route=%2Fwp%2Fv2%2Ftags&post=801849"}],"curies":[{"name":"wp","href":"https:\/\/api.w.org\/{rel}","templated":true}]}}