{"id":801902,"date":"2025-04-22T18:22:36","date_gmt":"2025-04-22T14:22:36","guid":{"rendered":"https:\/\/arantv.az\/?p=801902"},"modified":"2025-04-22T18:22:36","modified_gmt":"2025-04-22T14:22:36","slug":"simonyan-erm%c9%99nistan-az%c9%99rbaycan-danisiqlarinin-dalana-dir%c9%99ndiyini-dusunmur","status":"publish","type":"post","link":"https:\/\/arantv.az\/?p=801902","title":{"rendered":"Simonyan Erm\u0259nistan-Az\u0259rbaycan dan\u0131\u015f\u0131qlar\u0131n\u0131n dalana dir\u0259ndiyini d\u00fc\u015f\u00fcnm\u00fcr"},"content":{"rendered":"<p><strong>\u201c\u0130r\u0259vanla Bak\u0131 aras\u0131nda dan\u0131\u015f\u0131qlar\u0131n dalana dir\u0259ndiyi il\u0259 ba\u011fl\u0131 fikirl\u0259rl\u0259 raz\u0131 deyil\u0259m\u201d.<\/strong><\/p>\n<p>APA-n\u0131n \u201cSputnik-Armenia\u201dya istinad\u0259n x\u0259b\u0259rin\u0259 g\u00f6r\u0259, bunu jurnalistl\u0259r\u0259 Erm\u0259nistan Parlamentinin spikeri Alen Simonyan deyib.<\/p>\n<p>O, h\u0259m\u00e7inin \u00f6t\u0259n h\u0259ft\u0259 Rusiyan\u0131n Sankt-Peterburq \u015f\u0259h\u0259rind\u0259 Az\u0259rbaycan\u0131n Milli M\u0259clisinin s\u0259dri il\u0259 q\u0131sa s\u00f6hb\u0259t etdiyini d\u0259 a\u00e7\u0131qlay\u0131b.<\/p>\n<p>Qeyd ed\u0259k ki, Milli M\u0259clisin spikeri Sahib\u0259 Qafarova v\u0259 Erm\u0259nistan Parlametinin r\u0259hb\u0259ri Alen Simonyan \u00f6t\u0259n h\u0259ft\u0259 MDB Parlamentl\u0259raras\u0131 Assambleyas\u0131n\u0131n iclas\u0131nda i\u015ftirak edibl\u0259r.<\/p>\n","protected":false},"excerpt":{"rendered":"<p>\u201c\u0130r\u0259vanla Bak\u0131 aras\u0131nda dan\u0131\u015f\u0131qlar\u0131n dalana dir\u0259ndiyi il\u0259 ba\u011fl\u0131 fikirl\u0259rl\u0259 raz\u0131 deyil\u0259m\u201d. APA-n\u0131n \u201cSputnik-Armenia\u201dya istinad\u0259n x\u0259b\u0259rin\u0259 g\u00f6r\u0259, bunu jurnalistl\u0259r\u0259 Erm\u0259nistan Parlamentinin spikeri Alen Simonyan deyib. O, h\u0259m\u00e7inin \u00f6t\u0259n h\u0259ft\u0259 Rusiyan\u0131n Sankt-Peterburq \u015f\u0259h\u0259rind\u0259 Az\u0259rbaycan\u0131n Milli M\u0259clisinin s\u0259dri il\u0259 q\u0131sa s\u00f6hb\u0259t etdiyini d\u0259 a\u00e7\u0131qlay\u0131b. Qeyd ed\u0259k ki, Milli M\u0259clisin spikeri Sahib\u0259 Qafarova v\u0259 Erm\u0259nistan Parlametinin r\u0259hb\u0259ri Alen Simonyan \u00f6t\u0259n h\u0259ft\u0259 MDB Parlamentl\u0259raras\u0131 Assambleyas\u0131n\u0131n iclas\u0131nda i\u015ftirak edibl\u0259r.<\/p>\n","protected":false},"author":2,"featured_media":801903,"comment_status":"closed","ping_status":"closed","sticky":false,"template":"","format":"standard","meta":{"om_disable_all_campaigns":false,"_monsterinsights_skip_tracking":false,"_monsterinsights_sitenote_active":false,"_monsterinsights_sitenote_note":"","_monsterinsights_sitenote_category":0},"categories":[4],"tags":[],"aioseo_notices":[],"gutentor_comment":0,"rttpg_featured_image_url":{"full":["https:\/\/arantv.az\/wp-content\/uploads\/2025\/04\/bab05b61177d9e8a03af67fc7d3bcda8.jpg",870,500,false],"landscape":["https:\/\/arantv.az\/wp-content\/uploads\/2025\/04\/bab05b61177d9e8a03af67fc7d3bcda8.jpg",870,500,false],"portraits":["https:\/\/arantv.az\/wp-content\/uploads\/2025\/04\/bab05b61177d9e8a03af67fc7d3bcda8.jpg",870,500,false],"thumbnail":["https:\/\/arantv.az\/wp-content\/uploads\/2025\/04\/bab05b61177d9e8a03af67fc7d3bcda8-500x280.jpg",500,280,true],"medium":["https:\/\/arantv.az\/wp-content\/uploads\/2025\/04\/bab05b61177d9e8a03af67fc7d3bcda8-635x365.jpg",635,365,true],"large":["https:\/\/arantv.az\/wp-content\/uploads\/2025\/04\/bab05b61177d9e8a03af67fc7d3bcda8-840x483.jpg",640,368,true],"1536x1536":["https:\/\/arantv.az\/wp-content\/uploads\/2025\/04\/bab05b61177d9e8a03af67fc7d3bcda8.jpg",870,500,false],"2048x2048":["https:\/\/arantv.az\/wp-content\/uploads\/2025\/04\/bab05b61177d9e8a03af67fc7d3bcda8.jpg",870,500,false],"post-thumbnail":["https:\/\/arantv.az\/wp-content\/uploads\/2025\/04\/bab05b61177d9e8a03af67fc7d3bcda8-240x172.jpg",240,172,true],"advps-thumb-one":["https:\/\/arantv.az\/wp-content\/uploads\/2025\/04\/bab05b61177d9e8a03af67fc7d3bcda8.jpg",870,500,false]},"rttpg_author":{"display_name":"V\u00fcsal Rafiqo\u011flu","author_link":"https:\/\/arantv.az\/?author=2"},"rttpg_comment":0,"rttpg_category":"<a href=\"https:\/\/arantv.az\/?cat=4\" rel=\"category\">Siyas\u0259t<\/a>","rttpg_excerpt":"\u201c\u0130r\u0259vanla Bak\u0131 aras\u0131nda dan\u0131\u015f\u0131qlar\u0131n dalana dir\u0259ndiyi il\u0259 ba\u011fl\u0131 fikirl\u0259rl\u0259 raz\u0131 deyil\u0259m\u201d. APA-n\u0131n \u201cSputnik-Armenia\u201dya istinad\u0259n x\u0259b\u0259rin\u0259 g\u00f6r\u0259, bunu jurnalistl\u0259r\u0259 Erm\u0259nistan Parlamentinin spikeri Alen Simonyan deyib. O, h\u0259m\u00e7inin \u00f6t\u0259n h\u0259ft\u0259 Rusiyan\u0131n Sankt-Peterburq \u015f\u0259h\u0259rind\u0259 Az\u0259rbaycan\u0131n Milli M\u0259clisinin s\u0259dri il\u0259 q\u0131sa s\u00f6hb\u0259t etdiyini d\u0259 a\u00e7\u0131qlay\u0131b. Qeyd ed\u0259k ki, Milli M\u0259clisin spikeri Sahib\u0259 Qafarova v\u0259 Erm\u0259nistan Parlametinin r\u0259hb\u0259ri Alen Simonyan&hellip;","_links":{"self":[{"href":"https:\/\/arantv.az\/index.php?rest_route=\/wp\/v2\/posts\/801902"}],"collection":[{"href":"https:\/\/arantv.az\/index.php?rest_route=\/wp\/v2\/posts"}],"about":[{"href":"https:\/\/arantv.az\/index.php?rest_route=\/wp\/v2\/types\/post"}],"author":[{"embeddable":true,"href":"https:\/\/arantv.az\/index.php?rest_route=\/wp\/v2\/users\/2"}],"replies":[{"embeddable":true,"href":"https:\/\/arantv.az\/index.php?rest_route=%2Fwp%2Fv2%2Fcomments&post=801902"}],"version-history":[{"count":1,"href":"https:\/\/arantv.az\/index.php?rest_route=\/wp\/v2\/posts\/801902\/revisions"}],"predecessor-version":[{"id":801904,"href":"https:\/\/arantv.az\/index.php?rest_route=\/wp\/v2\/posts\/801902\/revisions\/801904"}],"wp:featuredmedia":[{"embeddable":true,"href":"https:\/\/arantv.az\/index.php?rest_route=\/wp\/v2\/media\/801903"}],"wp:attachment":[{"href":"https:\/\/arantv.az\/index.php?rest_route=%2Fwp%2Fv2%2Fmedia&parent=801902"}],"wp:term":[{"taxonomy":"category","embeddable":true,"href":"https:\/\/arantv.az\/index.php?rest_route=%2Fwp%2Fv2%2Fcategories&post=801902"},{"taxonomy":"post_tag","embeddable":true,"href":"https:\/\/arantv.az\/index.php?rest_route=%2Fwp%2Fv2%2Ftags&post=801902"}],"curies":[{"name":"wp","href":"https:\/\/api.w.org\/{rel}","templated":true}]}}