{"id":801913,"date":"2025-04-22T22:39:13","date_gmt":"2025-04-22T18:39:13","guid":{"rendered":"https:\/\/arantv.az\/?p=801913"},"modified":"2025-04-22T22:39:13","modified_gmt":"2025-04-22T18:39:13","slug":"ai-nin-ali-numay%c9%99nd%c9%99si-bakiya-g%c9%99l%c9%99c%c9%99k","status":"publish","type":"post","link":"https:\/\/arantv.az\/?p=801913","title":{"rendered":"A\u0130-nin ali n\u00fcmay\u0259nd\u0259si Bak\u0131ya g\u0259l\u0259c\u0259k"},"content":{"rendered":"<p>Avropa \u0130ttifaq\u0131n\u0131n (A\u0130) xarici i\u015fl\u0259r v\u0259 t\u0259hl\u00fck\u0259sizlik siyas\u0259ti \u00fczr\u0259 ali n\u00fcmay\u0259nd\u0259si Kaya Kallas aprelin 25-d\u0259 Bak\u0131ya s\u0259f\u0259r ed\u0259c\u0259k.<\/p>\n<p>&#8220;Report&#8221;un x\u0259b\u0259rin\u0259 g\u00f6r\u0259, bu bar\u0259d\u0259 A\u0130-nin r\u0259smi sayt\u0131nda yerl\u0259\u015fdiril\u0259n m\u0259lumatda deyilir.<\/p>\n<p>Qeyd olunub ki, o, Az\u0259rbaycan Prezidenti \u0130lham \u018fliyevl\u0259 g\u00f6r\u00fc\u015f\u0259c\u0259k.<\/p>\n<p>Kallas xarici i\u015fl\u0259r naziri Ceyhun Bayramovla da g\u00f6r\u00fc\u015f\u0259c\u0259k. G\u00f6r\u00fc\u015fd\u0259n sonra m\u0259tbuat konfrans\u0131 ke\u00e7iril\u0259c\u0259k.<\/p>\n","protected":false},"excerpt":{"rendered":"<p>Avropa \u0130ttifaq\u0131n\u0131n (A\u0130) xarici i\u015fl\u0259r v\u0259 t\u0259hl\u00fck\u0259sizlik siyas\u0259ti \u00fczr\u0259 ali n\u00fcmay\u0259nd\u0259si Kaya Kallas aprelin 25-d\u0259 Bak\u0131ya s\u0259f\u0259r ed\u0259c\u0259k. &#8220;Report&#8221;un x\u0259b\u0259rin\u0259 g\u00f6r\u0259, bu bar\u0259d\u0259 A\u0130-nin r\u0259smi sayt\u0131nda yerl\u0259\u015fdiril\u0259n m\u0259lumatda deyilir. Qeyd olunub ki, o, Az\u0259rbaycan Prezidenti \u0130lham \u018fliyevl\u0259 g\u00f6r\u00fc\u015f\u0259c\u0259k. Kallas xarici i\u015fl\u0259r naziri Ceyhun Bayramovla da g\u00f6r\u00fc\u015f\u0259c\u0259k. G\u00f6r\u00fc\u015fd\u0259n sonra m\u0259tbuat konfrans\u0131 ke\u00e7iril\u0259c\u0259k.<\/p>\n","protected":false},"author":2,"featured_media":801914,"comment_status":"closed","ping_status":"closed","sticky":false,"template":"","format":"standard","meta":{"om_disable_all_campaigns":false,"_monsterinsights_skip_tracking":false,"_monsterinsights_sitenote_active":false,"_monsterinsights_sitenote_note":"","_monsterinsights_sitenote_category":0},"categories":[19],"tags":[],"aioseo_notices":[],"gutentor_comment":0,"rttpg_featured_image_url":{"full":["https:\/\/arantv.az\/wp-content\/uploads\/2025\/04\/b50aa4607d291f61346c73ca47e1d1a8.jpg",850,500,false],"landscape":["https:\/\/arantv.az\/wp-content\/uploads\/2025\/04\/b50aa4607d291f61346c73ca47e1d1a8.jpg",850,500,false],"portraits":["https:\/\/arantv.az\/wp-content\/uploads\/2025\/04\/b50aa4607d291f61346c73ca47e1d1a8.jpg",850,500,false],"thumbnail":["https:\/\/arantv.az\/wp-content\/uploads\/2025\/04\/b50aa4607d291f61346c73ca47e1d1a8-500x280.jpg",500,280,true],"medium":["https:\/\/arantv.az\/wp-content\/uploads\/2025\/04\/b50aa4607d291f61346c73ca47e1d1a8-621x365.jpg",621,365,true],"large":["https:\/\/arantv.az\/wp-content\/uploads\/2025\/04\/b50aa4607d291f61346c73ca47e1d1a8-840x494.jpg",640,376,true],"1536x1536":["https:\/\/arantv.az\/wp-content\/uploads\/2025\/04\/b50aa4607d291f61346c73ca47e1d1a8.jpg",850,500,false],"2048x2048":["https:\/\/arantv.az\/wp-content\/uploads\/2025\/04\/b50aa4607d291f61346c73ca47e1d1a8.jpg",850,500,false],"post-thumbnail":["https:\/\/arantv.az\/wp-content\/uploads\/2025\/04\/b50aa4607d291f61346c73ca47e1d1a8-240x172.jpg",240,172,true],"advps-thumb-one":["https:\/\/arantv.az\/wp-content\/uploads\/2025\/04\/b50aa4607d291f61346c73ca47e1d1a8.jpg",850,500,false]},"rttpg_author":{"display_name":"V\u00fcsal Rafiqo\u011flu","author_link":"https:\/\/arantv.az\/?author=2"},"rttpg_comment":0,"rttpg_category":"<a href=\"https:\/\/arantv.az\/?cat=19\" rel=\"category\">G\u00fcnd\u0259m<\/a>","rttpg_excerpt":"Avropa \u0130ttifaq\u0131n\u0131n (A\u0130) xarici i\u015fl\u0259r v\u0259 t\u0259hl\u00fck\u0259sizlik siyas\u0259ti \u00fczr\u0259 ali n\u00fcmay\u0259nd\u0259si Kaya Kallas aprelin 25-d\u0259 Bak\u0131ya s\u0259f\u0259r ed\u0259c\u0259k. &#8220;Report&#8221;un x\u0259b\u0259rin\u0259 g\u00f6r\u0259, bu bar\u0259d\u0259 A\u0130-nin r\u0259smi sayt\u0131nda yerl\u0259\u015fdiril\u0259n m\u0259lumatda deyilir. Qeyd olunub ki, o, Az\u0259rbaycan Prezidenti \u0130lham \u018fliyevl\u0259 g\u00f6r\u00fc\u015f\u0259c\u0259k. Kallas xarici i\u015fl\u0259r naziri Ceyhun Bayramovla da g\u00f6r\u00fc\u015f\u0259c\u0259k. G\u00f6r\u00fc\u015fd\u0259n sonra m\u0259tbuat konfrans\u0131 ke\u00e7iril\u0259c\u0259k.","_links":{"self":[{"href":"https:\/\/arantv.az\/index.php?rest_route=\/wp\/v2\/posts\/801913"}],"collection":[{"href":"https:\/\/arantv.az\/index.php?rest_route=\/wp\/v2\/posts"}],"about":[{"href":"https:\/\/arantv.az\/index.php?rest_route=\/wp\/v2\/types\/post"}],"author":[{"embeddable":true,"href":"https:\/\/arantv.az\/index.php?rest_route=\/wp\/v2\/users\/2"}],"replies":[{"embeddable":true,"href":"https:\/\/arantv.az\/index.php?rest_route=%2Fwp%2Fv2%2Fcomments&post=801913"}],"version-history":[{"count":2,"href":"https:\/\/arantv.az\/index.php?rest_route=\/wp\/v2\/posts\/801913\/revisions"}],"predecessor-version":[{"id":801916,"href":"https:\/\/arantv.az\/index.php?rest_route=\/wp\/v2\/posts\/801913\/revisions\/801916"}],"wp:featuredmedia":[{"embeddable":true,"href":"https:\/\/arantv.az\/index.php?rest_route=\/wp\/v2\/media\/801914"}],"wp:attachment":[{"href":"https:\/\/arantv.az\/index.php?rest_route=%2Fwp%2Fv2%2Fmedia&parent=801913"}],"wp:term":[{"taxonomy":"category","embeddable":true,"href":"https:\/\/arantv.az\/index.php?rest_route=%2Fwp%2Fv2%2Fcategories&post=801913"},{"taxonomy":"post_tag","embeddable":true,"href":"https:\/\/arantv.az\/index.php?rest_route=%2Fwp%2Fv2%2Ftags&post=801913"}],"curies":[{"name":"wp","href":"https:\/\/api.w.org\/{rel}","templated":true}]}}